{"id":6516,"date":"2022-05-20T21:36:28","date_gmt":"2022-05-20T21:36:28","guid":{"rendered":"http:\/\/kostolna.fara.sk\/?p=6516"},"modified":"2022-05-20T21:36:28","modified_gmt":"2022-05-20T21:36:28","slug":"farske-oznamy-a-zamyslenie-22-05-2022","status":"publish","type":"post","link":"https:\/\/www.farakostolna.sk\/?p=6516","title":{"rendered":"Farsk\u00e9 oznamy a zamyslenie (22.05.2022)"},"content":{"rendered":"\n\t\t\t\t\n\t\t\t\t\n<div class=\"wp-block-image\"><figure class=\"alignleft is-resized\"><img loading=\"lazy\" decoding=\"async\" src=\"https:\/\/www.farakostolna.sk\/wp-content\/uploads\/2022\/05\/WhatsApp-Image-2022-05-20-at-11.17.43-PM-1-1024x683.jpeg\" alt=\"\" class=\"wp-image-6517\" width=\"405\" height=\"270\"\/><\/figure><\/div>\n\n\n\n<p>Mnoh\u00ed ste u\u017e d\u00e1vno skon\u010dili form\u00e1ciu v \u0161kole. Je\u017ei\u0161 n\u00e1m v\u0161ak d\u00e1va U\u010dite\u013ea, ktor\u00fd n\u00e1s nau\u010d\u00ed viac, ako si vieme predstavi\u0165. Pod\u013ea sv\u00e4t\u00e9ho Serafima Sarovsk\u00e9ho je dokonca cie\u013eom kres\u0165ansk\u00e9ho \u017eivota z\u00edskanie Ducha Sv\u00e4t\u00e9ho. Modlitba je to, \u010do Ho najviac pri\u0165ahuje. Nev\u00e1hajme a za\u010dnime osobnou modlitbou.<\/p>\n\n\n<p><!--more--><\/p>\n\n\n<p><strong>Sv\u00e4t\u00e9 om\u0161e u n\u00e1s:<\/strong><\/p>\n\n\n\n<p><strong>sobota \u2013 21. m\u00e1ja (s nede\u013enou platnos\u0165ou)<\/strong><\/p>\n\n\n\n<ul class=\"wp-block-list\"><li><strong>17:00 \u2013 Hrub\u00e1 Bor\u0161a \u2013 (slov.\/ma\u010f.)<\/strong><\/li><li><strong>18:00 \u2013 Kostoln\u00e1 \u2013 (slov.)<\/strong><\/li><\/ul>\n\n\n\n<p><strong>nede\u013ea \u2013 22. m\u00e1ja <\/strong><\/p>\n\n\n\n<ul class=\"wp-block-list\"><li><strong>8:00 \u2013 Hrub\u00fd \u0160\u00far \u2013 (ma\u010f.)<\/strong><\/li><li><strong>9:30 \u2013 Kostoln\u00e1 \u2013 (ma\u010f.)<\/strong><\/li><li><strong>11:00 \u2013 Kostoln\u00e1 \u2013 (slov.)<\/strong><\/li><\/ul>\n\n\n\n<p>V t\u00fato nede\u013eu pre priazniv\u00e9 po\u010dasie bud\u00fa sv\u00e4t\u00e9 om\u0161e (9:30 a 11:00) pod pr\u00edstre\u0161kom na farskom dvore. V\u0161etci ste srde\u010dne v\u00edtan\u00ed! <\/p>\n\n\n\n<p><strong>Vo \u0161tvrtok je cirkevne prik\u00e1zan\u00fd sviatok Nanebovst\u00fapenia P\u00e1na (18:00 ma\u010f., 19:00 slov.), sv\u00e4t\u00e9 om\u0161e bud\u00fa s platnos\u0165ou u\u017e aj v stredu ve\u010der (18:00 ma\u010f., 19:00 slov.). <\/strong><\/p>\n\n\n\n<p>Tento t\u00fd\u017ede\u0148 bude v Kostolnej ador\u00e1cia v utorok, stredu, \u0161tvrtok a piatok v\u017edy od 17:00 do 18:00.<\/p>\n\n\n\n<p>Sviatos\u0165 zmierenia pon\u00fakam tento t\u00fd\u017ede\u0148 v\u00fdnimo\u010dne len v utorok od 17:00 do 18:00. <\/p>\n\n\n\n<p>O t\u00fd\u017ede\u0148 je vo v\u0161etk\u00fdch kostoloch zbierka na katol\u00edcke masm\u00e9di\u00e1. <\/p>\n\n\n\n<p>V ka\u017ed\u00fa sobotu rob\u00edme potravinov\u00fa zbierku v\u017edy od 10:00 do 12:00 na farskom dvore v Kostolnej pod\u013ea aktu\u00e1lneho zoznamu. T\u00ed, ktor\u00ed sa rozhodnete prispie\u0165 finan\u010dne cez farsk\u00fd \u00fa\u010det SK28 0900 0000 0050 2969 7043, uve\u010fte \u201ePOMOC PRE OD\u00cdDENCOV\u201c. \u010eakujeme za ka\u017ed\u00fa pomoc. <\/p>\n\n\n\n<p>S \u00factou, <br>Pavol Gajdo\u0161, v\u00e1\u0161 far\u00e1r<\/p>\n\t\t\t\t","protected":false},"excerpt":{"rendered":"<p>Mnoh\u00ed ste u\u017e d\u00e1vno skon\u010dili form\u00e1ciu v \u0161kole. Je\u017ei\u0161 n\u00e1m v\u0161ak d\u00e1va U\u010dite\u013ea, ktor\u00fd n\u00e1s nau\u010d\u00ed viac, ako si vieme predstavi\u0165. Pod\u013ea sv\u00e4t\u00e9ho Serafima Sarovsk\u00e9ho je dokonca cie\u013eom kres\u0165ansk\u00e9ho \u017eivota z\u00edskanie Ducha Sv\u00e4t\u00e9ho. Modlitba je to, \u010do Ho najviac pri\u0165ahuje. Nev\u00e1hajme a za\u010dnime osobnou modlitbou.<\/p>\n","protected":false},"author":7,"featured_media":6517,"comment_status":"closed","ping_status":"closed","sticky":false,"template":"","format":"standard","meta":{"footnotes":""},"categories":[13],"tags":[],"class_list":{"0":"entry","1":"post","2":"publish","3":"author-slado89gmail-com","4":"has-excerpt","5":"has-more-link","6":"post-6516","8":"format-standard","9":"has-post-thumbnail","10":"category-oznamy"},"_links":{"self":[{"href":"https:\/\/www.farakostolna.sk\/index.php?rest_route=\/wp\/v2\/posts\/6516","targetHints":{"allow":["GET"]}}],"collection":[{"href":"https:\/\/www.farakostolna.sk\/index.php?rest_route=\/wp\/v2\/posts"}],"about":[{"href":"https:\/\/www.farakostolna.sk\/index.php?rest_route=\/wp\/v2\/types\/post"}],"author":[{"embeddable":true,"href":"https:\/\/www.farakostolna.sk\/index.php?rest_route=\/wp\/v2\/users\/7"}],"replies":[{"embeddable":true,"href":"https:\/\/www.farakostolna.sk\/index.php?rest_route=%2Fwp%2Fv2%2Fcomments&post=6516"}],"version-history":[{"count":0,"href":"https:\/\/www.farakostolna.sk\/index.php?rest_route=\/wp\/v2\/posts\/6516\/revisions"}],"wp:featuredmedia":[{"embeddable":true,"href":"https:\/\/www.farakostolna.sk\/index.php?rest_route=\/"}],"wp:attachment":[{"href":"https:\/\/www.farakostolna.sk\/index.php?rest_route=%2Fwp%2Fv2%2Fmedia&parent=6516"}],"wp:term":[{"taxonomy":"category","embeddable":true,"href":"https:\/\/www.farakostolna.sk\/index.php?rest_route=%2Fwp%2Fv2%2Fcategories&post=6516"},{"taxonomy":"post_tag","embeddable":true,"href":"https:\/\/www.farakostolna.sk\/index.php?rest_route=%2Fwp%2Fv2%2Ftags&post=6516"}],"curies":[{"name":"wp","href":"https:\/\/api.w.org\/{rel}","templated":true}]}}