{"id":6503,"date":"2022-05-13T21:48:53","date_gmt":"2022-05-13T21:48:53","guid":{"rendered":"http:\/\/kostolna.fara.sk\/?p=6503"},"modified":"2022-05-13T21:48:53","modified_gmt":"2022-05-13T21:48:53","slug":"farske-oznamy-a-zamyslenie-15-05-2022","status":"publish","type":"post","link":"https:\/\/www.farakostolna.sk\/?p=6503","title":{"rendered":"Farsk\u00e9 oznamy a zamyslenie (15.05.2022)"},"content":{"rendered":"\n\t\t\t\t\n\t\t\t\t\n<div class=\"wp-block-image\"><figure class=\"aligncenter is-resized\"><img loading=\"lazy\" decoding=\"async\" src=\"https:\/\/www.farakostolna.sk\/wp-content\/uploads\/2022\/05\/WhatsApp-Image-2022-05-13-at-11.00.39-PM-1-1024x811.jpeg\" alt=\"\" class=\"wp-image-6504\" width=\"600\" height=\"475\"\/><\/figure><\/div>\n\n\n\n<p>Svet sa to\u010d\u00ed okolo novoty &#8211; nov\u00e9 spr\u00e1vy, auto, byt, telef\u00f3n,\u2026 Je\u017ei\u0161 m\u00e1 pre n\u00e1s ale ove\u013ea v\u00e4\u010d\u0161iu novinku &#8211; prik\u00e1zanie l\u00e1sky. Ak ho napln\u00edme, tak Boh bude aj cez n\u00e1s osl\u00e1ven\u00fd.<\/p>\n\n\n<p><!--more--><\/p>\n\n\n<p><strong>Sv\u00e4t\u00e9 om\u0161e u n\u00e1s:<\/strong><\/p>\n\n\n\n<p><strong>sobota \u2013 14. m\u00e1ja (s nede\u013enou platnos\u0165ou)<\/strong><\/p>\n\n\n\n<ul class=\"wp-block-list\"><li><strong>17:00 \u2013 Hrub\u00e1 Bor\u0161a \u2013 (slov.\/ma\u010f.)<\/strong><\/li><li><strong>18:00 \u2013 Kostoln\u00e1 \u2013 (slov.)<\/strong><\/li><\/ul>\n\n\n\n<p><strong>nede\u013ea \u2013 15. m\u00e1ja <\/strong><\/p>\n\n\n\n<ul class=\"wp-block-list\"><li><strong>8:00 \u2013 Hrub\u00fd \u0160\u00far \u2013 (ma\u010f.)<\/strong><\/li><li><strong>9:30 \u2013 Kostoln\u00e1 \u2013 (ma\u010f.)<\/strong><\/li><li><strong>11:00 \u2013 Kostoln\u00e1 \u2013 (slov.)<\/strong><\/li><\/ul>\n\n\n\n<p><span style=\"color:red\"><b>Teraz v nede\u013eu o 11:00 bude sv\u00e4t\u00e1 om\u0161a pod pr\u00edstre\u0161kom vonku na farskom dvore. Srde\u010dne V\u00c1S v\u0161etk\u00fdch poz\u00fdvam!<\/b><\/span><\/p>\n\n\n\n<p>V stredu o 18:00 bude sv\u00e4t\u00e1 om\u0161a so zrete\u013eom na deti v slovenskom jazyku.<\/p>\n\n\n\n<p>Tento t\u00fd\u017ede\u0148 bude ador\u00e1cia v utorok, stredu, \u0161tvrtok a piatok v\u017edy od 17:00 do 18:00.<\/p>\n\n\n\n<p>Sviatos\u0165 zmierenia pon\u00fakam v utorok, stredu a \u0161tvrtok od 17:00 do 18:00. <\/p>\n\n\n\n<p>Teraz v piatok po sv\u00e4tej om\u0161i v slovenskom jazyku o 19:30 bude Modlitba chv\u00e1l za doprovodu spevu a hudobn\u00fdch n\u00e1strojov. Srde\u010dne v\u00e1s v\u0161etk\u00fdch poz\u00fdvame.<\/p>\n\n\n\n<p>Minulot\u00fd\u017ed\u0148ov\u00e1 zbierka na semin\u00e1r vyniesla v na\u0161ej farnosti spolu 779 \u20ac. Tento v\u00edkend je pravideln\u00e1 mesa\u010dn\u00e1 zbierka na opravu farsk\u00e9ho kostola a prev\u00e1dzkov\u00e9 n\u00e1klady farnosti. Vopred \u010fakujeme. <\/p>\n\n\n\n<p>V ka\u017ed\u00fa sobotu rob\u00edme potravinov\u00fa zbierku v\u017edy od 10:00 do 12:00 na farskom dvore v Kostolnej pod\u013ea aktu\u00e1lneho zoznamu. T\u00ed, ktor\u00ed sa rozhodnete prispie\u0165 finan\u010dne cez farsk\u00fd \u00fa\u010det SK28 0900 0000 0050 2969 7043, uve\u010fte \u201ePOMOC PRE OD\u00cdDENCOV\u201c. \u010eakujeme za ka\u017ed\u00fa pomoc. <\/p>\n\n\n\n<p>S \u00factou, <br>Pavol Gajdo\u0161, v\u00e1\u0161 far\u00e1r<\/p>\n\t\t\t\t","protected":false},"excerpt":{"rendered":"<p>Svet sa to\u010d\u00ed okolo novoty &#8211; nov\u00e9 spr\u00e1vy, auto, byt, telef\u00f3n,\u2026 Je\u017ei\u0161 m\u00e1 pre n\u00e1s ale ove\u013ea v\u00e4\u010d\u0161iu novinku &#8211; prik\u00e1zanie l\u00e1sky. Ak ho napln\u00edme, tak Boh bude aj cez n\u00e1s osl\u00e1ven\u00fd.<\/p>\n","protected":false},"author":7,"featured_media":6504,"comment_status":"closed","ping_status":"closed","sticky":false,"template":"","format":"standard","meta":{"footnotes":""},"categories":[13],"tags":[],"class_list":{"0":"entry","1":"post","2":"publish","3":"author-slado89gmail-com","4":"has-excerpt","5":"has-more-link","6":"post-6503","8":"format-standard","9":"has-post-thumbnail","10":"category-oznamy"},"_links":{"self":[{"href":"https:\/\/www.farakostolna.sk\/index.php?rest_route=\/wp\/v2\/posts\/6503","targetHints":{"allow":["GET"]}}],"collection":[{"href":"https:\/\/www.farakostolna.sk\/index.php?rest_route=\/wp\/v2\/posts"}],"about":[{"href":"https:\/\/www.farakostolna.sk\/index.php?rest_route=\/wp\/v2\/types\/post"}],"author":[{"embeddable":true,"href":"https:\/\/www.farakostolna.sk\/index.php?rest_route=\/wp\/v2\/users\/7"}],"replies":[{"embeddable":true,"href":"https:\/\/www.farakostolna.sk\/index.php?rest_route=%2Fwp%2Fv2%2Fcomments&post=6503"}],"version-history":[{"count":0,"href":"https:\/\/www.farakostolna.sk\/index.php?rest_route=\/wp\/v2\/posts\/6503\/revisions"}],"wp:featuredmedia":[{"embeddable":true,"href":"https:\/\/www.farakostolna.sk\/index.php?rest_route=\/"}],"wp:attachment":[{"href":"https:\/\/www.farakostolna.sk\/index.php?rest_route=%2Fwp%2Fv2%2Fmedia&parent=6503"}],"wp:term":[{"taxonomy":"category","embeddable":true,"href":"https:\/\/www.farakostolna.sk\/index.php?rest_route=%2Fwp%2Fv2%2Fcategories&post=6503"},{"taxonomy":"post_tag","embeddable":true,"href":"https:\/\/www.farakostolna.sk\/index.php?rest_route=%2Fwp%2Fv2%2Ftags&post=6503"}],"curies":[{"name":"wp","href":"https:\/\/api.w.org\/{rel}","templated":true}]}}