{"id":6496,"date":"2022-05-12T21:37:29","date_gmt":"2022-05-12T21:37:29","guid":{"rendered":"http:\/\/kostolna.fara.sk\/?p=6496"},"modified":"2022-05-12T21:37:29","modified_gmt":"2022-05-12T21:37:29","slug":"pomoc-pre-rodiny-z-ukrajiny-12-05-2022","status":"publish","type":"post","link":"https:\/\/www.farakostolna.sk\/?p=6496","title":{"rendered":"Pomoc pre rodiny z Ukrajiny (12.05.2022)"},"content":{"rendered":"\n\t\t\t\t\n\t\t\t\t\n<div class=\"wp-block-image\"><figure class=\"alignleft is-resized\"><img loading=\"lazy\" decoding=\"async\" src=\"https:\/\/www.farakostolna.sk\/wp-content\/uploads\/2022\/05\/WhatsApp-Image-2022-05-12-at-11.06.55-PM-3-2-1-768x1024.jpeg\" alt=\"\" class=\"wp-image-6497\" width=\"426\" height=\"568\"\/><\/figure><\/div>\n\n\n\n<p>Drah\u00ed na\u0161i farn\u00edci, priatelia! Tento t\u00fd\u017ede\u0148 sme dostali po\u010fakovanie z BRATISLAVSKEJ ARCIDIEC\u00c9ZNEJ CHARITY za pomoc a nezi\u0161tn\u00fa slu\u017ebu, ktor\u00fa prejavujeme ukrajinsk\u00fdm rodin\u00e1m. Po\u010fakovanie patr\u00ed v\u0161etk\u00fdm v\u00e1m, ktor\u00fd pom\u00e1hate a prin\u00e1\u0161ate tak potrebn\u00fa materi\u00e1lnu pomoc a tak tvor\u00edte s\u00fa\u010das\u0165 na\u0161ej Farskej charity (rodiny).<\/p>\n\n\n<p><!--more--><\/p>\n\n\n<p>Pomoc vo forme potrav\u00edn priniesli aj priamo zamestnanci Arcidiec\u00e9znej charity, ktor\u00e1 pom\u00e1ha Ukrajincom v r\u00e1mci mo\u017enost\u00ed v celej Bratislavskej arcidiec\u00e9ze. <\/p>\n\n\n\n<p>Tento t\u00fd\u017ede\u0148 sme prispeli aj sumou 200 \u20ac na zabezpe\u010denie \u0161peci\u00e1lneho voz\u00edka na podporu ch\u00f4dze pre 9-ro\u010dn\u00e9ho Ukrajinsk\u00e9ho chlapca s epilepsiou, ktor\u00e9ho m\u00e1me ubytovan\u00e9ho v Bohu zn\u00e1mej rodine v Hrubom \u0160\u00fare. <br><\/p>\n\n\n\n<p>Podarilo sa n\u00e1m v\u010faka ponuk\u00e1m a osvete, ktor\u00fa rob\u00edte, zamestna\u0165 \u010fal\u0161ie \u017eeny a da\u0165 im tak mo\u017enos\u0165 postavi\u0165 sa na vlastn\u00e9 nohy. St\u00e1le ale m\u00e1me \u013eud\u00ed, ktor\u00ed nem\u00f4\u017eu necha\u0165 deti sam\u00e9 a s\u00fa odk\u00e1zan\u00ed na na\u0161u pomoc. Nikto nevie \u010do n\u00e1s v \u010fal\u0161ie mesiace \u010dak\u00e1, no nepresta\u0148me prejavova\u0165 l\u00e1sku, nepresta\u0148me d\u00f4verova\u0165 Bohu.<\/p>\n\n\n\n<p>S\u00e1m P\u00e1n n\u00e1s povzbudzuje takto: <strong>Nebu\u010fte teda ustarosten\u00ed a nehovorte: \u00bb\u010co budeme jes\u0165?\u00ab alebo: \u00bb\u010co budeme pi\u0165?\u00ab alebo: \u00bb\u010co si oble\u010dieme?\u00ab Ve\u010f po tomto v\u0161etkom sa zh\u00e1\u0148aj\u00fa pohania. V\u00e1\u0161 nebesk\u00fd Otec predsa vie, \u017ee toto v\u0161etko potrebujete. H\u013eadajte teda najprv Bo\u017eie kr\u00e1\u013eovstvo a jeho spravodlivos\u0165 a toto v\u0161etko dostanete navy\u0161e. Preto nebu\u010fte ustarosten\u00ed o zajtraj\u0161ok; zajtraj\u0161\u00ed de\u0148 sa postar\u00e1 s\u00e1m o seba. Ka\u017ed\u00fd de\u0148 m\u00e1 dos\u0165 svojho tr\u00e1penia. (Mt 6, 31-34) <\/strong><\/p>\n\n\n\n<p>Tento t\u00fd\u017ede\u0148 potrebujeme:<\/p>\n\n\n\n<p><strong>POTRAVINY<br> \u2022 maslo<br> \u2022 vaj\u00ed\u010dka <br> \u2022 olej<br> \u2022 cukor<br> \u2022 k\u00e1va<br> \u2022 kuracie m\u00e4so<br> \u2022 ryby v konzerve <br> \u2022 sal\u00e1my<br> \u2022 syry<br> \u2022 cornflexi<br> \u2022 granko<br> \u2022 ban\u00e1ny<br> \u2022 paprika, paradajky, uhorky<br> \u2022 jogurty<br> \u2022 smotana na varenie<\/strong><\/p>\n\n\n\n<p><strong>DROG\u00c9RIA<br> \u2022 toaletn\u00fd papier<br> \u2022 pr\u00e1\u0161ok na pranie<br> \u2022 v\u00f4ne do WC<br> \u2022 jar<br> \u2022 \u010disti\u010d na podlahu<br> \u2022 kapsule do um\u00fdva\u010dky riadu <br> \u2022 tekut\u00e9 mydlo<br> \u2022 zubn\u00e9 pasty<br> \u2022 antiperspirant<\/strong><\/p>\n\n\n\n<p>Zbierka bude <span style=\"color:red\"><b>v sobotu (14.5.) od 10:00 do 12:00<\/b><\/span> v Kostolnej na farskom dvore.<\/p>\n\n\n\n<p>T\u00ed, ktor\u00ed sa rozhodnete prispie\u0165 finan\u010dne cez farsk\u00fd \u00fa\u010det SK28 0900 0000 0050 2969 7043, uve\u010fte pros\u00edm do pozn\u00e1mky: &#8220;Pomoc pre od\u00eddencov.&#8221;<\/p>\n\n\n\n<p>Ve\u013ek\u00e1 v\u010faka za ka\u017ed\u00fa nezi\u0161tn\u00fa a konkr\u00e9tnu pomoc.<br><\/p>\n\n\n\n<p>S \u00factou, <br>Pavol Gajdo\u0161, v\u00e1\u0161 far\u00e1r<\/p>\n\n\n\n<div class=\"wp-block-image\"><figure class=\"aligncenter\"><img decoding=\"async\" src=\"https:\/\/www.farakostolna.sk\/wp-content\/uploads\/2022\/05\/WhatsApp-Image-2022-05-12-at-11.06.55-PM-3-462x1024.jpeg\" alt=\"\" class=\"wp-image-6498\"\/><\/figure><\/div>\n\n\n\n<div class=\"wp-block-image\"><figure class=\"aligncenter\"><img decoding=\"async\" src=\"https:\/\/www.farakostolna.sk\/wp-content\/uploads\/2022\/05\/WhatsApp-Image-2022-05-12-at-11.06.55-PM-3-1-1-768x1024.jpeg\" alt=\"\" class=\"wp-image-6499\"\/><\/figure><\/div>\n\t\t\t\t","protected":false},"excerpt":{"rendered":"<p>Drah\u00ed na\u0161i farn\u00edci, priatelia! Tento t\u00fd\u017ede\u0148 sme dostali po\u010fakovanie z BRATISLAVSKEJ ARCIDIEC\u00c9ZNEJ CHARITY za pomoc a nezi\u0161tn\u00fa slu\u017ebu, ktor\u00fa prejavujeme ukrajinsk\u00fdm rodin\u00e1m. Po\u010fakovanie patr\u00ed v\u0161etk\u00fdm v\u00e1m, ktor\u00fd pom\u00e1hate a prin\u00e1\u0161ate tak potrebn\u00fa materi\u00e1lnu pomoc a tak tvor\u00edte s\u00fa\u010das\u0165 na\u0161ej Farskej charity (rodiny).<\/p>\n","protected":false},"author":7,"featured_media":6497,"comment_status":"closed","ping_status":"closed","sticky":false,"template":"","format":"standard","meta":{"footnotes":""},"categories":[1],"tags":[],"class_list":{"0":"entry","1":"post","2":"publish","3":"author-slado89gmail-com","4":"has-excerpt","5":"has-more-link","6":"post-6496","8":"format-standard","9":"has-post-thumbnail","10":"category-uncategorized"},"_links":{"self":[{"href":"https:\/\/www.farakostolna.sk\/index.php?rest_route=\/wp\/v2\/posts\/6496","targetHints":{"allow":["GET"]}}],"collection":[{"href":"https:\/\/www.farakostolna.sk\/index.php?rest_route=\/wp\/v2\/posts"}],"about":[{"href":"https:\/\/www.farakostolna.sk\/index.php?rest_route=\/wp\/v2\/types\/post"}],"author":[{"embeddable":true,"href":"https:\/\/www.farakostolna.sk\/index.php?rest_route=\/wp\/v2\/users\/7"}],"replies":[{"embeddable":true,"href":"https:\/\/www.farakostolna.sk\/index.php?rest_route=%2Fwp%2Fv2%2Fcomments&post=6496"}],"version-history":[{"count":0,"href":"https:\/\/www.farakostolna.sk\/index.php?rest_route=\/wp\/v2\/posts\/6496\/revisions"}],"wp:featuredmedia":[{"embeddable":true,"href":"https:\/\/www.farakostolna.sk\/index.php?rest_route=\/"}],"wp:attachment":[{"href":"https:\/\/www.farakostolna.sk\/index.php?rest_route=%2Fwp%2Fv2%2Fmedia&parent=6496"}],"wp:term":[{"taxonomy":"category","embeddable":true,"href":"https:\/\/www.farakostolna.sk\/index.php?rest_route=%2Fwp%2Fv2%2Fcategories&post=6496"},{"taxonomy":"post_tag","embeddable":true,"href":"https:\/\/www.farakostolna.sk\/index.php?rest_route=%2Fwp%2Fv2%2Ftags&post=6496"}],"curies":[{"name":"wp","href":"https:\/\/api.w.org\/{rel}","templated":true}]}}