{"id":6487,"date":"2022-05-06T21:18:30","date_gmt":"2022-05-06T21:18:30","guid":{"rendered":"http:\/\/kostolna.fara.sk\/?p=6487"},"modified":"2022-05-06T21:18:30","modified_gmt":"2022-05-06T21:18:30","slug":"farske-oznamy-a-zamyslenie-08-05-2022","status":"publish","type":"post","link":"https:\/\/www.farakostolna.sk\/?p=6487","title":{"rendered":"Farsk\u00e9 oznamy a zamyslenie (08.05.2022)"},"content":{"rendered":"\n\t\t\t\t\n\t\t\t\t\n<div class=\"wp-block-image\"><figure class=\"alignleft is-resized\"><img loading=\"lazy\" decoding=\"async\" src=\"https:\/\/www.farakostolna.sk\/wp-content\/uploads\/2022\/05\/WhatsApp-Image-2022-05-06-at-11.04.46-PM-1-1024x640.jpeg\" alt=\"\" class=\"wp-image-6488\" width=\"413\" height=\"259\"\/><\/figure><\/div>\n\n\n\n<p>Neviem, \u010di si to uvedomujeme, ale Je\u017ei\u0161 men\u00ed poh\u013ead na autoritu &#8211; tou je toti\u017e ten, ktor\u00fd sl\u00fa\u017ei. Talenty, ktor\u00e9 sme dostali, m\u00e1me d\u00e1va\u0165 do slu\u017eby in\u00fdm. Pre autority to plat\u00ed dvojn\u00e1sobne. Dok\u00e1\u017eeme rozozna\u0165 skuto\u010dn\u00e9 autority od t\u00fdch papierov\u00fdch? Vieme by\u0165 aj my autoritou? Ako si ju z\u00edskavame?<\/p>\n\n\n<p><!--more--><\/p>\n\n\n<p><strong>Sv\u00e4t\u00e9 om\u0161e u n\u00e1s:<\/strong><\/p>\n\n\n\n<p><strong>sobota \u2013 7. m\u00e1ja (s nede\u013enou platnos\u0165ou)<\/strong><\/p>\n\n\n\n<ul class=\"wp-block-list\"><li><strong>17:00 \u2013 Hrub\u00e1 Bor\u0161a \u2013 (slov.\/ma\u010f.)<\/strong><\/li><li><strong>18:00 \u2013 Kostoln\u00e1 \u2013 (slov.)<\/strong><\/li><\/ul>\n\n\n\n<p><strong>nede\u013ea \u2013 8. m\u00e1ja <\/strong><\/p>\n\n\n\n<ul class=\"wp-block-list\"><li><strong>8:00 \u2013 Hrub\u00fd \u0160\u00far \u2013 (ma\u010f.)<\/strong><\/li><li><strong>9:30 \u2013 Kostoln\u00e1 \u2013 (ma\u010f.)<\/strong><\/li><li><strong>11:00 \u2013 Kostoln\u00e1 \u2013 (slov.)<\/strong><\/li><\/ul>\n\n\n\n<p>V t\u00fato sobotu sme mali sviatos\u0165 birmovania v na\u0161ej farnosti s otcom biskupom Mons. Jozefom Ha\u013ekom. Chcem vyjadri\u0165 ve\u013ek\u00fa v\u010faku v\u0161etk\u00fdm, ktor\u00ed ak\u00fdmko\u013evek sp\u00f4sobom prispeli ku kr\u00e1snemu obradu.<\/p>\n\n\n\n<p>Ku D\u0148u Matiek (v t\u00fato nede\u013eu) vyprosujem v\u0161etk\u00fdm mami\u010dk\u00e1m ve\u013ea Bo\u017eieho po\u017eehnania. \u010eakujeme, \u017ee ste v \u017eivote prijali \u00falohy matky. \u010eakujeme za V\u00c1S!!! <br><\/p>\n\n\n\n<p>V stredu o 18:00 bude sv\u00e4t\u00e1 om\u0161a so zrete\u013eom na deti v ma\u010farskom jazyku.<\/p>\n\n\n\n<p>Tento t\u00fd\u017ede\u0148 bude ador\u00e1cia v stredu, \u0161tvrtok a piatok v\u017edy od 17:00 do 18:00.<\/p>\n\n\n\n<p>Sviatos\u0165 zmierenia pon\u00fakam v stredu a \u0161tvrtok od 17:00 do 18:00. <\/p>\n\n\n\n<p><strong>Tento v\u00edkend (nede\u013ea Dobr\u00e9ho Pastiera) je vo v\u0161etk\u00fdch kostoloch zbierka na semin\u00e1r. O t\u00fd\u017ede\u0148 bude pravideln\u00e1 mesa\u010dn\u00e1 zbierka na opravu farsk\u00e9ho kostola a prev\u00e1dzkov\u00e9 n\u00e1klady farnosti. Vopred \u010fakujeme. <\/strong><\/p>\n\n\n\n<p>V ka\u017ed\u00fa sobotu rob\u00edme potravinov\u00fa zbierku v\u017edy od 10:00 do 12:00 na farskom dvore v Kostolnej pod\u013ea aktu\u00e1lneho zoznamu. Akt\u00edvne pon\u00fakame potravinov\u00fa pomoc vy\u0161e 60-tim \u013eu\u010fom. Viac sa dozviete na farskej str\u00e1nke. T\u00ed, ktor\u00ed sa rozhodnete prispie\u0165 finan\u010dne cez farsk\u00fd \u00fa\u010det SK28 0900 0000 0050 2969 7043, uve\u010fte \u201ePOMOC PRE OD\u00cdDENCOV\u201c. \u010eakujeme za ka\u017ed\u00fa pomoc. <\/p>\n\n\n\n<p>S \u00factou, <br>Pavol Gajdo\u0161, v\u00e1\u0161 far\u00e1r<\/p>\n\t\t\t\t","protected":false},"excerpt":{"rendered":"<p>Neviem, \u010di si to uvedomujeme, ale Je\u017ei\u0161 men\u00ed poh\u013ead na autoritu &#8211; tou je toti\u017e ten, ktor\u00fd sl\u00fa\u017ei. Talenty, ktor\u00e9 sme dostali, m\u00e1me d\u00e1va\u0165 do slu\u017eby in\u00fdm. Pre autority to plat\u00ed dvojn\u00e1sobne. Dok\u00e1\u017eeme rozozna\u0165 skuto\u010dn\u00e9 autority od t\u00fdch papierov\u00fdch? Vieme by\u0165 aj my autoritou? Ako si ju z\u00edskavame?<\/p>\n","protected":false},"author":7,"featured_media":6488,"comment_status":"closed","ping_status":"closed","sticky":false,"template":"","format":"standard","meta":{"footnotes":""},"categories":[13],"tags":[],"class_list":{"0":"entry","1":"post","2":"publish","3":"author-slado89gmail-com","4":"has-excerpt","5":"has-more-link","6":"post-6487","8":"format-standard","9":"has-post-thumbnail","10":"category-oznamy"},"_links":{"self":[{"href":"https:\/\/www.farakostolna.sk\/index.php?rest_route=\/wp\/v2\/posts\/6487","targetHints":{"allow":["GET"]}}],"collection":[{"href":"https:\/\/www.farakostolna.sk\/index.php?rest_route=\/wp\/v2\/posts"}],"about":[{"href":"https:\/\/www.farakostolna.sk\/index.php?rest_route=\/wp\/v2\/types\/post"}],"author":[{"embeddable":true,"href":"https:\/\/www.farakostolna.sk\/index.php?rest_route=\/wp\/v2\/users\/7"}],"replies":[{"embeddable":true,"href":"https:\/\/www.farakostolna.sk\/index.php?rest_route=%2Fwp%2Fv2%2Fcomments&post=6487"}],"version-history":[{"count":0,"href":"https:\/\/www.farakostolna.sk\/index.php?rest_route=\/wp\/v2\/posts\/6487\/revisions"}],"wp:featuredmedia":[{"embeddable":true,"href":"https:\/\/www.farakostolna.sk\/index.php?rest_route=\/"}],"wp:attachment":[{"href":"https:\/\/www.farakostolna.sk\/index.php?rest_route=%2Fwp%2Fv2%2Fmedia&parent=6487"}],"wp:term":[{"taxonomy":"category","embeddable":true,"href":"https:\/\/www.farakostolna.sk\/index.php?rest_route=%2Fwp%2Fv2%2Fcategories&post=6487"},{"taxonomy":"post_tag","embeddable":true,"href":"https:\/\/www.farakostolna.sk\/index.php?rest_route=%2Fwp%2Fv2%2Ftags&post=6487"}],"curies":[{"name":"wp","href":"https:\/\/api.w.org\/{rel}","templated":true}]}}