{"id":6483,"date":"2022-05-06T17:39:25","date_gmt":"2022-05-06T17:39:25","guid":{"rendered":"http:\/\/kostolna.fara.sk\/?p=6483"},"modified":"2022-05-06T17:39:25","modified_gmt":"2022-05-06T17:39:25","slug":"sviatost-birmovania-7-5-2020-o-1030","status":"publish","type":"post","link":"https:\/\/www.farakostolna.sk\/?p=6483","title":{"rendered":"Sviatos\u0165 birmovania (7.5.2022 o 10:30)"},"content":{"rendered":"\n\t\t\t\t\n\t\t\t\t\n<div class=\"wp-block-image\"><figure class=\"alignleft is-resized\"><img loading=\"lazy\" decoding=\"async\" src=\"https:\/\/www.farakostolna.sk\/wp-content\/uploads\/2022\/05\/WhatsApp-Image-2022-05-06-at-6.19.10-PM-1-1.jpeg\" alt=\"\" class=\"wp-image-6484\" width=\"419\" height=\"310\"\/><\/figure><\/div>\n\n\n\n<p>Sviatos\u0165 birmovania je ve\u013ek\u00e1 udalos\u0165 pre cel\u00fa na\u0161u farnos\u0165. Po troch rokoch op\u00e4\u0165 pr\u00edde birmova\u0165 p\u00e1n biskup Mons. Jozef Ha\u013eko. Zo sk\u00fasenosti nepredpoklad\u00e1m dlh\u00fa liturgiu (cca 70 min\u00fat). Preto poz\u00fdvam na \u0148u \u00faplne V\u0160ETK\u00ddCH!<\/p>\n\n\n<p><!--more--><\/p>\n\n\n<p>Sv\u00e4t\u00e1 om\u0161a sa za\u010dne 10:30, ale je potrebn\u00e9 pr\u00eds\u0165 sk\u00f4r, aspo\u0148 15 min\u00fat pred za\u010diatkom, birmovanci najmenej 30 min\u00fat a t\u00ed, \u010do \u010d\u00edtaj\u00fa, spievaj\u00fa, kv\u00f4li n\u00e1cviku 60 min\u00fat pred za\u010diatkom.<\/p>\n\n\n\n<p>Parkovanie je mo\u017en\u00e9 na ve\u013ekom parkovisku pri m\u00fare smerom na Kr\u00e1\u013eov\u00fa, respekt\u00edve sa d\u00e1 parkova\u0165 odzadu aj na farskej z\u00e1hrade. Na samotnom farskom dvore, ani na pr\u00edstupovej cesti\u010dke, pros\u00edm, neparkujte.<\/p>\n\n\n\n<p>Hlavn\u00e9 lavice bud\u00fa v kostole vyhraden\u00e9 pre birmovancov a ich rodi\u010dov (ozna\u010den\u00e9 menovkami), na bokoch kostola m\u00f4\u017eu by\u0165 aj ostatn\u00ed. Takisto bud\u00fa pripraven\u00e9 lavi\u010dky aj pred kostolom a pod pr\u00edstre\u0161kom. Cel\u00fd are\u00e1l bude ozvu\u010den\u00fd.<\/p>\n\n\n\n<p>Pre lep\u0161ie pre\u017eitie liturgie s\u00fa k dispoz\u00edcii vytla\u010den\u00e9 texty s pies\u0148ami a samotn\u00fdm priebehom. Pre telo je pripraven\u00e1 voda v bareloch, f\u013ea\u0161kov\u00e1 voda a dve toalety.<\/p>\n\n\n\n<p>Dovo\u013eujem si v\u00e1s po\u017eiada\u0165 o to, aby ste po\u010das liturgie zbyto\u010dne neru\u0161ili celebranta, seba a ani ostatn\u00fdch foten\u00edm alebo podobn\u00fdm sp\u00f4sobom. Na zachytenie t\u00fdchto vz\u00e1cnych momentov je ur\u010den\u00fd profesion\u00e1lny fotograf, ktor\u00fd zachyt\u00ed v\u0161etky d\u00f4le\u017eit\u00e9 okamihy a vy sa m\u00f4\u017eete plne s\u00fastredi\u0165 na sl\u00e1venie.<\/p>\n\n\n\n<p>\u010eakujem za pochopenie<\/p>\n\n\n\n<p>S \u00factou, <br>Pavol Gajdo\u0161, v\u00e1\u0161 far\u00e1r <\/p>\n\t\t\t\t","protected":false},"excerpt":{"rendered":"<p>Sviatos\u0165 birmovania je ve\u013ek\u00e1 udalos\u0165 pre cel\u00fa na\u0161u farnos\u0165. Po troch rokoch op\u00e4\u0165 pr\u00edde birmova\u0165 p\u00e1n biskup Mons. Jozef Ha\u013eko. Zo sk\u00fasenosti nepredpoklad\u00e1m dlh\u00fa liturgiu (cca 70 min\u00fat). Preto poz\u00fdvam na \u0148u \u00faplne V\u0160ETK\u00ddCH!<\/p>\n","protected":false},"author":7,"featured_media":6484,"comment_status":"closed","ping_status":"closed","sticky":false,"template":"","format":"standard","meta":{"footnotes":""},"categories":[19],"tags":[],"class_list":{"0":"entry","1":"post","2":"publish","3":"author-slado89gmail-com","4":"has-excerpt","5":"has-more-link","6":"post-6483","8":"format-standard","9":"has-post-thumbnail","10":"category-sviatost-birmovania"},"_links":{"self":[{"href":"https:\/\/www.farakostolna.sk\/index.php?rest_route=\/wp\/v2\/posts\/6483","targetHints":{"allow":["GET"]}}],"collection":[{"href":"https:\/\/www.farakostolna.sk\/index.php?rest_route=\/wp\/v2\/posts"}],"about":[{"href":"https:\/\/www.farakostolna.sk\/index.php?rest_route=\/wp\/v2\/types\/post"}],"author":[{"embeddable":true,"href":"https:\/\/www.farakostolna.sk\/index.php?rest_route=\/wp\/v2\/users\/7"}],"replies":[{"embeddable":true,"href":"https:\/\/www.farakostolna.sk\/index.php?rest_route=%2Fwp%2Fv2%2Fcomments&post=6483"}],"version-history":[{"count":0,"href":"https:\/\/www.farakostolna.sk\/index.php?rest_route=\/wp\/v2\/posts\/6483\/revisions"}],"wp:featuredmedia":[{"embeddable":true,"href":"https:\/\/www.farakostolna.sk\/index.php?rest_route=\/"}],"wp:attachment":[{"href":"https:\/\/www.farakostolna.sk\/index.php?rest_route=%2Fwp%2Fv2%2Fmedia&parent=6483"}],"wp:term":[{"taxonomy":"category","embeddable":true,"href":"https:\/\/www.farakostolna.sk\/index.php?rest_route=%2Fwp%2Fv2%2Fcategories&post=6483"},{"taxonomy":"post_tag","embeddable":true,"href":"https:\/\/www.farakostolna.sk\/index.php?rest_route=%2Fwp%2Fv2%2Ftags&post=6483"}],"curies":[{"name":"wp","href":"https:\/\/api.w.org\/{rel}","templated":true}]}}