{"id":6458,"date":"2022-04-29T06:18:49","date_gmt":"2022-04-29T06:18:49","guid":{"rendered":"http:\/\/kostolna.fara.sk\/?p=6458"},"modified":"2022-04-29T06:18:49","modified_gmt":"2022-04-29T06:18:49","slug":"pomoc-pre-rodiny-z-ukrajiny-28-04-2022","status":"publish","type":"post","link":"https:\/\/www.farakostolna.sk\/?p=6458","title":{"rendered":"Pomoc pre rodiny z Ukrajiny (28.04.2022)"},"content":{"rendered":"\n\t\t\t\t\n\t\t\t\t\n<div class=\"wp-block-image\"><figure class=\"alignleft\"><img decoding=\"async\" src=\"https:\/\/www.farakostolna.sk\/wp-content\/uploads\/2022\/04\/WhatsApp-Image-2022-04-29-at-7.52.22-AM-1-1.jpeg\" alt=\"\" class=\"wp-image-6459\"\/><\/figure><\/div>\n\n\n\n<p>Drah\u00ed bratia a sestry alebo ak chcete kamar\u00e1ti, priaznivci, \u013eudia dobrej v\u00f4le, .. \ud83d\ude42<\/p>\n\n\n\n<p>Pomoc, ktor\u00fa nezi\u0161tne pon\u00fakate prin\u00e1\u0161an\u00edm potrav\u00edn je st\u00e1le tak potrebn\u00e1. Pomaly si &#8220;zvyk\u00e1me&#8221; na vojnu na Ukrajine, no st\u00e1le m\u00e1 hlb\u0161ie a ni\u010divej\u0161ie dopady na v\u0161etk\u00fdch n\u00e1s. T\u00ed najzranite\u013enej\u0161\u00ed s\u00fa medzi nami odk\u00e1zan\u00ed na na\u0161u \u0161tedros\u0165 &#8211; l\u00e1sku.<\/p>\n\n\n<p><!--more--><\/p>\n\n\n<p>Zo 76 \u013eud\u00ed, ktor\u00fdch evidujeme v r\u00e1mci na\u0161ej pomoci vo farnosti a okolia, ktor\u00ed sa akoko\u013evek nakontaktovali na n\u00e1s, akt\u00edvne prij\u00edma potravinov\u00fa pomoc 54 \u013eud\u00ed. O ostatn\u00fdch sa z ve\u013ekej \u010dasti staraj\u00fa rodinky, ktor\u00e9 ich maj\u00fa priamo doma v dom\u00e1cnosti. Ako keby si ich na ist\u00fd \u010das adoptovali a delia sa s nimi nie len o strechu nad hlavou. A o mnoh\u00fdch e\u0161te nevieme.. V prepo\u010dte na potraviny m\u00f4\u017eeme poveda\u0165,  t\u00fd\u017edenn\u00e1 potreba 54x mlieko, 54x maslo, at\u010f\u2026 Pri zozname potrav\u00edn sa sna\u017e\u00edme o aktualiz\u00e1ciu v\u017edy vo \u0161tvrtok ve\u010der, kedy re\u00e1lne vid\u00edme potrebu konkr\u00e9tnych produktov. Mnoh\u00e9 potraviny, drog\u00e9riu, \u0161atstvo a in\u00e9, si nakupuj\u00fa samozrejme sami. S\u00fa hrd\u00ed a nechc\u00fa by\u0165 na obtia\u017e. Nie je to pre nich prirodzen\u00e9 prij\u00edma\u0165 pomoc, preto sa sna\u017eia by\u0165 samostatn\u00ed a st\u00e1le s ve\u013ekou v\u010fakou prij\u00edmaj\u00fa pomoc. <\/p>\n\n\n\n<p>Okrem st\u00e1le \u017eivej potravinovej pomoci, sa podarilo, v\u00e4\u010d\u0161ine Ukrajincom zabezpe\u010di\u0165 aj pr\u00e1cu. \u010ci u\u017e brig\u00e1dne, na dohodu, pln\u00fd \u010di \u010diasto\u010dn\u00fd \u00fav\u00e4zok. Jedn\u00e1 sa zvy\u010dajne o manu\u00e1lnu &#8211; fyzick\u00fa \u010dinnos\u0165 za minim\u00e1lnu mzdu, ke\u010f\u017ee jazyk je pre mnoh\u00fdch st\u00e1le bari\u00e9ra. Ale aj v\u010faka tejto mo\u017enosti sa dar\u00ed ich zap\u00e1ja\u0165 akt\u00edvne do \u017eivota medzi nami.<\/p>\n\n\n\n<p>Faktom v\u0161ak je, \u017ee prv\u00e9 zaroben\u00e9 peniaze im pr\u00eddu v polovici m\u00e1ja. S nimi si ur\u010dite dopom\u00f4\u017eu k pre\u017eitiu, no domov im to nevynahrad\u00ed.<\/p>\n\n\n\n<p>Bojujeme e\u0161te so zdravotn\u00edctvom a \u0161kolstvom. S ubytovan\u00edm a papierova\u010dkami m\u00e1me na ist\u00fa dobu pokoj, aj ke\u010f v\u017edy sa nie\u010do vyskytne.<\/p>\n\n\n\n<p>Vst\u00e1va\u0165 ka\u017ed\u00e9 r\u00e1no s my\u0161lienkou,  ako doma, \u010di s\u00fa v\u0161etci na\u017eive, kedy sa vr\u00e1tim, \u010do bude \u010falej,\u2026 mus\u00ed by\u0165 ve\u013emi \u0165a\u017ek\u00e9. \u010eakujeme preto za ka\u017ed\u00fa pomoc, ktor\u00fa prin\u00e1\u0161ate. Je pokladom o ktorom hovor\u00ed Je\u017ei\u0161:<\/p>\n\n\n\n<p>&#8220;Nezhroma\u017e\u010fujte si poklady na zemi, kde ich mo\u013e a hrdza ni\u010dia a kde sa zlodeji dob\u00fdjaj\u00fa a kradn\u00fa. V nebi si zhroma\u017e\u010fujte poklady; tam ich neni\u010d\u00ed ani mo\u013e ani hrdza a tam sa zlodeji nedob\u00fdjaj\u00fa a nekradn\u00fa. Lebo kde je tvoj poklad, tam bude aj tvoje srdce.&#8221; (Mt 6, 19-21)<\/p>\n\n\n\n<p style=\"text-align:right\"><em>Za organiza\u010dn\u00fd t\u00edm a v mene v\u0161etk\u00fdch obdarovan\u00fdch<\/em><\/p>\n\n\n\n<hr class=\"wp-block-separator\"\/>\n\n\n\n<p>V t\u00fato <span style=\"color:red\"><strong>sobotu (30. apr\u00edla) od 10:00 do 12:00<\/strong><\/span>&nbsp;budeme op\u00e4\u0165 potrebova\u0165 doplni\u0165 z\u00e1soby potrav\u00edn a u\u017eito\u010dn\u00fdch vec\u00ed do skladu na farskom dvore v Kostolnej pri Dunaji. <\/p>\n\n\n\n<p><strong>POTRAVINY:<\/strong><br><strong> \u2022 ryby v konzerve <br> \u2022 kukurica<br> \u2022 hor\u010dica<br> \u2022 cukor<br> \u2022 \u0161pagety<br> \u2022 rezance do polievky<br> \u2022 sladkosti<br> \u2022 sirupy<br> \u2022 miner\u00e1lky<br> \u2022 mlieko<br> \u2022 ban\u00e1ny <br> \u2022 kysl\u00e9 uhorky, \u010dalam\u00e1da,  \u010derven\u00e1 repa,  <br> \u2022 zav\u00e1ran\u00e9 \u010dere\u0161ne<br> \u2022 paprika, paradajky, uhorky<br> \u2022 jogurty<br> \u2022 maslo<br> \u2022 vaj\u00ed\u010dka <br> \u2022 smotana na varenie<br> \u2022 buj\u00f3ny do polievky<br> \u2022 syry<br> \u2022 mlet\u00e9 m\u00e4so, kuracie m\u00e4so<\/strong><br><br><strong>DROG\u00c9RIA:<\/strong>  <br> \u2022 <strong>kuchynsk\u00e9 utierky<br> \u2022 hygienick\u00e9 vreckovky<br> \u2022 alobal <br> \u2022 kancel\u00e1rsky papier<br> \u2022 per\u00e1, fixky<\/strong><\/p>\n\n\n\n<p>Vopred ve\u013emi pekne \u010fakujeme za podporu a pomoc. V pr\u00edpade pouk\u00e1zania pe\u0148az\u00ed na farsk\u00fd \u00fa\u010det SK28 0900 0000 0050 2969 7043 do pozn\u00e1mky uve\u010fte \u201epomoc pre od\u00eddencov\u201c.<\/p>\n\n\n\n<p>S \u00factou,<br>Pavol Gajdo\u0161, v\u00e1\u0161 far\u00e1r<\/p>\n\t\t\t\t","protected":false},"excerpt":{"rendered":"<p>Drah\u00ed bratia a sestry alebo ak chcete kamar\u00e1ti, priaznivci, \u013eudia dobrej v\u00f4le, .. \ud83d\ude42 Pomoc, ktor\u00fa nezi\u0161tne pon\u00fakate prin\u00e1\u0161an\u00edm potrav\u00edn je st\u00e1le tak potrebn\u00e1. Pomaly si &#8220;zvyk\u00e1me&#8221; na vojnu na Ukrajine, no st\u00e1le m\u00e1 hlb\u0161ie a ni\u010divej\u0161ie dopady na v\u0161etk\u00fdch n\u00e1s. T\u00ed najzranite\u013enej\u0161\u00ed s\u00fa medzi nami odk\u00e1zan\u00ed na na\u0161u \u0161tedros\u0165 &#8211; l\u00e1sku.<\/p>\n","protected":false},"author":7,"featured_media":6459,"comment_status":"closed","ping_status":"closed","sticky":false,"template":"","format":"standard","meta":{"footnotes":""},"categories":[1],"tags":[],"class_list":{"0":"entry","1":"post","2":"publish","3":"author-slado89gmail-com","4":"has-excerpt","5":"has-more-link","6":"post-6458","8":"format-standard","9":"has-post-thumbnail","10":"category-uncategorized"},"_links":{"self":[{"href":"https:\/\/www.farakostolna.sk\/index.php?rest_route=\/wp\/v2\/posts\/6458","targetHints":{"allow":["GET"]}}],"collection":[{"href":"https:\/\/www.farakostolna.sk\/index.php?rest_route=\/wp\/v2\/posts"}],"about":[{"href":"https:\/\/www.farakostolna.sk\/index.php?rest_route=\/wp\/v2\/types\/post"}],"author":[{"embeddable":true,"href":"https:\/\/www.farakostolna.sk\/index.php?rest_route=\/wp\/v2\/users\/7"}],"replies":[{"embeddable":true,"href":"https:\/\/www.farakostolna.sk\/index.php?rest_route=%2Fwp%2Fv2%2Fcomments&post=6458"}],"version-history":[{"count":0,"href":"https:\/\/www.farakostolna.sk\/index.php?rest_route=\/wp\/v2\/posts\/6458\/revisions"}],"wp:featuredmedia":[{"embeddable":true,"href":"https:\/\/www.farakostolna.sk\/index.php?rest_route=\/"}],"wp:attachment":[{"href":"https:\/\/www.farakostolna.sk\/index.php?rest_route=%2Fwp%2Fv2%2Fmedia&parent=6458"}],"wp:term":[{"taxonomy":"category","embeddable":true,"href":"https:\/\/www.farakostolna.sk\/index.php?rest_route=%2Fwp%2Fv2%2Fcategories&post=6458"},{"taxonomy":"post_tag","embeddable":true,"href":"https:\/\/www.farakostolna.sk\/index.php?rest_route=%2Fwp%2Fv2%2Ftags&post=6458"}],"curies":[{"name":"wp","href":"https:\/\/api.w.org\/{rel}","templated":true}]}}