{"id":6418,"date":"2022-04-15T21:27:23","date_gmt":"2022-04-15T21:27:23","guid":{"rendered":"http:\/\/kostolna.fara.sk\/?p=6418"},"modified":"2022-04-15T21:27:23","modified_gmt":"2022-04-15T21:27:23","slug":"farske-oznamy-a-zamyslenie-17-04-2022","status":"publish","type":"post","link":"https:\/\/www.farakostolna.sk\/?p=6418","title":{"rendered":"Farsk\u00e9 oznamy a zamyslenie (17.04.2022)"},"content":{"rendered":"\n\t\t\t\t\n\t\t\t\t\n<div class=\"wp-block-image\"><figure class=\"aligncenter is-resized\"><img loading=\"lazy\" decoding=\"async\" src=\"https:\/\/www.farakostolna.sk\/wp-content\/uploads\/2022\/04\/WhatsApp-Image-2022-04-15-at-10.51.54-PM-1-1.jpeg\" alt=\"\" class=\"wp-image-6419\" width=\"647\" height=\"394\"\/><\/figure><\/div>\n\n\n\n<p>Pr\u00e1zdny Je\u017ei\u0161ov hrob je akoby br\u00e1na do Neba otvoren\u00e1 dokor\u00e1n. Nez\u00e1le\u017e\u00ed, \u010di k nej pribehneme ako prv\u00ed. D\u00f4le\u017eit\u00e9 je, aby sme uverili &#8211; nie v\u0161ak iba trochu, \u010di na chv\u00ed\u013eu, ale hlboko a natrvalo.<\/p>\n\n\n<p><!--more--><\/p>\n\n\n<p><strong>Sv\u00e4t\u00e9 om\u0161e u n\u00e1s:<\/strong><\/p>\n\n\n\n<p><strong>VIG\u00cdLIA VZKRIESENIA &#8211; sobota \u2013 16. apr\u00edla<\/strong><\/p>\n\n\n\n<ul class=\"wp-block-list\"><li><strong>19:30 \u2013 Kostoln\u00e1 \u2013 (slov.\/ma\u010f.\/lat.)<\/strong><\/li><\/ul>\n\n\n\n<p><strong>VE\u013dKONO\u010cN\u00c1 NEDE\u013dA \u2013 17. apr\u00edla <\/strong><\/p>\n\n\n\n<ul class=\"wp-block-list\"><li><strong>8:00 \u2013 Hrub\u00fd \u0160\u00far \u2013 (ma\u010f.)<\/strong><\/li><li><strong>9:30 \u2013 Kostoln\u00e1 \u2013 (ma\u010f.)<\/strong><\/li><li><strong>11:00 \u2013 Kostoln\u00e1 \u2013 (slov.)<\/strong><\/li><li><strong>17:00 \u2013 Hrub\u00e1 Bor\u0161a \u2013 (slov.\/ma\u010f.)<\/strong><\/li><\/ul>\n\n\n\n<p><strong>PONDELOK VO VE\u013dKONO\u010cNEJ OKT\u00c1VE <\/strong><\/p>\n\n\n\n<ul class=\"wp-block-list\"><li><strong>8:00 \u2013 Hrub\u00fd \u0160\u00far \u2013 (ma\u010f.)<\/strong><\/li><li><strong>9:30 \u2013 Kostoln\u00e1 \u2013 (ma\u010f.)<\/strong><\/li><li><strong>11:00 \u2013 Kostoln\u00e1 \u2013 (slov.)<\/strong><\/li><\/ul>\n\n\n\n<p>Na ve\u013ekono\u010dn\u00fa nede\u013eu poobede od 14:00 do 15:00 budem rozn\u00e1\u0161a\u0165 po domoch chor\u00fdm, ktor\u00ed sa nemohli z\u00fa\u010dastni\u0165 ve\u013ekono\u010dn\u00fdch bohoslu\u017eieb v kostole, \u017eiv\u00e9ho P\u00e1na Je\u017ei\u0161a v Eucharistii. <\/p>\n\n\n\n<p>Tento t\u00fd\u017ede\u0148 bude ador\u00e1cia v utorok, stredu, \u0161tvrtok a piatok v\u017edy od 17:00 do 18:00. V nede\u013eu Bo\u017eieho milosrdenstva bude o 15:00 korunka k Bo\u017eiemu milosrdenstvu v Kostolnej. <\/p>\n\n\n\n<p>Sviatos\u0165 zmierenia pon\u00fakam v utorok, stredu a \u0161tvrtok od 17:00 do 18:00. <\/p>\n\n\n\n<p>V stredu o 18:00 bude sv\u00e4t\u00e1 om\u0161a so zrete\u013eom na deti v slovenskom jazyku. <\/p>\n\n\n\n<p>V piatok po sv\u00e4tej om\u0161i v slovenskom jazyku bude v Kostolnej modlitba chv\u00e1l v sprievode hudobn\u00e9ho doprovodu. V\u0161etci sme pozvan\u00ed.<\/p>\n\n\n\n<p>Na bud\u00facu nede\u013eu m\u00e1me pravideln\u00fa mesa\u010dn\u00fa zbierku na opravu farsk\u00e9ho kostola a prev\u00e1dzkov\u00e9 n\u00e1klady farnosti. Vopred \u010fakujem. <\/p>\n\n\n\n<p>V t\u00fato nede\u013eu je ve\u013ekono\u010dn\u00e1 ofera. Vopred \u010fakujeme.<\/p>\n\n\n\n<p>Po oslave zm\u0155tvychvstania P\u00e1na (teraz v sobotu ve\u010der) v\u00e1\u0161 u\u017e tradi\u010dne v\u0161etk\u00fdch poz\u00fdvam na poh\u00e1rik Dobr\u00e9ho v\u00edna a deti, \u0161of\u00e9rov na chutn\u00fa malinovku pod pr\u00edstre\u0161ok na farskom dvore. <\/p>\n\n\n\n<p>S \u00factou, <br>Pavol Gajdo\u0161, v\u00e1\u0161 far\u00e1r<\/p>\n\t\t\t\t","protected":false},"excerpt":{"rendered":"<p>Pr\u00e1zdny Je\u017ei\u0161ov hrob je akoby br\u00e1na do Neba otvoren\u00e1 dokor\u00e1n. Nez\u00e1le\u017e\u00ed, \u010di k nej pribehneme ako prv\u00ed. D\u00f4le\u017eit\u00e9 je, aby sme uverili &#8211; nie v\u0161ak iba trochu, \u010di na chv\u00ed\u013eu, ale hlboko a natrvalo.<\/p>\n","protected":false},"author":7,"featured_media":6419,"comment_status":"closed","ping_status":"closed","sticky":false,"template":"","format":"standard","meta":{"footnotes":""},"categories":[13],"tags":[],"class_list":{"0":"entry","1":"post","2":"publish","3":"author-slado89gmail-com","4":"has-excerpt","5":"has-more-link","6":"post-6418","8":"format-standard","9":"has-post-thumbnail","10":"category-oznamy"},"_links":{"self":[{"href":"https:\/\/www.farakostolna.sk\/index.php?rest_route=\/wp\/v2\/posts\/6418","targetHints":{"allow":["GET"]}}],"collection":[{"href":"https:\/\/www.farakostolna.sk\/index.php?rest_route=\/wp\/v2\/posts"}],"about":[{"href":"https:\/\/www.farakostolna.sk\/index.php?rest_route=\/wp\/v2\/types\/post"}],"author":[{"embeddable":true,"href":"https:\/\/www.farakostolna.sk\/index.php?rest_route=\/wp\/v2\/users\/7"}],"replies":[{"embeddable":true,"href":"https:\/\/www.farakostolna.sk\/index.php?rest_route=%2Fwp%2Fv2%2Fcomments&post=6418"}],"version-history":[{"count":0,"href":"https:\/\/www.farakostolna.sk\/index.php?rest_route=\/wp\/v2\/posts\/6418\/revisions"}],"wp:featuredmedia":[{"embeddable":true,"href":"https:\/\/www.farakostolna.sk\/index.php?rest_route=\/"}],"wp:attachment":[{"href":"https:\/\/www.farakostolna.sk\/index.php?rest_route=%2Fwp%2Fv2%2Fmedia&parent=6418"}],"wp:term":[{"taxonomy":"category","embeddable":true,"href":"https:\/\/www.farakostolna.sk\/index.php?rest_route=%2Fwp%2Fv2%2Fcategories&post=6418"},{"taxonomy":"post_tag","embeddable":true,"href":"https:\/\/www.farakostolna.sk\/index.php?rest_route=%2Fwp%2Fv2%2Ftags&post=6418"}],"curies":[{"name":"wp","href":"https:\/\/api.w.org\/{rel}","templated":true}]}}