{"id":6400,"date":"2022-04-08T19:24:26","date_gmt":"2022-04-08T19:24:26","guid":{"rendered":"http:\/\/kostolna.fara.sk\/?p=6400"},"modified":"2022-04-08T19:24:26","modified_gmt":"2022-04-08T19:24:26","slug":"farske-oznamy-a-zamyslenie-10-04-2022","status":"publish","type":"post","link":"https:\/\/www.farakostolna.sk\/?p=6400","title":{"rendered":"Farsk\u00e9 oznamy a zamyslenie (10.04.2022)"},"content":{"rendered":"\n\t\t\t\t\n\t\t\t\t\n<div class=\"wp-block-image\"><figure class=\"alignleft is-resized\"><img loading=\"lazy\" decoding=\"async\" src=\"https:\/\/www.farakostolna.sk\/wp-content\/uploads\/2022\/04\/WhatsApp-Image-2022-04-08-at-9.17.44-PM-1-1024x683.jpeg\" alt=\"\" class=\"wp-image-6401\" width=\"439\" height=\"292\"\/><\/figure><\/div>\n\n\n\n<p>Presne tak\u00ed sme, raz kri\u010d\u00edme: \u201eHossanna!\u201c a inokedy: \u201eUkri\u017euj ho!\u201c. Ak n\u00e1s Boh uzdravuje, tak sme \u201epresved\u010den\u00ed\u201c kres\u0165ania, v opa\u010dnom pr\u00edpade sa skryjeme, bojkotujeme, \u010di dokonca bojujeme proti Nemu. Ale pr\u00e1ve toto je okamih na osobn\u00fd rast vo viere \u2013 vtedy, ke\u010f s\u00fa probl\u00e9my, sa vz\u0165ahy m\u00f4\u017eu preh\u013abi\u0165 \u2013 z\u00e1le\u017e\u00ed od toho, \u010di po\u010d\u00favneme kikir\u00edkaj\u00faceho koh\u00fata alebo nie.<\/p>\n\n\n<p><!--more--><\/p>\n\n\n<p><strong>Sv\u00e4t\u00e9 om\u0161e u n\u00e1s:<\/strong><\/p>\n\n\n\n<p><strong>sobota \u2013 9. apr\u00edla (s nede\u013enou platnos\u0165ou)<\/strong><\/p>\n\n\n\n<ul class=\"wp-block-list\"><li><strong>17:00 \u2013 Hrub\u00e1 Bor\u0161a \u2013 (slov.\/ma\u010f.)<\/strong><\/li><li><strong>18:00 \u2013 Kostoln\u00e1 \u2013 (slov.)<\/strong><\/li><\/ul>\n\n\n\n<p><strong>nede\u013ea \u2013 10. apr\u00edla <\/strong><\/p>\n\n\n\n<ul class=\"wp-block-list\"><li><strong>8:00 \u2013 Hrub\u00fd \u0160\u00far \u2013 (ma\u010f.)<\/strong><\/li><li><strong>9:30 \u2013 Kostoln\u00e1 \u2013 (ma\u010f.)<\/strong><\/li><li><strong>11:00 \u2013 Kostoln\u00e1 \u2013 (slov.)<\/strong><\/li><\/ul>\n\n\n\n<p><strong>Tento t\u00fd\u017ede\u0148 spoved\u00e1m e\u0161te v Kostolnej v pondelok a stredu od 17:00 do 18:00. Predve\u013ekono\u010dn\u00e9 vysluhovanie sviatosti zmierenia je e\u0161te napr. v nede\u013eu (10.4.) vo Ve\u013ekom Bieli od 15:30 do 17:00.<\/strong><\/p>\n\n\n\n<p>Pripom\u00ednam, \u017ee na Ve\u013ek\u00fd piatok n\u00e1s zav\u00e4zuje pr\u00edsny p\u00f4st. To znamen\u00e1, \u017ee sa zdr\u017eiavame m\u00e4sit\u00e9ho pokrmu! Dospel\u00ed (od 18 do 60 roku) jedia len 3x za de\u0148, z toho len raz do s\u00fdta.<\/p>\n\n\n\n<p>Sviatos\u0165 Olt\u00e1rna bude vystaven\u00e1 k poklone vo farskom kostole v Kostolnej na Bielu sobotu od 9:00 do 19:00 pod\u013ea rozpisu. Vyu\u017eite tento \u010das a pr\u00ed\u010fte sa st\u00ed\u0161i\u0165 v modlitbe do Bo\u017eieho chr\u00e1mu.  <\/p>\n\n\n\n<p>Na bielu sobotu o 11:00 budem po\u017eehn\u00e1va\u0165 pokrm, ktor\u00fd si m\u00f4\u017eete prinies\u0165 na po\u017eehnanie do farsk\u00e9ho kostola v ko\u0161\u00edkoch.<\/p>\n\n\n\n<p>V uplynul\u00fdch d\u0148och ste si mohli n\u00e1js\u0165 vo svojich po\u0161tov\u00fdch schr\u00e1nkach na\u0161e Farsk\u00e9 noviny &#8211; Mi \u00dajs\u00e1g?. T\u00fdmto \u00faprimne \u010fakujem v\u0161etk\u00fdm, ktor\u00ed sa na jeho tvorbe podie\u013eali a pomohli s jeho roznosen\u00edm. Svoj dobrovo\u013en\u00fd pr\u00edspevok m\u00f4\u017eete kedyko\u013evek vlo\u017ei\u0165 do pokladni\u010dky na noviny.<\/p>\n\n\n\n<p>T\u00ed, ktor\u00ed ste sa rozhodli darova\u0165 2 % z dan\u00ed na \u201eZdru\u017eenie Senec a okolie\u201c, z ktor\u00e9 vieme pou\u017ei\u0165 pri oprave farsk\u00e9ho kostola, pros\u00edm, aby ste po odoslan\u00ed dokladu na da\u0148ov\u00fd \u00farad, mi priniesli fotok\u00f3piu, aby sme si tieto prostriedky vedeli zo zdru\u017eenia n\u00e1rokova\u0165. \u010eakujem.<\/p>\n\n\n\n<p>Na bud\u00facu \u2013 ve\u013ekono\u010dn\u00fa nede\u013eu je ve\u013ekono\u010dn\u00e1 ofera. Vopred \u010fakujem.<\/p>\n\n\n\n<p>Minulot\u00fd\u017ed\u0148ov\u00e1 zbierka KBS na pomoc pre \u013eud\u00ed postihnut\u00fdch vojnou na Ukrajine vyniesla spolu 863,51 \u20ac. Z toho v Kostolnej 512,01 \u20ac, v Hrubom \u0160\u00fare 250 \u20ac a v Hrubej Bor\u0161i 101,50 \u20ac. Peniaze som preposlal e\u0161te v piatok na dan\u00fd \u00fa\u010det.<\/p>\n\n\n\n<p><strong>V ka\u017ed\u00fa sobotu rob\u00edme potravinov\u00fa zbierku v\u017edy od 10:00 do 12:00 na farskom dvore v Kostolnej pod\u013ea aktu\u00e1lneho zoznamu. T\u00ed, ktor\u00ed sa rozhodnete prispie\u0165 finan\u010dne cez farsk\u00fd \u00fa\u010det SK28 0900 0000 0050 2969 7043, uve\u010fte \u201ePOMOC PRE OD\u00cdDENCOV\u201c. \u010eakujeme. <\/strong><\/p>\n\n\n\n<p>S \u00factou, <br>Pavol Gajdo\u0161, v\u00e1\u0161 far\u00e1r<\/p>\n\t\t\t\t","protected":false},"excerpt":{"rendered":"<p>Presne tak\u00ed sme, raz kri\u010d\u00edme: \u201eHossanna!\u201c a inokedy: \u201eUkri\u017euj ho!\u201c. Ak n\u00e1s Boh uzdravuje, tak sme \u201epresved\u010den\u00ed\u201c kres\u0165ania, v opa\u010dnom pr\u00edpade sa skryjeme, bojkotujeme, \u010di dokonca bojujeme proti Nemu. Ale pr\u00e1ve toto je okamih na osobn\u00fd rast vo viere \u2013 vtedy, ke\u010f s\u00fa probl\u00e9my, sa vz\u0165ahy m\u00f4\u017eu preh\u013abi\u0165 \u2013 z\u00e1le\u017e\u00ed od toho, \u010di po\u010d\u00favneme kikir\u00edkaj\u00faceho &#8230; <span class=\"more\"><a class=\"more-link\" href=\"https:\/\/www.farakostolna.sk\/?p=6400\">[\u010c\u00edta\u0165 \u010falej&#8230;]<\/a><\/span><\/p>\n","protected":false},"author":7,"featured_media":6401,"comment_status":"closed","ping_status":"closed","sticky":false,"template":"","format":"standard","meta":{"footnotes":""},"categories":[13],"tags":[],"class_list":{"0":"entry","1":"post","2":"publish","3":"author-slado89gmail-com","4":"has-excerpt","5":"has-more-link","6":"post-6400","8":"format-standard","9":"has-post-thumbnail","10":"category-oznamy"},"_links":{"self":[{"href":"https:\/\/www.farakostolna.sk\/index.php?rest_route=\/wp\/v2\/posts\/6400","targetHints":{"allow":["GET"]}}],"collection":[{"href":"https:\/\/www.farakostolna.sk\/index.php?rest_route=\/wp\/v2\/posts"}],"about":[{"href":"https:\/\/www.farakostolna.sk\/index.php?rest_route=\/wp\/v2\/types\/post"}],"author":[{"embeddable":true,"href":"https:\/\/www.farakostolna.sk\/index.php?rest_route=\/wp\/v2\/users\/7"}],"replies":[{"embeddable":true,"href":"https:\/\/www.farakostolna.sk\/index.php?rest_route=%2Fwp%2Fv2%2Fcomments&post=6400"}],"version-history":[{"count":0,"href":"https:\/\/www.farakostolna.sk\/index.php?rest_route=\/wp\/v2\/posts\/6400\/revisions"}],"wp:featuredmedia":[{"embeddable":true,"href":"https:\/\/www.farakostolna.sk\/index.php?rest_route=\/"}],"wp:attachment":[{"href":"https:\/\/www.farakostolna.sk\/index.php?rest_route=%2Fwp%2Fv2%2Fmedia&parent=6400"}],"wp:term":[{"taxonomy":"category","embeddable":true,"href":"https:\/\/www.farakostolna.sk\/index.php?rest_route=%2Fwp%2Fv2%2Fcategories&post=6400"},{"taxonomy":"post_tag","embeddable":true,"href":"https:\/\/www.farakostolna.sk\/index.php?rest_route=%2Fwp%2Fv2%2Ftags&post=6400"}],"curies":[{"name":"wp","href":"https:\/\/api.w.org\/{rel}","templated":true}]}}