{"id":6381,"date":"2022-04-02T18:47:07","date_gmt":"2022-04-02T18:47:07","guid":{"rendered":"http:\/\/kostolna.fara.sk\/?p=6381"},"modified":"2022-04-02T18:47:07","modified_gmt":"2022-04-02T18:47:07","slug":"dotazniky-o-synode","status":"publish","type":"post","link":"https:\/\/www.farakostolna.sk\/?p=6381","title":{"rendered":"Dotazn\u00edky o synode"},"content":{"rendered":"\n\t\t\t\t\n\t\t\t\t\n<div class=\"wp-block-image\"><figure class=\"alignleft is-resized\"><img loading=\"lazy\" decoding=\"async\" src=\"https:\/\/www.farakostolna.sk\/wp-content\/uploads\/2022\/02\/image_6483441-2-1-2-2.jpg\" alt=\"\" class=\"wp-image-6167\" width=\"339\" height=\"312\"\/><\/figure><\/div>\n\n\n\n<p>&#x1f1f8;&#x1f1f0; U\u017e nieko\u013eko t\u00fd\u017ed\u0148ov sa u n\u00e1s sklo\u0148uje slovo synoda. Sv\u00e4t\u00fd Otec n\u00e1s v\u0161etk\u00fdch poz\u00fdva kr\u00e1\u010da\u0165 spolu na ceste dial\u00f3gu a d\u00f4very. P\u00e1pe\u017eovi Franti\u0161kovi z\u00e1le\u017e\u00ed na tom, aby sa Cirkev obnovila a ukazovala tv\u00e1r Boha, ktor\u00fd \u017eije v t\u00fdchto \u010dasoch. Povzbudzuje n\u00e1s, aby sme nemali strach z nepoznan\u00e9ho a neutiekali sa k v\u00fdhovork\u00e1m typu \u201cto netreba\u201d alebo \u201cv\u017edy sa to robilo takto\u201d? <\/p>\n\n\n<p><!--more--><\/p>\n\n\n<p>D\u00f4le\u017eitou s\u00fa\u010das\u0165ou h\u013eadania tv\u00e1re Boha a Cirkvi v dne\u0161nej dobe je aj dotazn\u00edk, ktor\u00fd pre n\u00e1s pripravili koordin\u00e1tori synody v na\u0161ej farnosti. Pros\u00edm, vyu\u017eite jedine\u010dn\u00fa mo\u017enos\u0165, aby ste v anonymite slobodne vyslovili svoj n\u00e1zor, pr\u00edpadne n\u00e1pady, ktor\u00e9 by mohli vpl\u00fdva\u0165 nielen na obnovu celej Cirkvi, ale tie\u017e na spolo\u010denstvo, ktor\u00e9 \u017eijeme v obciach Kostoln\u00e1 pri Dunaji, Hrub\u00fd \u0160\u00far a Hrub\u00e1 Bor\u0161a. Povzbudzujem v\u00e1s k tomu, aby ste si na\u0161li \u010das a priestor a priamo odpovedali na ot\u00e1zky v tomto dotazn\u00edku. Dotazn\u00edky n\u00e1jdete v tla\u010denej podobe pri v\u00fdchode z kostola, vyplnen\u00e9 ich potom vhadzujte do pripraven\u00fdch krab\u00edc do 1. m\u00e1ja. M\u00f4\u017eete ich tie\u017e vyplni\u0165 online. Link n\u00e1jdete na webovej str\u00e1nke farnosti, na Facebooku Fara Kostoln\u00e1, m\u00f4\u017eete ho preposla\u0165 aj svojim zn\u00e1mym. <a rel=\"noreferrer noopener\" href=\"https:\/\/forms.gle\/NetQbUJjpQgQUqGBA\" target=\"_blank\">https:\/\/forms.gle\/NetQbUJjpQgQUqGBA<\/a><\/p>\n\n\n\n<hr class=\"wp-block-separator\"\/>\n\n\n\n<p>&#x1f1ed;&#x1f1fa;  A szin\u00f3dus sz\u00f3t \u00a0m\u00e1r hetek \u00f3ta halljuk, itt van k\u00f6r\u00fcl\u00f6tt\u00fcnk. A Szentatya arra h\u00edv mindannyiunkat, hogy egy\u00fctt j\u00e1rjunk a p\u00e1rbesz\u00e9d \u00e9s a bizalom \u00fatj\u00e1n. Ferenc p\u00e1pa t\u00f6r\u0151dik azzal, hogy az Egyh\u00e1z meg\u00fajuljon, \u00e9s megmutassa Isten arc\u00e1t, aki ezekben az id\u0151kben is itt \u00e9l k\u00f6z\u00f6tt\u00fcnk. Arra \u00f6szt\u00f6n\u00f6z, hogy ne f\u00e9lj\u00fcnk az ismeretlent\u0151l, \u00e9s ne hivatkozzunk a \u201enem kell\u201d vagy \u201emindig \u00edgy csin\u00e1ltuk\u201d kifog\u00e1sokra! <\/p>\n\n\n\n<p>Az Isten \u00e9s az Egyh\u00e1z arca keres\u00e9s\u00e9nek ma fontos r\u00e9sze az a k\u00e9rd\u0151\u00edv, amelyet pl\u00e9b\u00e1ni\u00e1nkon a szin\u00f3dus koordin\u00e1torai k\u00e9sz\u00edtettek sz\u00e1munkra. K\u00e9rj\u00fck, haszn\u00e1lja ki az egyed\u00fcl\u00e1ll\u00f3 lehet\u0151s\u00e9get, hogy n\u00e9vtelen\u00fcl elmondhassa v\u00e9lem\u00e9ny\u00e9t, \u00f6tleteit, amely nemcsak az eg\u00e9sz egyh\u00e1z meg\u00fajul\u00e1s\u00e1t \u00e9rintheti, hanem Egyh\u00e1zfa, Hegys\u00far \u00e9s Nagyborsa k\u00f6zs\u00e9gek \u00e9l\u0151 k\u00f6z\u00f6ss\u00e9geit is. Javasolom, hogy tal\u00e1ljon id\u0151t \u00e9s teret a k\u00e9rd\u0151\u00edvben szerepl\u0151 k\u00e9rd\u00e9sek k\u00f6zvetlen megv\u00e1laszol\u00e1s\u00e1ra. A k\u00e9rd\u0151\u00edveket nyomtatott form\u00e1ban a templom kij\u00e1rat\u00e1n\u00e1l, de praktikus, online form\u00e1ban is megtal\u00e1lj\u00e1k. A linket a pl\u00e9b\u00e1nia honlapj\u00e1n, a Fara Kostoln\u00e1 Facebook oldal\u00e1n, de a padokban is megtal\u00e1lj\u00e1k, majd tov\u00e1bbadhatj\u00e1k, illetve elk\u00fcldhetik ismer\u0151seiknek. A nyomtatott form\u00e1j\u00fa k\u00e9rd\u0151\u00edveket, k\u00e9rj\u00fck, hozz\u00e1k vissza templomainkba az erre a c\u00e9lra kihelyezett dobozba m\u00e1jus 1-ig. A k\u00e9rd\u0151\u00edvet az interneten online is kit\u00f6lthetik:\u00a0<a rel=\"noreferrer noopener\" href=\"https:\/\/forms.gle\/NetQbUJjpQgQUqGBA\" target=\"_blank\">https:\/\/forms.gle\/NetQbUJjpQgQUqGBA<\/a><\/p>\n\n\n\n<div class=\"wp-block-image\"><figure class=\"aligncenter\"><img decoding=\"async\" src=\"https:\/\/www.farakostolna.sk\/wp-content\/uploads\/2022\/04\/image_6487327-6-1-1.jpg\" alt=\"\" class=\"wp-image-6382\"\/><\/figure><\/div>\n\n\n\n<div class=\"wp-block-image\"><figure class=\"aligncenter\"><img decoding=\"async\" src=\"https:\/\/www.farakostolna.sk\/wp-content\/uploads\/2022\/04\/image_6487327-7-1-514x1024.jpg\" alt=\"\" class=\"wp-image-6383\"\/><\/figure><\/div>\n\t\t\t\t","protected":false},"excerpt":{"rendered":"<p>&#x1f1f8;&#x1f1f0; U\u017e nieko\u013eko t\u00fd\u017ed\u0148ov sa u n\u00e1s sklo\u0148uje slovo synoda. Sv\u00e4t\u00fd Otec n\u00e1s v\u0161etk\u00fdch poz\u00fdva kr\u00e1\u010da\u0165 spolu na ceste dial\u00f3gu a d\u00f4very. P\u00e1pe\u017eovi Franti\u0161kovi z\u00e1le\u017e\u00ed na tom, aby sa Cirkev obnovila a ukazovala tv\u00e1r Boha, ktor\u00fd \u017eije v t\u00fdchto \u010dasoch. Povzbudzuje n\u00e1s, aby sme nemali strach z nepoznan\u00e9ho a neutiekali sa k v\u00fdhovork\u00e1m typu \u201cto &#8230; <span class=\"more\"><a class=\"more-link\" href=\"https:\/\/www.farakostolna.sk\/?p=6381\">[\u010c\u00edta\u0165 \u010falej&#8230;]<\/a><\/span><\/p>\n","protected":false},"author":7,"featured_media":6167,"comment_status":"closed","ping_status":"closed","sticky":false,"template":"","format":"standard","meta":{"footnotes":""},"categories":[20],"tags":[],"class_list":{"0":"entry","1":"post","2":"publish","3":"author-slado89gmail-com","4":"has-excerpt","5":"has-more-link","6":"post-6381","8":"format-standard","9":"has-post-thumbnail","10":"category-synoda"},"_links":{"self":[{"href":"https:\/\/www.farakostolna.sk\/index.php?rest_route=\/wp\/v2\/posts\/6381","targetHints":{"allow":["GET"]}}],"collection":[{"href":"https:\/\/www.farakostolna.sk\/index.php?rest_route=\/wp\/v2\/posts"}],"about":[{"href":"https:\/\/www.farakostolna.sk\/index.php?rest_route=\/wp\/v2\/types\/post"}],"author":[{"embeddable":true,"href":"https:\/\/www.farakostolna.sk\/index.php?rest_route=\/wp\/v2\/users\/7"}],"replies":[{"embeddable":true,"href":"https:\/\/www.farakostolna.sk\/index.php?rest_route=%2Fwp%2Fv2%2Fcomments&post=6381"}],"version-history":[{"count":0,"href":"https:\/\/www.farakostolna.sk\/index.php?rest_route=\/wp\/v2\/posts\/6381\/revisions"}],"wp:featuredmedia":[{"embeddable":true,"href":"https:\/\/www.farakostolna.sk\/index.php?rest_route=\/"}],"wp:attachment":[{"href":"https:\/\/www.farakostolna.sk\/index.php?rest_route=%2Fwp%2Fv2%2Fmedia&parent=6381"}],"wp:term":[{"taxonomy":"category","embeddable":true,"href":"https:\/\/www.farakostolna.sk\/index.php?rest_route=%2Fwp%2Fv2%2Fcategories&post=6381"},{"taxonomy":"post_tag","embeddable":true,"href":"https:\/\/www.farakostolna.sk\/index.php?rest_route=%2Fwp%2Fv2%2Ftags&post=6381"}],"curies":[{"name":"wp","href":"https:\/\/api.w.org\/{rel}","templated":true}]}}