{"id":6377,"date":"2022-04-01T20:10:28","date_gmt":"2022-04-01T20:10:28","guid":{"rendered":"http:\/\/kostolna.fara.sk\/?p=6377"},"modified":"2022-04-01T20:10:28","modified_gmt":"2022-04-01T20:10:28","slug":"farske-oznamy-a-zamyslenie-03-04-2022","status":"publish","type":"post","link":"https:\/\/www.farakostolna.sk\/?p=6377","title":{"rendered":"Farsk\u00e9 oznamy a zamyslenie (03.04.2022)"},"content":{"rendered":"\n\t\t\t\t\n\t\t\t\t\n<div class=\"wp-block-image\"><figure class=\"alignleft is-resized\"><img loading=\"lazy\" decoding=\"async\" src=\"https:\/\/www.farakostolna.sk\/wp-content\/uploads\/2022\/04\/WhatsApp-Image-2022-04-01-at-10.02.26-PM-1-1024x673.jpeg\" alt=\"\" class=\"wp-image-6378\" width=\"462\" height=\"303\"\/><\/figure><\/div>\n\n\n\n<p>Kamene v na\u0161ich ruk\u00e1ch n\u00e1m \u010dasto br\u00e1nia v tom, aby sme mohli svojim bl\u00ed\u017enym poda\u0165 ruku a obja\u0165 ich. Te\u00f3riu o odp\u00fa\u0161\u0165an\u00ed pozn\u00e1me. Ke\u010f v\u0161ak pr\u00edde na l\u00e1manie chleba, m\u00e1me \u010dasto probl\u00e9m prekro\u010di\u0165 svoje ego a vychoden\u00e9 chodn\u00ed\u010dky. Je\u017ei\u0161 aj n\u00e1s vyz\u00fdva, aby sme prehodnotili svoje postoje a l\u00e1sku prejavovali skutkami.<\/p>\n\n\n<p><!--more--><\/p>\n\n\n<p><strong>Sv\u00e4t\u00e9 om\u0161e u n\u00e1s:<\/strong><\/p>\n\n\n\n<p><strong>sobota \u2013 2. apr\u00edla (s nede\u013enou platnos\u0165ou)<\/strong><\/p>\n\n\n\n<ul class=\"wp-block-list\"><li><strong>17:00 \u2013 Hrub\u00e1 Bor\u0161a \u2013 (slov.\/ma\u010f.)<\/strong><\/li><li><strong>18:00 \u2013 Kostoln\u00e1 \u2013 (slov.)<\/strong><\/li><\/ul>\n\n\n\n<p><strong>nede\u013ea \u2013 3. apr\u00edla <\/strong><\/p>\n\n\n\n<ul class=\"wp-block-list\"><li><strong>8:00 \u2013 Hrub\u00fd \u0160\u00far \u2013 (ma\u010f.)<\/strong><\/li><li><strong>9:30 \u2013 Kostoln\u00e1 \u2013 (ma\u010f.)<\/strong><\/li><li><strong>11:00 \u2013 Kostoln\u00e1 \u2013 (slov.)<\/strong><\/li><\/ul>\n\n\n\n<p>Tento t\u00fd\u017ede\u0148 spoved\u00e1m v Kostolnej v\u00a0utorok a \u0161tvrtok od 17:00 do 18:00 pod pr\u00edstre\u0161kom a v Hrubom \u0160\u00fare v nede\u013eu od 7:30 do 8:00. Predve\u013ekono\u010dn\u00e9 vysluhovanie sviatosti zmierenia bude e\u0161te napr. v\u00a0Senci najbli\u017e\u0161iu sobotu, 9. apr\u00edla od 9:00 do 12:00 a\u00a015:00 do 19:00.  <\/p>\n\n\n\n<p>Ador\u00e1cia bude v Kostolnej v&nbsp;utorok, \u0161tvrtok a piatok od 17:00 do 18:00.<\/p>\n\n\n\n<p>Pobo\u017enos\u0165 kr\u00ed\u017eovej cesty m\u00e1me po\u010das p\u00f4stneho obdobia v\u00a0Hrubom \u0160\u00fare v\u00a0piatky o\u00a017:30 (ma\u010farsky) po sv\u00e4tej om\u0161i, v\u00a0Hrubej Bor\u0161i v\u00a0soboty o\u00a016:30 a v\u00a0Kostolnej v\u00a0nedele od 10:30 (slovensky) a 15:00 (ma\u010farsky).<strong> V najbli\u017e\u0161iu sobotu ideme spolo\u010dne na kr\u00ed\u017eov\u00fa cestu do Marianky. P\u00f4jdeme dvoma autobusmi, aj autami. Prihlasujte sa pros\u00edm u kostoln\u00edkov v sakristii. Odchod je 8:45 v Hrubej Bor\u0161i a Hrubom \u0160\u00fare a 9:00 v Kostolnej od kostola. Te\u0161\u00edme sa na V\u00c1S!<\/strong><\/p>\n\n\n\n<p>V na\u0161ej farnosti<strong> ka\u017ed\u00fa sobotu rob\u00edme potravinov\u00fa zbierku v\u017edy od 10:00 do 12:00<\/strong>. T\u00ed, ktor\u00ed sa rozhodnete prispie\u0165 finan\u010dne cez farsk\u00fd \u00fa\u010det SK28 0900 0000 0050 2969 7043, uve\u010fte \u201ePOMOC PRE OD\u00cdDENCOV\u201c. \u010eakujeme.<\/p>\n\n\n\n<p>Tento v\u00edkend sa kon\u00e1 aj finan\u010dn\u00e1 zbierka vo v\u0161etk\u00fdch kostoloch pod z\u00e1\u0161titou KBS na pomoc obetiam vojnov\u00e9ho konfliktu na Ukrajine.<\/p>\n\n\n\n<p>Aj tento rok sme prosili o 2 % z&nbsp;dan\u00ed na \u201eZdru\u017eenie Senec a&nbsp;okolie\u201c, z&nbsp;ktor\u00e9ho potom vieme \u010derpa\u0165 prostriedky na opravu kostola. Pros\u00edm, po odoslan\u00ed dokladu na da\u0148ov\u00fd \u00farad, prineste fotok\u00f3piu, aby sme si tieto prostriedky vedeli zo zdru\u017eenia n\u00e1rokova\u0165. \u010eakujeme. <\/p>\n\n\n\n<p>U\u017e nieko\u013eko t\u00fd\u017ed\u0148ov sa u n\u00e1s sklo\u0148uje slovo synoda. Sv\u00e4t\u00fd Otec n\u00e1s v\u0161etk\u00fdch poz\u00fdva kr\u00e1\u010da\u0165 spolu na ceste dial\u00f3gu a d\u00f4very. P\u00e1pe\u017eovi Franti\u0161kovi z\u00e1le\u017e\u00ed na tom, aby sa Cirkev obnovila a ukazovala tv\u00e1r Boha, ktor\u00fd \u017eije v t\u00fdchto \u010dasoch. Povzbudzuje n\u00e1s, aby sme nemali strach z nepoznan\u00e9ho a neutiekali sa k v\u00fdhovork\u00e1m typu \u201cto netreba\u201d alebo \u201cv\u017edy sa to robilo takto\u201d? D\u00f4le\u017eitou s\u00fa\u010das\u0165ou h\u013eadania tv\u00e1re Boha a Cirkvi v dne\u0161nej dobe je aj dotazn\u00edk, ktor\u00fd pre n\u00e1s pripravili koordin\u00e1tori synody v na\u0161ej farnosti. Pros\u00edm, vyu\u017eite jedine\u010dn\u00fa mo\u017enos\u0165, aby ste v anonymite slobodne vyslovili svoj n\u00e1zor, pr\u00edpadne n\u00e1pady, ktor\u00e9 by mohli vpl\u00fdva\u0165 nielen na obnovu celej Cirkvi, ale tie\u017e na spolo\u010denstvo, ktor\u00e9 \u017eijeme v obciach Kostoln\u00e1 pri Dunaji, Hrub\u00fd \u0160\u00far a Hrub\u00e1 Bor\u0161a. Povzbudzujem v\u00e1s k tomu, aby ste si na\u0161li \u010das a priestor a priamo odpovedali na ot\u00e1zky v tomto dotazn\u00edku. Dotazn\u00edky n\u00e1jdete v tla\u010denej podobe pri v\u00fdchode z kostola, vyplnen\u00e9 ich potom vhadzujte do pripraven\u00fdch krab\u00edc do 1. m\u00e1ja. M\u00f4\u017eete ich tie\u017e vyplni\u0165 online. Link n\u00e1jdete na webovej str\u00e1nke farnosti, na facebooku Fara Kostoln\u00e1, m\u00f4\u017eete ho preposla\u0165 aj svojim zn\u00e1mym. Dotazn\u00edk m\u00f4\u017eete vyplni\u0165 online, n\u00e1jdete ho na str\u00e1nke: <a href=\"https:\/\/forms.gle\/NetQbUJjpQgQUqGBA\"><a href=\"https:\/\/forms.gle\/NetQbUJjpQgQUqGBA\">https:\/\/forms.gle\/NetQbUJjpQgQUqGBA<\/a><\/a><\/p>\n\n\n\n<p>S \u00factou, <br>Pavol Gajdo\u0161, v\u00e1\u0161 far\u00e1r<\/p>\n\t\t\t\t","protected":false},"excerpt":{"rendered":"<p>Kamene v na\u0161ich ruk\u00e1ch n\u00e1m \u010dasto br\u00e1nia v tom, aby sme mohli svojim bl\u00ed\u017enym poda\u0165 ruku a obja\u0165 ich. Te\u00f3riu o odp\u00fa\u0161\u0165an\u00ed pozn\u00e1me. Ke\u010f v\u0161ak pr\u00edde na l\u00e1manie chleba, m\u00e1me \u010dasto probl\u00e9m prekro\u010di\u0165 svoje ego a vychoden\u00e9 chodn\u00ed\u010dky. Je\u017ei\u0161 aj n\u00e1s vyz\u00fdva, aby sme prehodnotili svoje postoje a l\u00e1sku prejavovali skutkami.<\/p>\n","protected":false},"author":7,"featured_media":6378,"comment_status":"closed","ping_status":"closed","sticky":false,"template":"","format":"standard","meta":{"footnotes":""},"categories":[13],"tags":[],"class_list":{"0":"entry","1":"post","2":"publish","3":"author-slado89gmail-com","4":"has-excerpt","5":"has-more-link","6":"post-6377","8":"format-standard","9":"has-post-thumbnail","10":"category-oznamy"},"_links":{"self":[{"href":"https:\/\/www.farakostolna.sk\/index.php?rest_route=\/wp\/v2\/posts\/6377","targetHints":{"allow":["GET"]}}],"collection":[{"href":"https:\/\/www.farakostolna.sk\/index.php?rest_route=\/wp\/v2\/posts"}],"about":[{"href":"https:\/\/www.farakostolna.sk\/index.php?rest_route=\/wp\/v2\/types\/post"}],"author":[{"embeddable":true,"href":"https:\/\/www.farakostolna.sk\/index.php?rest_route=\/wp\/v2\/users\/7"}],"replies":[{"embeddable":true,"href":"https:\/\/www.farakostolna.sk\/index.php?rest_route=%2Fwp%2Fv2%2Fcomments&post=6377"}],"version-history":[{"count":0,"href":"https:\/\/www.farakostolna.sk\/index.php?rest_route=\/wp\/v2\/posts\/6377\/revisions"}],"wp:featuredmedia":[{"embeddable":true,"href":"https:\/\/www.farakostolna.sk\/index.php?rest_route=\/"}],"wp:attachment":[{"href":"https:\/\/www.farakostolna.sk\/index.php?rest_route=%2Fwp%2Fv2%2Fmedia&parent=6377"}],"wp:term":[{"taxonomy":"category","embeddable":true,"href":"https:\/\/www.farakostolna.sk\/index.php?rest_route=%2Fwp%2Fv2%2Fcategories&post=6377"},{"taxonomy":"post_tag","embeddable":true,"href":"https:\/\/www.farakostolna.sk\/index.php?rest_route=%2Fwp%2Fv2%2Ftags&post=6377"}],"curies":[{"name":"wp","href":"https:\/\/api.w.org\/{rel}","templated":true}]}}