{"id":6369,"date":"2022-03-31T11:14:43","date_gmt":"2022-03-31T11:14:43","guid":{"rendered":"http:\/\/kostolna.fara.sk\/?p=6369"},"modified":"2022-03-31T11:14:43","modified_gmt":"2022-03-31T11:14:43","slug":"zmena-terminu-krizovej-cesty","status":"publish","type":"post","link":"https:\/\/www.farakostolna.sk\/?p=6369","title":{"rendered":"Zmena term\u00ednu kr\u00ed\u017eovej cesty"},"content":{"rendered":"\n\t\t\t\t\n\t\t\t\t\n<p>&#x1f1f8;&#x1f1f0; &#x2757; <strong>POZOR &#8211; ZMENA TERMINU KONANIA KR\u00cd\u017dOVEJ CESTY V MARIANKE<\/strong> &#x2757;<\/p>\n\n\n\n<p>Z d\u00f4vodu o\u010dak\u00e1van\u00e9ho nepriazniv\u00e9ho po\u010dasia sa kr\u00ed\u017eov\u00e1 cesta v MARIANKE uskuto\u010dn\u00ed o t\u00fd\u017ede\u0148 nesk\u00f4r v term\u00edne <strong>9. apr\u00edla. 2022<\/strong>. Pros\u00edme prihl\u00e1sen\u00fdch \u00fa\u010dastn\u00edkov, aby potvrdili u kostoln\u00edkov svoju \u00fa\u010das\u0165 v novom term\u00edne. Za ne\u010dakan\u00fa zmenu term\u00ednu sa ospravedl\u0148ujeme.<br><\/p>\n\n\n<p><!--more--><\/p>\n\n\n<hr class=\"wp-block-separator\"\/>\n\n\n\n<p>&#x1f1ed;&#x1f1fa; &#x2757;<strong> FIGYELEM- M\u00c1RIAV\u00d6LGYI KERESZT\u00daT ID\u0150PONTJ\u00c1NAK V\u00c1LTOZ\u00c1SA <\/strong>&#x2757; <\/p>\n\n\n\n<p>A kedvez\u0151tlen id\u0151j\u00e1r\u00e1s miatt egy h\u00e9ttel k\u00e9s\u0151bb, azaz <strong>\u00e1prilis 9-\u00e9n <\/strong>megy\u00fcnk M\u00e1riav\u00f6lgybe. Mindazok akik m\u00e1r jelentkeztek, \u00e9rv\u00e9nyes a feliratkoz\u00e1suk a j\u00f6v\u0151 h\u00e9tre is. Azonban k\u00e9rj\u00fck sz\u00e9pen, hogy k\u00f6z\u00fcl\u00fck jelezzen az, aki a j\u00f6v\u0151 h\u00e9ten m\u00e1r nem tud vel\u00fcnk tartani.A v\u00e1ratlan id\u0151pont v\u00e1ltoz\u00e1sa miatt eln\u00e9z\u00e9st k\u00e9r\u00fcnk! <\/p>\n\n\n\n<div class=\"wp-block-image\"><figure class=\"aligncenter\"><img decoding=\"async\" src=\"http:\/\/kostolna.fara.sk\/wp-content\/uploads\/2022\/03\/V\u00fdst\u0159i\u017eek4-1024x722.png\" alt=\"\" class=\"wp-image-6357\"\/><\/figure><\/div>\n\n\n\n<div class=\"wp-block-image\"><figure class=\"aligncenter\"><img decoding=\"async\" src=\"http:\/\/kostolna.fara.sk\/wp-content\/uploads\/2022\/03\/V\u00fdst\u0159i\u017eek3-1024x722.png\" alt=\"\" class=\"wp-image-6358\"\/><\/figure><\/div>\n\t\t\t\t","protected":false},"excerpt":{"rendered":"<p>&#x1f1f8;&#x1f1f0; &#x2757; POZOR &#8211; ZMENA TERMINU KONANIA KR\u00cd\u017dOVEJ CESTY V MARIANKE &#x2757; Z d\u00f4vodu o\u010dak\u00e1van\u00e9ho nepriazniv\u00e9ho po\u010dasia sa kr\u00ed\u017eov\u00e1 cesta v MARIANKE uskuto\u010dn\u00ed o t\u00fd\u017ede\u0148 nesk\u00f4r v term\u00edne 9. apr\u00edla. 2022. Pros\u00edme prihl\u00e1sen\u00fdch \u00fa\u010dastn\u00edkov, aby potvrdili u kostoln\u00edkov svoju \u00fa\u010das\u0165 v novom term\u00edne. Za ne\u010dakan\u00fa zmenu term\u00ednu sa ospravedl\u0148ujeme.<\/p>\n","protected":false},"author":7,"featured_media":6357,"comment_status":"closed","ping_status":"closed","sticky":false,"template":"","format":"standard","meta":{"footnotes":""},"categories":[14,20],"tags":[],"class_list":{"0":"entry","1":"post","2":"publish","3":"author-slado89gmail-com","4":"has-excerpt","5":"has-more-link","6":"post-6369","8":"format-standard","9":"has-post-thumbnail","10":"category-put","11":"category-synoda"},"_links":{"self":[{"href":"https:\/\/www.farakostolna.sk\/index.php?rest_route=\/wp\/v2\/posts\/6369","targetHints":{"allow":["GET"]}}],"collection":[{"href":"https:\/\/www.farakostolna.sk\/index.php?rest_route=\/wp\/v2\/posts"}],"about":[{"href":"https:\/\/www.farakostolna.sk\/index.php?rest_route=\/wp\/v2\/types\/post"}],"author":[{"embeddable":true,"href":"https:\/\/www.farakostolna.sk\/index.php?rest_route=\/wp\/v2\/users\/7"}],"replies":[{"embeddable":true,"href":"https:\/\/www.farakostolna.sk\/index.php?rest_route=%2Fwp%2Fv2%2Fcomments&post=6369"}],"version-history":[{"count":0,"href":"https:\/\/www.farakostolna.sk\/index.php?rest_route=\/wp\/v2\/posts\/6369\/revisions"}],"wp:featuredmedia":[{"embeddable":true,"href":"https:\/\/www.farakostolna.sk\/index.php?rest_route=\/"}],"wp:attachment":[{"href":"https:\/\/www.farakostolna.sk\/index.php?rest_route=%2Fwp%2Fv2%2Fmedia&parent=6369"}],"wp:term":[{"taxonomy":"category","embeddable":true,"href":"https:\/\/www.farakostolna.sk\/index.php?rest_route=%2Fwp%2Fv2%2Fcategories&post=6369"},{"taxonomy":"post_tag","embeddable":true,"href":"https:\/\/www.farakostolna.sk\/index.php?rest_route=%2Fwp%2Fv2%2Ftags&post=6369"}],"curies":[{"name":"wp","href":"https:\/\/api.w.org\/{rel}","templated":true}]}}