{"id":6359,"date":"2022-03-30T14:25:00","date_gmt":"2022-03-30T14:25:00","guid":{"rendered":"http:\/\/kostolna.fara.sk\/?p=6359"},"modified":"2022-03-30T14:25:00","modified_gmt":"2022-03-30T14:25:00","slug":"synodalne-trojdnie-modlitby-matiek","status":"publish","type":"post","link":"https:\/\/www.farakostolna.sk\/?p=6359","title":{"rendered":"Synod\u00e1lne trojdnie Modlitby Matiek"},"content":{"rendered":"\n\t\t\t\t\n\t\t\t\t\n<div class=\"wp-block-image\"><figure class=\"alignleft is-resized\"><img loading=\"lazy\" decoding=\"async\" src=\"https:\/\/www.farakostolna.sk\/wp-content\/uploads\/2022\/03\/image_6487327-6-3-2-1-1-1.jpg\" alt=\"\" class=\"wp-image-6361\" width=\"417\" height=\"628\"\/><\/figure><\/div>\n\n\n\n<p>&#x1f1f8;&#x1f1f0;  V d\u0148och 25. &#8211; 27. marca 2022 sa mami\u010dky zo v\u0161etk\u00fdch troch obc\u00ed na\u0161ej farnosti stretli na modlitbovom trojdn\u00ed spolo\u010denstva modlitieb matiek, ktor\u00e9 okrem klasick\u00fdch \u00famyslov zamerali aj na aktu\u00e1lne prebiehaj\u00facu Synodu. Jednotliv\u00e9 dni a ich symboly boli tie\u017e kr\u00e1snym obrazom toho, \u010d\u00edm je Synoda v praxi &#8211; stretli sme sa v\u017edy v inom chr\u00e1me, spolo\u010dne sme sa pomodlili a po ador\u00e1cii zotrvali v spolo\u010dn\u00fdch rozhovoroch, pri\u010dom mnoh\u00e9 sa uskuto\u010dnili po viac ako dvoch rokoch.<\/p>\n\n\n<p><!--more--><\/p>\n\n\n<p>Piatkov\u00fdm symbolom bol misijn\u00fd ru\u017eenec z cukr\u00edkov, ktor\u00fd vyjadroval n\u00e1s ako jednu rodinu Bo\u017e\u00edch det\u00ed &#8211; v kostole, vo farnosti, na svete -, ktor\u00e1 je spojen\u00e1 v\u010faka n\u00e1\u0161mu l\u00e1skav\u00e9mu Stvorite\u013eovi, ktor\u00fd n\u00e1s st\u00e1le \u010dak\u00e1 a poz\u00fdva ako prv\u00fd ku spolo\u010dn\u00e9mu kr\u00e1\u010daniu s N\u00edm a na\u0161imi bratmi.<\/p>\n\n\n\n<p>Symbolom sobotn\u00e9ho stretnutia bola palica pastiera, ktor\u00e1 n\u00e1s vedie po ceste, ke\u010f\u017ee sme v\u0161etci p\u00fatnici a ona n\u00e1s podopiera, lebo sme si nevybrali kraj\u0161iu a \u013eah\u0161iu cestu, ale cestu n\u00e1ro\u010dn\u00fa. No Duch Sv\u00e4t\u00fd vedie svoj \u013eud a my kr\u00e1\u010dame spolu, ako n\u00e1s k tomu vyzval aj Sv\u00e4t\u00fd Otec Franti\u0161ek na jese\u0148, kedy n\u00e1m tieto slov\u00e1 adresoval na n\u00e1v\u0161teve Slovenska a z\u00e1rove\u0148 synod\u00e1lnu cestu osobne otvoril.<\/p>\n\n\n\n<p>A symbolom nede\u013en\u00e9ho stretnutia bola d\u00faha, ktor\u00e1 sp\u00e1ja jeden bod s druh\u00fdm, ale nie priamo, ani cyklicky. Sp\u00e1ja zatiahnut\u00e9 nebo s pokojom po b\u00farke, je tvoren\u00e1 viacer\u00fdmi farbami, pri\u010dom ka\u017ed\u00e1 je in\u00e1, no rovnako potrebn\u00e1. Ale len spolo\u010dne tvoria jedine\u010dn\u00fd obl\u00fak. A tak je d\u00faha symbolom aj na\u0161ej farnosti &#8211; tvor\u00edme ju aj Ma\u010fari aj Slov\u00e1ci, dom\u00e1ci aj pris\u0165ahovalci, mlad\u0161\u00ed aj star\u0161\u00ed, ale \u017eijeme tu spolo\u010dne. A ka\u017ed\u00fd z n\u00e1s je \u0161pecifick\u00fdm darom pre ostatn\u00fdch. Toto je t\u00e1 synoda v praxi &#8211; spolo\u010dne kr\u00e1\u010da\u0165 v pestrosti na ceste k jednote. <\/p>\n\n\n\n<hr class=\"wp-block-separator\"\/>\n\n\n\n<p>&#x1f1ed;&#x1f1fa; 2022. m\u00e1rcius \u00a025-27-ig egyh\u00e1zk\u00f6zs\u00e9g\u00fcnk mindh\u00e1rom faluj\u00e1b\u00f3l tal\u00e1lkoztak az \u00c9desany\u00e1k im\u00e1ja imak\u00f6z\u00f6ss\u00e9g tagjai a h\u00e1romnapos ima alkalm\u00e1b\u00f3l, amely a klasszikus sz\u00e1nd\u00e9kok mellett a mostani szin\u00f3dusra \u00a0is f\u00f3kusz\u00e1lt. Az egyes napok \u00e9s jelk\u00e9peik is sz\u00e9p k\u00e9pet alkottak arr\u00f3l, hogy mi is a szin\u00f3dus a gyakorlatban &#8211; mindig m\u00e1s templomban tal\u00e1lkoztunk, egy\u00fctt im\u00e1dkoztunk, majd a szents\u00e9gim\u00e1d\u00e1s ut\u00e1n besz\u00e9lgetni maradtunk, ami t\u00f6bb mint k\u00e9t \u00e9v eltelt\u00e9vel val\u00f3sult meg \u00fajb\u00f3l.<\/p>\n\n\n\n<p>A p\u00e9nteki nap jelk\u00e9pe a cukorka r\u00f3zsaf\u00fcz\u00e9r volt, amellyel kifejezt\u00fck, hogy \u00a0Isten gyermekei vagyunk egy csal\u00e1dk\u00e9nt a templomban, a pl\u00e9b\u00e1ni\u00e1n \u00e9s a vil\u00e1gban.\u00a0 Szeret\u0151 Teremt\u0151nk egyes\u00edt minket, aki tov\u00e1bbra is v\u00e1r r\u00e1nk, \u00e9s el\u0151sz\u00f6r h\u00edv meg minket, hogy vele \u00e9s testv\u00e9reinkkel \u00a0egy\u00fctt haladva teljes\u00edts\u00fck akarat\u00e1t.<\/p>\n\n\n\n<p>A szombati tal\u00e1lkoz\u00e1s jelk\u00e9pe a p\u00e1sztorbot volt, ami v\u00e9gigvezet minket az \u00faton, hiszen mindannyian zar\u00e1ndokok vagyunk \u00e9s \u0151 t\u00e1mogat minket, hiszen nem a szebb \u00e9s k\u00f6nnyebb utat v\u00e1lasztottuk, hanem a nehezebbet. A Szentl\u00e9lek vezeti n\u00e9p\u00e9t, mi pedig egy\u00fctt j\u00e1runk vele.\u00a0 A Szentatya Ferenc p\u00e1pa szlov\u00e1kiai l\u00e1togat\u00e1sa alkalm\u00e1val is ezekkel a szavakkal buzd\u00edtott mindny\u00e1junkat \u00e9s egyben szem\u00e9lyesen is megnyitotta a szin\u00f3dusi utat. <\/p>\n\n\n\n<p>A vas\u00e1rnapi tal\u00e1lkoz\u00f3 szimb\u00f3luma pedig a sziv\u00e1rv\u00e1ny volt, amely \u00f6sszek\u00f6ti az egyik pontot a m\u00e1sikkal, de nem k\u00f6zvetlen\u00fcl vagy ciklikusan. \u00d6sszek\u00f6ti a felh\u0151s vagy a vihar ut\u00e1ni nyugalmat.T\u00f6bb sz\u00ednb\u0151l tev\u0151dik \u00f6ssze, melyek mindegyike m\u00e1s, de egyform\u00e1n sz\u00fcks\u00e9ges ahhoz, hogy egy\u00fctt alkothasson egyedi \u00edvet. A sziv\u00e1rv\u00e1ny teh\u00e1t pl\u00e9b\u00e1ni\u00e1nk szimb\u00f3luma is &#8211; magyarok \u00e9s szlov\u00e1kok egyar\u00e1nt, hazaiak \u00e9s bev\u00e1ndorl\u00f3k, fiatalabbak \u00e9s id\u0151sebbek, de egy\u00fctt \u00e9l\u00fcnk itt. Mindannyian k\u00fcl\u00f6nleges aj\u00e1nd\u00e9kok vagyunk a m\u00e1sik sz\u00e1m\u00e1ra. Ez a gyakorlatban a szin\u00f3dus &#8211; egy\u00fctt j\u00e1rva a sokf\u00e9les\u00e9gben az egys\u00e9g fel\u00e9 vezet\u0151 \u00faton. <\/p>\n\n\n\n<div class=\"wp-block-image\"><figure class=\"aligncenter\"><img decoding=\"async\" src=\"https:\/\/www.farakostolna.sk\/wp-content\/uploads\/2022\/03\/image_6487327-6-1-1024x707.jpg\" alt=\"\" class=\"wp-image-6362\"\/><\/figure><\/div>\n\n\n\n<div class=\"wp-block-image\"><figure class=\"aligncenter\"><img decoding=\"async\" src=\"https:\/\/www.farakostolna.sk\/wp-content\/uploads\/2022\/03\/image_6487327-6-1-1-1024x658.jpg\" alt=\"\" class=\"wp-image-6363\"\/><\/figure><\/div>\n\n\n\n<div class=\"wp-block-image\"><figure class=\"aligncenter\"><img decoding=\"async\" src=\"https:\/\/www.farakostolna.sk\/wp-content\/uploads\/2022\/03\/image_6487327-6-2-1-1024x474.jpg\" alt=\"\" class=\"wp-image-6364\"\/><\/figure><\/div>\n\n\n\n<div class=\"wp-block-image\"><figure class=\"aligncenter\"><img decoding=\"async\" src=\"https:\/\/www.farakostolna.sk\/wp-content\/uploads\/2022\/03\/image_6487327-6-3-2-1-1-1.jpg\" alt=\"\" class=\"wp-image-6361\"\/><\/figure><\/div>\n\n\n\n<div class=\"wp-block-image\"><figure class=\"aligncenter\"><img decoding=\"async\" src=\"https:\/\/www.farakostolna.sk\/wp-content\/uploads\/2022\/03\/image_6487327-6-4-1-813x1024.jpg\" alt=\"\" class=\"wp-image-6365\"\/><\/figure><\/div>\n\n\n\n<div class=\"wp-block-image\"><figure class=\"aligncenter\"><img decoding=\"async\" src=\"https:\/\/www.farakostolna.sk\/wp-content\/uploads\/2022\/03\/image_6487327-6-5-1-1.jpg\" alt=\"\" class=\"wp-image-6366\"\/><\/figure><\/div>\n\n\n\n<div class=\"wp-block-image\"><figure class=\"aligncenter\"><img decoding=\"async\" src=\"https:\/\/www.farakostolna.sk\/wp-content\/uploads\/2022\/03\/image_6483441-1-768x1024.jpg\" alt=\"\" class=\"wp-image-6367\"\/><\/figure><\/div>\n\t\t\t\t","protected":false},"excerpt":{"rendered":"<p>&#x1f1f8;&#x1f1f0; V d\u0148och 25. &#8211; 27. marca 2022 sa mami\u010dky zo v\u0161etk\u00fdch troch obc\u00ed na\u0161ej farnosti stretli na modlitbovom trojdn\u00ed spolo\u010denstva modlitieb matiek, ktor\u00e9 okrem klasick\u00fdch \u00famyslov zamerali aj na aktu\u00e1lne prebiehaj\u00facu Synodu. Jednotliv\u00e9 dni a ich symboly boli tie\u017e kr\u00e1snym obrazom toho, \u010d\u00edm je Synoda v praxi &#8211; stretli sme sa v\u017edy v inom &#8230; <span class=\"more\"><a class=\"more-link\" href=\"https:\/\/www.farakostolna.sk\/?p=6359\">[\u010c\u00edta\u0165 \u010falej&#8230;]<\/a><\/span><\/p>\n","protected":false},"author":7,"featured_media":6360,"comment_status":"closed","ping_status":"closed","sticky":false,"template":"","format":"standard","meta":{"footnotes":""},"categories":[12,20],"tags":[],"class_list":{"0":"entry","1":"post","2":"publish","3":"author-slado89gmail-com","4":"has-excerpt","5":"has-more-link","6":"post-6359","8":"format-standard","9":"has-post-thumbnail","10":"category-modlitbove-trojdnie","11":"category-synoda"},"_links":{"self":[{"href":"https:\/\/www.farakostolna.sk\/index.php?rest_route=\/wp\/v2\/posts\/6359","targetHints":{"allow":["GET"]}}],"collection":[{"href":"https:\/\/www.farakostolna.sk\/index.php?rest_route=\/wp\/v2\/posts"}],"about":[{"href":"https:\/\/www.farakostolna.sk\/index.php?rest_route=\/wp\/v2\/types\/post"}],"author":[{"embeddable":true,"href":"https:\/\/www.farakostolna.sk\/index.php?rest_route=\/wp\/v2\/users\/7"}],"replies":[{"embeddable":true,"href":"https:\/\/www.farakostolna.sk\/index.php?rest_route=%2Fwp%2Fv2%2Fcomments&post=6359"}],"version-history":[{"count":0,"href":"https:\/\/www.farakostolna.sk\/index.php?rest_route=\/wp\/v2\/posts\/6359\/revisions"}],"wp:featuredmedia":[{"embeddable":true,"href":"https:\/\/www.farakostolna.sk\/index.php?rest_route=\/"}],"wp:attachment":[{"href":"https:\/\/www.farakostolna.sk\/index.php?rest_route=%2Fwp%2Fv2%2Fmedia&parent=6359"}],"wp:term":[{"taxonomy":"category","embeddable":true,"href":"https:\/\/www.farakostolna.sk\/index.php?rest_route=%2Fwp%2Fv2%2Fcategories&post=6359"},{"taxonomy":"post_tag","embeddable":true,"href":"https:\/\/www.farakostolna.sk\/index.php?rest_route=%2Fwp%2Fv2%2Ftags&post=6359"}],"curies":[{"name":"wp","href":"https:\/\/api.w.org\/{rel}","templated":true}]}}