{"id":6343,"date":"2022-03-25T21:25:03","date_gmt":"2022-03-25T21:25:03","guid":{"rendered":"http:\/\/kostolna.fara.sk\/?p=6343"},"modified":"2022-03-25T21:25:03","modified_gmt":"2022-03-25T21:25:03","slug":"farske-oznamy-a-zamyslenie-27-03-2022","status":"publish","type":"post","link":"https:\/\/www.farakostolna.sk\/?p=6343","title":{"rendered":"Farsk\u00e9 oznamy a zamyslenie (27.03.2022)"},"content":{"rendered":"\n\t\t\t\t\n\t\t\t\t\n<div class=\"wp-block-image\"><figure class=\"alignleft is-resized\"><img loading=\"lazy\" decoding=\"async\" src=\"https:\/\/www.farakostolna.sk\/wp-content\/uploads\/2022\/03\/WhatsApp-Image-2022-03-25-at-10.04.48-PM-1-1024x768.jpeg\" alt=\"\" class=\"wp-image-6344\" width=\"460\" height=\"345\"\/><\/figure><\/div>\n\n\n\n<p>\u010cas s\u00fa peniaze, ale peniaze nie s\u00fa \u010das. M\u00e1rnotratn\u00fd syn neprem\u00e1rnil iba majetok, ale najm\u00e4 vz\u00e1cny \u010das, vz\u0165ahy a d\u00f4veru. Po p\u00e1de a\u017e na dno sa dok\u00e1zal kaja\u0165, aby sa zachr\u00e1nil. Neh\u013eadal vinn\u00edkov, ale priznal otcovi svoju chybu. Dok\u00e1\u017eeme to kone\u010dne aj my? Boh n\u00e1s u\u017e \u010dak\u00e1. <\/p>\n\n\n<p><!--more--><\/p>\n\n\n<p><strong>Sv\u00e4t\u00e9 om\u0161e u n\u00e1s:<\/strong><\/p>\n\n\n\n<p><strong>sobota \u2013 26. marca (s nede\u013enou platnos\u0165ou)<\/strong><\/p>\n\n\n\n<ul class=\"wp-block-list\"><li><strong>17:00 \u2013 Hrub\u00e1 Bor\u0161a \u2013 (slov.\/ma\u010f.)<\/strong><\/li><li><strong>18:00 \u2013 Kostoln\u00e1 \u2013 (slov.)<\/strong><\/li><\/ul>\n\n\n\n<p><strong>nede\u013ea \u2013 27. marca<\/strong><\/p>\n\n\n\n<ul class=\"wp-block-list\"><li><strong>8:00 \u2013 Hrub\u00fd \u0160\u00far \u2013 (ma\u010f.)<\/strong><\/li><li><strong>9:30 \u2013 Kostoln\u00e1 \u2013 (ma\u010f.)<\/strong><\/li><li><strong>11:00 \u2013 Kostoln\u00e1 \u2013 (slov.)<\/strong><\/li><\/ul>\n\n\n\n<p><strong>O t\u00fd\u017ede\u0148 v sobotu ideme spolo\u010dne na kr\u00ed\u017eov\u00fa cestu do Marianky. <\/strong>P\u00f4jdeme dvoma autobusmi, aj autami. Prihlasujte sa pros\u00edm u kostoln\u00edkov v sakristii. Odchod je 8:45 v Hrubej Bor\u0161i a Hrubom \u0160\u00fare a 9:00 v Kostolnej od kostola. Te\u0161\u00edme sa na V\u00c1S!<\/p>\n\n\n\n<p>Tento t\u00fd\u017ede\u0148 spoved\u00e1m v Kostolnej v stredu a \u0161tvrtok od 17:00 do 18:00 pod pr\u00edstre\u0161kom a v Hrubom \u0160\u00fare v nede\u013eu od 7:30 do 8:00. <strong>Sviatos\u0165 zmierenia pred sviatkami Ve\u013ekej noci bude v sobotu 2. apr\u00edla 2022 od 15:00 do 17:00. Vyu\u017eite t\u00fato pr\u00edle\u017eitos\u0165, ke\u010f do na\u0161ej farnosti pr\u00edde viacero k\u0148azov vysl\u00fa\u017ei\u0165 sviatos\u0165 zmierenia.<\/strong><\/p>\n\n\n\n<p>Chor\u00fdch budem spoveda\u0165 v piatok v Kostolnej od 9:00 do 10:00 a v Hrubom \u0160\u00fare od 10:00 do 11:00.<\/p>\n\n\n\n<p>Ador\u00e1cia bude v Kostolnej od stredy do piatku od 17:00 do 18:00.<\/p>\n\n\n\n<p><strong>Poz\u00fdvame v\u00e1s na modlitbov\u00e9 trojdnie spolo\u010denstva Modlitby matiek, ktor\u00e9 bude teraz v nede\u013eu o 15:00 vo farskom kostole v Kostolnej.<\/strong><\/p>\n\n\n\n<p>V na\u0161ej farnosti ka\u017ed\u00fa sobotu rob\u00edme potravinov\u00fa zbierku v\u017edy od 10:00 do 12:00. (O t\u00fd\u017ede\u0148 kv\u00f4li kr\u00ed\u017eovej ceste v Marianke aj nave\u010der od 17:00 do 18:00). Moment\u00e1lne na\u0161a farnos\u0165 v spolupr\u00e1ci s O\u00da v Kostolnej a viacer\u00fdmi rodinami prich\u00fdlila 40 ukrajinsk\u00fdch ute\u010dencov. Vyzer\u00e1 to tak, \u017ee sme na vrchole svojich re\u00e1lnych mo\u017enost\u00ed. Ve\u013ek\u00e1 v\u010faka v\u0161etk\u00fdm, ktor\u00ed pom\u00e1hate ak\u00fdmko\u013evek sp\u00f4sobom zmierni\u0165 \u013eudsk\u00e9 utrpenie. T\u00ed, ktor\u00ed sa rozhodnete prispie\u0165 finan\u010dne cez farsk\u00fd \u00fa\u010det SK28 0900 0000 0050 2969 7043, uve\u010fte \u201ePOMOC PRE OD\u00cdDENCOV\u201c. \u010eakujeme.<\/p>\n\n\n\n<p>Prech\u00e1dzame na letn\u00fd \u010das, pozor na zmenu \u010dasu bohoslu\u017eieb!<\/p>\n\n\n\n<p>Na bud\u00faci v\u00edkend sa bude kona\u0165 aj finan\u010dn\u00e1 zbierka vo v\u0161etk\u00fdch kostoloch pod z\u00e1\u0161titou KBS na pomoc obetiam vojnov\u00e9ho konfliktu na Ukrajine.<\/p>\n\n\n\n<p>Minulot\u00fd\u017ed\u0148ov\u00e1 pravideln\u00e1 mesa\u010dn\u00e1 zbierka vyniesla v Kostolnej na opravu farsk\u00e9ho kostola 1213,14 \u20ac, v Hrubej Bor\u0161i na prev\u00e1dzkov\u00e9 n\u00e1klady farnosti a opravu farsk\u00e9ho kostola 86 \u20ac a v Hrubom \u0160\u00fare v kaplnke 170,20 \u20ac. \u010eakujem za va\u0161u \u0161tedros\u0165.<\/p>\n\n\n\n<p>Aj tento rok pros\u00edme 2 % z dan\u00ed na \u201eZdru\u017eenie Senec a okolie\u201c, z ktor\u00e9ho potom vieme \u010derpa\u0165 prostriedky na opravu kostola. Tla\u010div\u00e1 s\u00fa na farskej str\u00e1nke. \u010eakujeme.<\/p>\n\n\n\n<p>S \u00factou, <br>Pavol Gajdo\u0161, v\u00e1\u0161 far\u00e1r<\/p>\n\t\t\t\t","protected":false},"excerpt":{"rendered":"<p>\u010cas s\u00fa peniaze, ale peniaze nie s\u00fa \u010das. M\u00e1rnotratn\u00fd syn neprem\u00e1rnil iba majetok, ale najm\u00e4 vz\u00e1cny \u010das, vz\u0165ahy a d\u00f4veru. Po p\u00e1de a\u017e na dno sa dok\u00e1zal kaja\u0165, aby sa zachr\u00e1nil. Neh\u013eadal vinn\u00edkov, ale priznal otcovi svoju chybu. Dok\u00e1\u017eeme to kone\u010dne aj my? Boh n\u00e1s u\u017e \u010dak\u00e1.<\/p>\n","protected":false},"author":7,"featured_media":6344,"comment_status":"closed","ping_status":"closed","sticky":false,"template":"","format":"standard","meta":{"footnotes":""},"categories":[13],"tags":[],"class_list":{"0":"entry","1":"post","2":"publish","3":"author-slado89gmail-com","4":"has-excerpt","5":"has-more-link","6":"post-6343","8":"format-standard","9":"has-post-thumbnail","10":"category-oznamy"},"_links":{"self":[{"href":"https:\/\/www.farakostolna.sk\/index.php?rest_route=\/wp\/v2\/posts\/6343","targetHints":{"allow":["GET"]}}],"collection":[{"href":"https:\/\/www.farakostolna.sk\/index.php?rest_route=\/wp\/v2\/posts"}],"about":[{"href":"https:\/\/www.farakostolna.sk\/index.php?rest_route=\/wp\/v2\/types\/post"}],"author":[{"embeddable":true,"href":"https:\/\/www.farakostolna.sk\/index.php?rest_route=\/wp\/v2\/users\/7"}],"replies":[{"embeddable":true,"href":"https:\/\/www.farakostolna.sk\/index.php?rest_route=%2Fwp%2Fv2%2Fcomments&post=6343"}],"version-history":[{"count":0,"href":"https:\/\/www.farakostolna.sk\/index.php?rest_route=\/wp\/v2\/posts\/6343\/revisions"}],"wp:featuredmedia":[{"embeddable":true,"href":"https:\/\/www.farakostolna.sk\/index.php?rest_route=\/"}],"wp:attachment":[{"href":"https:\/\/www.farakostolna.sk\/index.php?rest_route=%2Fwp%2Fv2%2Fmedia&parent=6343"}],"wp:term":[{"taxonomy":"category","embeddable":true,"href":"https:\/\/www.farakostolna.sk\/index.php?rest_route=%2Fwp%2Fv2%2Fcategories&post=6343"},{"taxonomy":"post_tag","embeddable":true,"href":"https:\/\/www.farakostolna.sk\/index.php?rest_route=%2Fwp%2Fv2%2Ftags&post=6343"}],"curies":[{"name":"wp","href":"https:\/\/api.w.org\/{rel}","templated":true}]}}