{"id":6337,"date":"2022-03-24T23:36:52","date_gmt":"2022-03-24T23:36:52","guid":{"rendered":"http:\/\/kostolna.fara.sk\/?p=6337"},"modified":"2022-03-24T23:36:52","modified_gmt":"2022-03-24T23:36:52","slug":"pomoc-pre-rodiny-z-ukrajiny-24-03-2022","status":"publish","type":"post","link":"https:\/\/www.farakostolna.sk\/?p=6337","title":{"rendered":"Pomoc pre rodiny z Ukrajiny (24.03.2022)"},"content":{"rendered":"\n\t\t\t\t\n\t\t\t\t\n<div class=\"wp-block-image\"><figure class=\"alignleft is-resized\"><img loading=\"lazy\" decoding=\"async\" src=\"https:\/\/www.farakostolna.sk\/wp-content\/uploads\/2022\/03\/WhatsApp-Image-2022-03-24-at-11.17.33-PM-1-1024x769.jpeg\" alt=\"\" class=\"wp-image-6338\" width=\"456\" height=\"342\"\/><\/figure><\/div>\n\n\n\n<p>Mil\u00ed priatelia! <b><span style=\"color:red\">V t\u00fato sobotu (26. marca) od 10:00 do 12:00 <\/span><\/b>budeme op\u00e4\u0165 potrebova\u0165 doplni\u0165 z\u00e1soby potrav\u00edn a u\u017eito\u010dn\u00fdch vec\u00ed do skladu na farskom dvore v Kostolnej pri Dunaji. <\/p>\n\n\n<p><!--more--><\/p>\n\n\n<p>Moment\u00e1lne na\u0161a farnos\u0165 v spolupr\u00e1ci s viacer\u00fdmi dobrodincami, miestnym obecn\u00fdm \u00faradom v Kostolnej pri Dunaji a jednotliv\u00fdmi rodinami prich\u00fdlila 40 ukrajinsk\u00fdch od\u00eddencov. Vyzer\u00e1 to tak, \u017ee sa nach\u00e1dzame na vrchole svojich re\u00e1lnych mo\u017enost\u00ed. V danej chv\u00edli h\u013ead\u00e1me pre nich mo\u017enosti zamestnania a brig\u00e1d. V pr\u00edpade vhodn\u00fdch pon\u00fak kontaktujte p. Martina \u0160ina\u013ea (0908698526). <\/p>\n\n\n\n<p>Tentoraz potrebujeme:<\/p>\n\n\n\n<p><strong>POTRAVINY<\/strong> <\/p>\n\n\n\n<ul class=\"wp-block-list\"><li><strong>m\u00e4so, sal\u00e1my, p\u00e1rky, klob\u00e1sy, slanina, <\/strong><\/li><li><strong>syry, maslo, jogurty, <\/strong><\/li><li><strong>d\u017eemy, n\u00e1tierky, <\/strong><\/li><li><strong>komp\u00f3ty, kysl\u00e9 uhorky, <\/strong><\/li><li><strong>ryby, konzervy, <\/strong><\/li><li><strong>ke\u010dup, hor\u010dicu, tat\u00e1rsku om\u00e1\u010dku, <\/strong><\/li><li><strong>d\u017e\u00fasy, miner\u00e1lne vody, sirupy, <\/strong><\/li><li><strong>koreniny, <\/strong><\/li><li><strong>ovocie &#8211; ban\u00e1ny, citr\u00f3ny\u2026 (okrem jab\u013ak), <\/strong><\/li><li><strong>zelenina &#8211; papriky, paradajky, uhorky\u2026 (okrem zemiakov, mrkvy, cibule a petr\u017elenu), <\/strong><\/li><li><strong>vaj\u00ed\u010dka <\/strong><\/li><\/ul>\n\n\n\n<p><strong>DROG\u00c9RIA <\/strong><\/p>\n\n\n\n<ul class=\"wp-block-list\"><li><strong>v\u00f4ne do WC, spreje, <\/strong><\/li><li><strong>d\u00e1mske \u017eiletky, int\u00edmky, vlo\u017eky, <\/strong><\/li><li><strong>dezodoranty &#8211; d\u00e1mske aj p\u00e1nske, <\/strong><\/li><li><strong>g\u00e9ly a pr\u00e1\u0161ky na pranie, aviv\u00e1\u017ee, <\/strong><\/li><li><strong>sanytol, \u010disti\u010de pre k\u00fape\u013e\u0148u, <\/strong><\/li><li><strong>hygienick\u00e9 serv\u00edtky, vlh\u010den\u00e9 obr\u00fasky, <\/strong><\/li><li><strong>toaletn\u00fd papier, kuchynsk\u00e9 utierky\u2026 <\/strong><\/li><\/ul>\n\n\n\n<p>Vopred ve\u013emi pekne \u010fakujeme za podporu a pomoc. V pr\u00edpade pouk\u00e1zania pe\u0148az\u00ed na farsk\u00fd \u00fa\u010det SK28 0900 0000 0050 2969 7043 do pozn\u00e1mky uve\u010fte &#8220;pomoc pre od\u00eddencov&#8221;. <\/p>\n\n\n\n<p>Ve\u013ek\u00e1 v\u010faka u\u017e vopred za obdarovan\u00fdch, i za cel\u00fd organiza\u010dn\u00fd t\u00edm. V pr\u00edpade ot\u00e1zok oh\u013eadom potrav\u00edn a vec\u00ed kontaktujte p. Zuzku \u0160ina\u013eov\u00fa (0917263583), koordin\u00e1torku farskej charity. Zoznam ka\u017ed\u00fd t\u00fd\u017ede\u0148 aktualizujeme.<\/p>\n\n\n\n<p>&#8220;Veru, hovor\u00edm v\u00e1m: \u010coko\u013evek ste urobili jedn\u00e9mu z t\u00fdchto mojich najmen\u0161\u00edch bratov, mne ste urobili.&#8221; (Mt 25, 40) <\/p>\n\n\n\n<p>S \u00factou, <br>Pavol Gajdo\u0161, v\u00e1\u0161 far\u00e1r (0902359859).<\/p>\n\t\t\t\t","protected":false},"excerpt":{"rendered":"<p>Mil\u00ed priatelia! V t\u00fato sobotu (26. marca) od 10:00 do 12:00 budeme op\u00e4\u0165 potrebova\u0165 doplni\u0165 z\u00e1soby potrav\u00edn a u\u017eito\u010dn\u00fdch vec\u00ed do skladu na farskom dvore v Kostolnej pri Dunaji.<\/p>\n","protected":false},"author":7,"featured_media":6338,"comment_status":"closed","ping_status":"closed","sticky":false,"template":"","format":"standard","meta":{"footnotes":""},"categories":[1],"tags":[],"class_list":{"0":"entry","1":"post","2":"publish","3":"author-slado89gmail-com","4":"has-excerpt","5":"has-more-link","6":"post-6337","8":"format-standard","9":"has-post-thumbnail","10":"category-uncategorized"},"_links":{"self":[{"href":"https:\/\/www.farakostolna.sk\/index.php?rest_route=\/wp\/v2\/posts\/6337","targetHints":{"allow":["GET"]}}],"collection":[{"href":"https:\/\/www.farakostolna.sk\/index.php?rest_route=\/wp\/v2\/posts"}],"about":[{"href":"https:\/\/www.farakostolna.sk\/index.php?rest_route=\/wp\/v2\/types\/post"}],"author":[{"embeddable":true,"href":"https:\/\/www.farakostolna.sk\/index.php?rest_route=\/wp\/v2\/users\/7"}],"replies":[{"embeddable":true,"href":"https:\/\/www.farakostolna.sk\/index.php?rest_route=%2Fwp%2Fv2%2Fcomments&post=6337"}],"version-history":[{"count":0,"href":"https:\/\/www.farakostolna.sk\/index.php?rest_route=\/wp\/v2\/posts\/6337\/revisions"}],"wp:featuredmedia":[{"embeddable":true,"href":"https:\/\/www.farakostolna.sk\/index.php?rest_route=\/"}],"wp:attachment":[{"href":"https:\/\/www.farakostolna.sk\/index.php?rest_route=%2Fwp%2Fv2%2Fmedia&parent=6337"}],"wp:term":[{"taxonomy":"category","embeddable":true,"href":"https:\/\/www.farakostolna.sk\/index.php?rest_route=%2Fwp%2Fv2%2Fcategories&post=6337"},{"taxonomy":"post_tag","embeddable":true,"href":"https:\/\/www.farakostolna.sk\/index.php?rest_route=%2Fwp%2Fv2%2Ftags&post=6337"}],"curies":[{"name":"wp","href":"https:\/\/api.w.org\/{rel}","templated":true}]}}