{"id":6330,"date":"2022-03-21T19:11:32","date_gmt":"2022-03-21T19:11:32","guid":{"rendered":"http:\/\/kostolna.fara.sk\/?p=6330"},"modified":"2022-03-21T19:11:32","modified_gmt":"2022-03-21T19:11:32","slug":"marcove-modlitbove-trojdnie-2","status":"publish","type":"post","link":"https:\/\/www.farakostolna.sk\/?p=6330","title":{"rendered":"Marcov\u00e9 modlitbov\u00e9 trojdnie"},"content":{"rendered":"\n\t\t\t\t\n\t\t\t\t\n<div class=\"wp-block-image\"><figure class=\"alignleft is-resized\"><img loading=\"lazy\" decoding=\"async\" src=\"http:\/\/kostolna.fara.sk\/wp-content\/uploads\/2020\/01\/CEEEFACD-7947-4446-BF25-F70F6E8128C8-1024x768.jpeg\" alt=\"\" class=\"wp-image-4528\" width=\"478\" height=\"359\"\/><\/figure><\/div>\n\n\n\n<p>&#x1f1f8;&#x1f1f0;Kr\u00e1\u010daj\u00fac spolo\u010dne ako jedna rodina n\u00e1s mamy i ka\u017ed\u00e9ho srde\u010dne poz\u00fdvame <a rel=\"noreferrer noopener\" aria-label=\"na marcov\u00e9 modlitbov\u00e9 trojdnie.  (otvor\u00ed sa v novej karte)\" href=\"http:\/\/kostolna.fara.sk\/wp-content\/uploads\/2022\/03\/Modlitbove-trojdnie-E%CC%81desanya%CC%81k-ima%CC%81ja.pdf\" target=\"_blank\">na marcov\u00e9 modlitbov\u00e9 trojdnie. <\/a><\/p>\n\n\n<p><!--more--><\/p>\n\n\n<hr class=\"wp-block-separator\"\/>\n\n\n\n<p>&#x1f1ed;&#x1f1fa;  Egy\u00fctt haladva egy csal\u00e1dk\u00e9nt szeretettel h\u00edvjuk az \u00e9desany\u00e1kat \u00e9s minden kedves h\u00edv\u0151t a <a href=\"http:\/\/kostolna.fara.sk\/wp-content\/uploads\/2022\/03\/Modlitbove-trojdnie-E%CC%81desanya%CC%81k-ima%CC%81ja.pdf\">m\u00e1rciusi h\u00e1romnapos imah\u00e9tv\u00e9g\u00e9re<\/a>.<\/p>\n\n\n\n<p><\/p>\n\t\t\t\t","protected":false},"excerpt":{"rendered":"<p>&#x1f1f8;&#x1f1f0;Kr\u00e1\u010daj\u00fac spolo\u010dne ako jedna rodina n\u00e1s mamy i ka\u017ed\u00e9ho srde\u010dne poz\u00fdvame na marcov\u00e9 modlitbov\u00e9 trojdnie.<\/p>\n","protected":false},"author":7,"featured_media":4528,"comment_status":"closed","ping_status":"closed","sticky":false,"template":"","format":"standard","meta":{"footnotes":""},"categories":[12,20],"tags":[],"class_list":{"0":"entry","1":"post","2":"publish","3":"author-slado89gmail-com","4":"has-excerpt","5":"has-more-link","6":"post-6330","8":"format-standard","9":"has-post-thumbnail","10":"category-modlitbove-trojdnie","11":"category-synoda"},"_links":{"self":[{"href":"https:\/\/www.farakostolna.sk\/index.php?rest_route=\/wp\/v2\/posts\/6330","targetHints":{"allow":["GET"]}}],"collection":[{"href":"https:\/\/www.farakostolna.sk\/index.php?rest_route=\/wp\/v2\/posts"}],"about":[{"href":"https:\/\/www.farakostolna.sk\/index.php?rest_route=\/wp\/v2\/types\/post"}],"author":[{"embeddable":true,"href":"https:\/\/www.farakostolna.sk\/index.php?rest_route=\/wp\/v2\/users\/7"}],"replies":[{"embeddable":true,"href":"https:\/\/www.farakostolna.sk\/index.php?rest_route=%2Fwp%2Fv2%2Fcomments&post=6330"}],"version-history":[{"count":0,"href":"https:\/\/www.farakostolna.sk\/index.php?rest_route=\/wp\/v2\/posts\/6330\/revisions"}],"wp:featuredmedia":[{"embeddable":true,"href":"https:\/\/www.farakostolna.sk\/index.php?rest_route=\/"}],"wp:attachment":[{"href":"https:\/\/www.farakostolna.sk\/index.php?rest_route=%2Fwp%2Fv2%2Fmedia&parent=6330"}],"wp:term":[{"taxonomy":"category","embeddable":true,"href":"https:\/\/www.farakostolna.sk\/index.php?rest_route=%2Fwp%2Fv2%2Fcategories&post=6330"},{"taxonomy":"post_tag","embeddable":true,"href":"https:\/\/www.farakostolna.sk\/index.php?rest_route=%2Fwp%2Fv2%2Ftags&post=6330"}],"curies":[{"name":"wp","href":"https:\/\/api.w.org\/{rel}","templated":true}]}}