{"id":6320,"date":"2022-03-18T23:55:34","date_gmt":"2022-03-18T23:55:34","guid":{"rendered":"http:\/\/kostolna.fara.sk\/?p=6320"},"modified":"2022-03-18T23:55:34","modified_gmt":"2022-03-18T23:55:34","slug":"farske-oznamy-a-zamyslenie-20-03-2022","status":"publish","type":"post","link":"https:\/\/www.farakostolna.sk\/?p=6320","title":{"rendered":"Farsk\u00e9 oznamy a zamyslenie (20.03.2022)"},"content":{"rendered":"\n\t\t\t\t\n\t\t\t\t\n<div class=\"wp-block-image\"><figure class=\"alignleft is-resized\"><img loading=\"lazy\" decoding=\"async\" src=\"https:\/\/www.farakostolna.sk\/wp-content\/uploads\/2022\/03\/WhatsApp-Image-2022-03-18-at-23.15.12-1-1.jpeg\" alt=\"\" class=\"wp-image-6321\" width=\"442\" height=\"332\"\/><\/figure><\/div>\n\n\n\n<p>Mo\u017eno ste sa aj vy prichytili pri h\u013eadan\u00ed vinn\u00edka. Na neho chceme pouk\u00e1za\u0165 prstom a seba postavi\u0165 mimo obvinenia. Takto to ale nefunguje. Je\u017ei\u0161 n\u00e1s cez ka\u017edodenn\u00e9 udalosti e\u0161te viac vyz\u00fdva nielen k p\u00f4stu, ale predov\u0161etk\u00fdm k pok\u00e1niu &#8211; On chce obr\u00e1tenie n\u00e1\u0161ho \u017eivota, nie h\u013eadanie vinn\u00edkov. Po\u010d\u00favneme ho kone\u010dne?<\/p>\n\n\n<p><!--more--><\/p>\n\n\n<p><strong>Sv\u00e4t\u00e9 om\u0161e u n\u00e1s:<\/strong><\/p>\n\n\n\n<p><strong>sobota \u2013 19. marca (s nede\u013enou platnos\u0165ou)<\/strong><\/p>\n\n\n\n<ul class=\"wp-block-list\"><li><strong>17:00 \u2013 Hrub\u00e1 Bor\u0161a \u2013 (slov.\/ma\u010f.)<\/strong><\/li><li><strong>18:00 \u2013 Kostoln\u00e1 \u2013 (slov.)<\/strong><\/li><\/ul>\n\n\n\n<p><strong>nede\u013ea \u2013 20. marca<\/strong><\/p>\n\n\n\n<ul class=\"wp-block-list\"><li><strong>8:00 \u2013 Hrub\u00fd \u0160\u00far \u2013 (ma\u010f.)<\/strong><\/li><li><strong>9:30 \u2013 Kostoln\u00e1 \u2013 (ma\u010f.)<\/strong><\/li><li><strong>11:00 \u2013 Kostoln\u00e1 \u2013 (slov.)<\/strong><\/li><\/ul>\n\n\n\n<p>Info pre \u0161of\u00e9rov: V Kostolnej sa v\u010faka MO\u00da v najbli\u017e\u0161\u00edch d\u0148och otvor\u00ed nov\u00e9 parkovisko aj pre n\u00e1v\u0161tevn\u00edkov kostola. Pros\u00edme v\u00e1s ale, tento v\u00edkend e\u0161te parkujte na farskej z\u00e1hrade s vchodom na konci m\u00faru smerom na Kr\u00e1\u013eov\u00fa. Je treba e\u0161te doasfaltova\u0165 kraj parkoviska, aby sa cesta nedrobila.<\/p>\n\n\n\n<p>Tento t\u00fd\u017ede\u0148 spoved\u00e1m v Kostolnej v od utorka do piatku v\u017edy od 16:00 do 17:00 pod pr\u00edstre\u0161kom a v Hrubom \u0160\u00fare v nede\u013eu od 7:30 do 8:00.<\/p>\n\n\n\n<p>Ador\u00e1cia bude v Kostolnej tie\u017e od utorka do piatku v\u017edy od 16:00 do 17:00.<\/p>\n\n\n\n<p>Bud\u00faci v\u00edkend sme pozvan\u00ed na modlitbov\u00e9 trojdnie spolo\u010denstva Modlitby matiek, ktor\u00e9 bude v piatok o 10:00 v Hrubom \u0160\u00fare, v sobotu o 10:00 v Hrubej Bor\u0161i a v nede\u013eu o 15:00 vo farskom kostole v Kostolnej.<\/p>\n\n\n\n<p>Pobo\u017enos\u0165 kr\u00ed\u017eovej cesty m\u00e1me po\u010das p\u00f4stneho obdobia v Hrubom \u0160\u00fare v piatky o 18:30 (ma\u010farsky), v Hrubej Bor\u0161i v soboty o 16:30 a v Kostolnej v nedele od 10:30 (slovensky) a 15:00 (ma\u010farsky).<\/p>\n\n\n\n<p>Tento v\u00edkend m\u00e1me pravideln\u00fa mesa\u010dn\u00fa zbierku na opravu farsk\u00e9ho kostola a prev\u00e1dzkov\u00e9 n\u00e1klady farnosti. Vopred \u010fakujeme.<\/p>\n\n\n\n<p>Ve\u013ek\u00e1 v\u010faka v\u0161etk\u00fdm, ktor\u00ed pom\u00e1hate ak\u00fdmko\u013evek sp\u00f4sobom zmierni\u0165 utrpenie ukrajinsk\u00fdm ute\u010dencom. T\u00ed, ktor\u00ed sa rozhodnete prispie\u0165 finan\u010dne cez farsk\u00fd \u00fa\u010det SK28 0900 0000 0050 2969 7043, uve\u010fte, pros\u00edm: \u201ePOMOC PRE UTE\u010cENCOV\u201c. \u010eakujeme.<\/p>\n\n\n\n<p>Aj tento rok pros\u00edme 2 % z dan\u00ed na \u201eZdru\u017eenie Senec a okolie\u201c, z ktor\u00e9ho potom vieme \u010derpa\u0165 prostriedky na opravu kostola. Tla\u010div\u00e1 s\u00fa na <a href=\"http:\/\/kostolna.fara.sk\/postup-krokov-na-poukazanie-2\/\">farskej str\u00e1nke<\/a>. \u010eakujeme.<\/p>\n\n\n\n<p>S \u00factou, <br>Pavol Gajdo\u0161, v\u00e1\u0161 far\u00e1r<\/p>\n\t\t\t\t","protected":false},"excerpt":{"rendered":"<p>Mo\u017eno ste sa aj vy prichytili pri h\u013eadan\u00ed vinn\u00edka. Na neho chceme pouk\u00e1za\u0165 prstom a seba postavi\u0165 mimo obvinenia. Takto to ale nefunguje. Je\u017ei\u0161 n\u00e1s cez ka\u017edodenn\u00e9 udalosti e\u0161te viac vyz\u00fdva nielen k p\u00f4stu, ale predov\u0161etk\u00fdm k pok\u00e1niu &#8211; On chce obr\u00e1tenie n\u00e1\u0161ho \u017eivota, nie h\u013eadanie vinn\u00edkov. Po\u010d\u00favneme ho kone\u010dne?<\/p>\n","protected":false},"author":7,"featured_media":6321,"comment_status":"closed","ping_status":"closed","sticky":false,"template":"","format":"standard","meta":{"footnotes":""},"categories":[13],"tags":[],"class_list":{"0":"entry","1":"post","2":"publish","3":"author-slado89gmail-com","4":"has-excerpt","5":"has-more-link","6":"post-6320","8":"format-standard","9":"has-post-thumbnail","10":"category-oznamy"},"_links":{"self":[{"href":"https:\/\/www.farakostolna.sk\/index.php?rest_route=\/wp\/v2\/posts\/6320","targetHints":{"allow":["GET"]}}],"collection":[{"href":"https:\/\/www.farakostolna.sk\/index.php?rest_route=\/wp\/v2\/posts"}],"about":[{"href":"https:\/\/www.farakostolna.sk\/index.php?rest_route=\/wp\/v2\/types\/post"}],"author":[{"embeddable":true,"href":"https:\/\/www.farakostolna.sk\/index.php?rest_route=\/wp\/v2\/users\/7"}],"replies":[{"embeddable":true,"href":"https:\/\/www.farakostolna.sk\/index.php?rest_route=%2Fwp%2Fv2%2Fcomments&post=6320"}],"version-history":[{"count":0,"href":"https:\/\/www.farakostolna.sk\/index.php?rest_route=\/wp\/v2\/posts\/6320\/revisions"}],"wp:featuredmedia":[{"embeddable":true,"href":"https:\/\/www.farakostolna.sk\/index.php?rest_route=\/"}],"wp:attachment":[{"href":"https:\/\/www.farakostolna.sk\/index.php?rest_route=%2Fwp%2Fv2%2Fmedia&parent=6320"}],"wp:term":[{"taxonomy":"category","embeddable":true,"href":"https:\/\/www.farakostolna.sk\/index.php?rest_route=%2Fwp%2Fv2%2Fcategories&post=6320"},{"taxonomy":"post_tag","embeddable":true,"href":"https:\/\/www.farakostolna.sk\/index.php?rest_route=%2Fwp%2Fv2%2Ftags&post=6320"}],"curies":[{"name":"wp","href":"https:\/\/api.w.org\/{rel}","templated":true}]}}