{"id":6315,"date":"2022-03-17T19:58:02","date_gmt":"2022-03-17T19:58:02","guid":{"rendered":"http:\/\/kostolna.fara.sk\/?p=6315"},"modified":"2022-03-17T19:58:02","modified_gmt":"2022-03-17T19:58:02","slug":"pomoc-pre-rodiny-z-ukrajiny-17-03-2022","status":"publish","type":"post","link":"https:\/\/www.farakostolna.sk\/?p=6315","title":{"rendered":"Pomoc pre rodiny z Ukrajiny (17.03.2022)"},"content":{"rendered":"\n\t\t\t\t\n\t\t\t\t\n<div class=\"wp-block-image\"><figure class=\"alignleft is-resized\"><img loading=\"lazy\" decoding=\"async\" src=\"https:\/\/www.farakostolna.sk\/wp-content\/uploads\/2022\/03\/WhatsApp-Image-2022-03-17-at-20.32.34-1-1024x768.jpeg\" alt=\"\" class=\"wp-image-6316\" width=\"433\" height=\"325\"\/><\/figure><\/div>\n\n\n\n<p>Mil\u00ed priatelia, \u010fakujeme za VA\u0160U nezi\u0161tn\u00fa doteraj\u0161iu pomoc. Minul\u00fa sobotu sa n\u00e1m spolo\u010dne podarilo pod\u013ea zoznamu zabezpe\u010di\u0165 sklad na farskom dvore. Z neho zatia\u013e pom\u00e1hame 25-tim \u013eu\u010fom z Ukrajiny. Postupne si vybavuj\u00fa doklady, h\u013eadaj\u00fa prechodn\u00fa pr\u00e1cu, z\u00fa\u010dast\u0148uj\u00fa sa kurzov slovensk\u00e9ho jazyka a de\u0165om vybavuj\u00fa \u0161koly, aby mohli dokon\u010di\u0165 \u0161kolsk\u00fd rok. Netrpezlivo \u010dakaj\u00fa na nov\u00e9 spr\u00e1vy z domova. Ve\u013emi sa t\u00fa\u017eia vr\u00e1ti\u0165 domov. Na Ukrajine maj\u00fa svojich man\u017eelov, synov, rodi\u010dov, pr\u00edbuzn\u00fdch\u2026 Naozaj s\u00fa ve\u013emi v\u010fa\u010dn\u00ed. M\u00f4\u017eem to aspo\u0148 poveda\u0165 o t\u00fdch, ktor\u00fdch m\u00e1me vo farnosti. Nedajme sa znechuti\u0165 pr\u00edpadn\u00fdmi jednotlivcami, ktor\u00ed by vy\u010dnievali z radu. <\/p>\n\n\n<p><!--more--><\/p>\n\n\n<p>V t\u00fato sobotu budeme prij\u00edma\u0165:<\/p>\n\n\n\n<ul class=\"wp-block-list\"><li><strong>mlie\u010dne v\u00fdrobky (syry, maslo), <\/strong><\/li><li><strong>zeleninu (papriku, paradajky, uhorky)<\/strong> nie zemiaky, mrkvu, cibu\u013eu a petr\u017elen, lebo tie dost\u00e1vame, <\/li><li><strong>ban\u00e1ny<\/strong>, <\/li><li><strong>vo\u0148avky<\/strong> (netreba kupova\u0165, ale ak m\u00e1te doma nejak\u00e9 parf\u00e9my, ktor\u00e9 nemaj\u00fa vyu\u017eitie, \u017eeny sa pote\u0161ia, lebo pri \u00fateku si ni\u010d podobn\u00e9 vzia\u0165 nestihli), <\/li><li><strong>mobiln\u00e9 telef\u00f3ny<\/strong> (funk\u010dn\u00e9, aj s nab\u00edja\u010dkami), <\/li><li><strong>pampersky pre deti,<\/strong> <\/li><li><strong>pre ps\u00edch n\u00e1v\u0161tevn\u00edkov: konzervy, granulky<\/strong> (na fare s\u00fa tri mal\u00e9 \u010divavy), <strong>podlo\u017eky,<\/strong><\/li><li>a e\u0161te h\u013ead\u00e1me <b>jazden\u00e9 auto<\/b>, ak by chcel niekto darova\u0165 \u010di po\u017ei\u010da\u0165 dlhodobo.<\/li><\/ul>\n\n\n\n<p><strong><span style=\"color:red\">Zbiera\u0165 sa bude v t\u00fato sobotu (19.3.) od 10:00 do 12:00. <\/span><\/strong>Pros\u00edm, prin\u00e1\u0161ajte veci len zo zoznamu. Ak nie\u010do potrebujete konzultova\u0165, volajte p. Zuzke \u0160ina\u013eovej (0917263583).<br><\/p>\n\n\n\n<p>Ak chcete pon\u00faknu\u0165 ubytovanie, volajte p. Martinovi \u0160ina\u013eovi (0908698526). O t\u00fd\u017ede\u0148 budeme zoznam op\u00e4\u0165 aktualizova\u0165.<\/p>\n\n\n\n<p>Ak preferujete finan\u010dn\u00fd pr\u00edspevok, tak m\u00f4\u017eete posiela\u0165 na farsk\u00fd \u00fa\u010det SK28 0900 0000 0050 2969 7043. Do pozn\u00e1mky uve\u010fte: &#8220;pomoc pre ute\u010dencov&#8221;.<\/p>\n\n\n\n<p>V mene cel\u00e9ho t\u00edmu pomocn\u00edkov, e\u0161te raz \u00faprimne \u010fakujem.<br><\/p>\n\n\n\n<p>S \u00factou, <br>Pavol Gajdo\u0161, v\u00e1\u0161 far\u00e1r<\/p>\n\t\t\t\t","protected":false},"excerpt":{"rendered":"<p>Mil\u00ed priatelia, \u010fakujeme za VA\u0160U nezi\u0161tn\u00fa doteraj\u0161iu pomoc. Minul\u00fa sobotu sa n\u00e1m spolo\u010dne podarilo pod\u013ea zoznamu zabezpe\u010di\u0165 sklad na farskom dvore. Z neho zatia\u013e pom\u00e1hame 25-tim \u013eu\u010fom z Ukrajiny. Postupne si vybavuj\u00fa doklady, h\u013eadaj\u00fa prechodn\u00fa pr\u00e1cu, z\u00fa\u010dast\u0148uj\u00fa sa kurzov slovensk\u00e9ho jazyka a de\u0165om vybavuj\u00fa \u0161koly, aby mohli dokon\u010di\u0165 \u0161kolsk\u00fd rok. Netrpezlivo \u010dakaj\u00fa na nov\u00e9 spr\u00e1vy &#8230; <span class=\"more\"><a class=\"more-link\" href=\"https:\/\/www.farakostolna.sk\/?p=6315\">[\u010c\u00edta\u0165 \u010falej&#8230;]<\/a><\/span><\/p>\n","protected":false},"author":7,"featured_media":6316,"comment_status":"closed","ping_status":"closed","sticky":false,"template":"","format":"standard","meta":{"footnotes":""},"categories":[1],"tags":[],"class_list":{"0":"entry","1":"post","2":"publish","3":"author-slado89gmail-com","4":"has-excerpt","5":"has-more-link","6":"post-6315","8":"format-standard","9":"has-post-thumbnail","10":"category-uncategorized"},"_links":{"self":[{"href":"https:\/\/www.farakostolna.sk\/index.php?rest_route=\/wp\/v2\/posts\/6315","targetHints":{"allow":["GET"]}}],"collection":[{"href":"https:\/\/www.farakostolna.sk\/index.php?rest_route=\/wp\/v2\/posts"}],"about":[{"href":"https:\/\/www.farakostolna.sk\/index.php?rest_route=\/wp\/v2\/types\/post"}],"author":[{"embeddable":true,"href":"https:\/\/www.farakostolna.sk\/index.php?rest_route=\/wp\/v2\/users\/7"}],"replies":[{"embeddable":true,"href":"https:\/\/www.farakostolna.sk\/index.php?rest_route=%2Fwp%2Fv2%2Fcomments&post=6315"}],"version-history":[{"count":0,"href":"https:\/\/www.farakostolna.sk\/index.php?rest_route=\/wp\/v2\/posts\/6315\/revisions"}],"wp:featuredmedia":[{"embeddable":true,"href":"https:\/\/www.farakostolna.sk\/index.php?rest_route=\/"}],"wp:attachment":[{"href":"https:\/\/www.farakostolna.sk\/index.php?rest_route=%2Fwp%2Fv2%2Fmedia&parent=6315"}],"wp:term":[{"taxonomy":"category","embeddable":true,"href":"https:\/\/www.farakostolna.sk\/index.php?rest_route=%2Fwp%2Fv2%2Fcategories&post=6315"},{"taxonomy":"post_tag","embeddable":true,"href":"https:\/\/www.farakostolna.sk\/index.php?rest_route=%2Fwp%2Fv2%2Ftags&post=6315"}],"curies":[{"name":"wp","href":"https:\/\/api.w.org\/{rel}","templated":true}]}}