{"id":6296,"date":"2022-03-12T12:53:05","date_gmt":"2022-03-12T12:53:05","guid":{"rendered":"http:\/\/kostolna.fara.sk\/?p=6296"},"modified":"2022-03-12T12:53:05","modified_gmt":"2022-03-12T12:53:05","slug":"farske-oznamy-a-zamyslenie-13-03-2022","status":"publish","type":"post","link":"https:\/\/www.farakostolna.sk\/?p=6296","title":{"rendered":"Farsk\u00e9 oznamy a zamyslenie (13.03.2022)"},"content":{"rendered":"\n\t\t\t\t\n\t\t\t\t\n<div class=\"wp-block-image\"><figure class=\"aligncenter is-resized\"><img loading=\"lazy\" decoding=\"async\" src=\"https:\/\/www.farakostolna.sk\/wp-content\/uploads\/2022\/03\/WhatsApp-Image-2022-03-12-at-13.48.15-1-1.jpeg\" alt=\"\" class=\"wp-image-6297\" width=\"651\" height=\"483\"\/><\/figure><\/div>\n\n\n\n<p>Ak si Bo\u017e\u00ed Syn\u2026 Teraz v\u0161ak po\u010dujeme od Boha Otca, kto je Je\u017ei\u0161 a \u010fal\u0161\u00ed odkaz je pre n\u00e1s osobne &#8211; m\u00e1me ho po\u010d\u00fava\u0165, nie pok\u00fa\u0161a\u0165. \u010co my vrav\u00edme Je\u017ei\u0161ovi?<\/p>\n\n\n<p><!--more--><\/p>\n\n\n<p><strong>Sv\u00e4t\u00e9 om\u0161e u n\u00e1s:<\/strong><\/p>\n\n\n\n<p><strong>sobota \u2013 12. marca (s nede\u013enou platnos\u0165ou)<\/strong><\/p>\n\n\n\n<ul class=\"wp-block-list\"><li><strong>17:00 \u2013 Hrub\u00e1 Bor\u0161a \u2013 (slov.\/ma\u010f.)<\/strong><\/li><li><strong>18:00 \u2013 Kostoln\u00e1 \u2013 (slov.)<\/strong><\/li><\/ul>\n\n\n\n<p><strong>nede\u013ea \u2013 13. marca<\/strong><\/p>\n\n\n\n<ul class=\"wp-block-list\"><li><strong>8:00 \u2013 Hrub\u00fd \u0160\u00far \u2013 (ma\u010f.)<\/strong><\/li><li><strong>9:30 \u2013 Kostoln\u00e1 \u2013 (ma\u010f.)<\/strong><\/li><li><strong>11:00 \u2013 Kostoln\u00e1 \u2013 (slov.)<\/strong><\/li><\/ul>\n\n\n\n<p>Ve\u013ek\u00e1 v\u010faka v\u0161etk\u00fdm, ktor\u00ed pom\u00e1hate ak\u00fdmko\u013evek sp\u00f4sobom zmierni\u0165 utrpenie ukrajinsk\u00fdm ute\u010dencom. Teraz v sobotu (12. 3.) ste boli \u00faplne \u00fa\u017easn\u00ed! Priniesli ste mno\u017estvo u\u017eito\u010dn\u00fdch potrav\u00edn a vec\u00ed. <strong><span style=\"color:red\">Vo \u0160TVRTOK ve\u010der budeme na tejto str\u00e1nke a FB aktualizova\u0165 zoznam potrebn\u00fdch potrav\u00edn a vec\u00ed na \u010fal\u0161ie dni. Zbierka n\u00e1sledne prebehne op\u00e4\u0165 v SOBOTU od 10:00 do 12:00 na farskom dvore pod\u013ea rozpisu.<\/span><\/strong> T\u00ed, ktor\u00ed sa rozhodnete prispie\u0165 finan\u010dne cez farsk\u00fd \u00fa\u010det SK28 0900 0000 0050 2969 7043, do pozn\u00e1mky uve\u010fte \u201ePOMOC PRE UTE\u010cENCOV\u201c. \u010eakujeme.<\/p>\n\n\n\n<p>Tento t\u00fd\u017ede\u0148 spoved\u00e1m v Kostolnej v stredu, \u0161tvrtok a piatok od 16:00 do 17:00 pod pr\u00edstre\u0161kom a v Hrubom \u0160\u00fare v nede\u013eu od 7:30 do 8:00. Vyu\u017eite t\u00fato mo\u017enos\u0165 a \u010das sv\u00e4t\u00e9ho p\u00f4stu pre\u017eime v milosti posv\u00e4cuj\u00facej.<\/p>\n\n\n\n<p>Ador\u00e1cia bude v Kostolnej v stredu, \u0161tvrtok a piatok od 16:00 do 17:00.<\/p>\n\n\n\n<p>Pon\u00fakam vo\u013en\u00e9 \u00famysly sv\u00e4t\u00fdch om\u0161\u00ed aj v najbli\u017e\u0161\u00edch t\u00fd\u017ed\u0148och.<\/p>\n\n\n\n<p>Pobo\u017enos\u0165 kr\u00ed\u017eovej cesty m\u00e1me po\u010das p\u00f4stneho obdobia v Hrubom \u0160\u00fare v piatky o 18:30 (ma\u010farsky), v Hrubej Bor\u0161i v soboty o 16:30 a v Kostolnej v\u017edy v nedele od 10:30 (slovensky) a 15:00 (ma\u010farsky).<\/p>\n\n\n\n<p>Minulot\u00fd\u017ed\u0148ov\u00e1 jarn\u00e1 zbierka na charitu vyniesla v na\u0161ej farnosti spolu 692,22 \u20ac, z toho v Kostolnej 411,22 \u20ac, v Hrubom \u0160\u00fare 177 \u20ac a v Hrubej Bor\u0161i 104 \u20ac. Ve\u013ek\u00e1 v\u010faka, peniaze sme preposlali na dan\u00fd \u00fa\u010det.<\/p>\n\n\n\n<p>Bud\u00facu nede\u013eu m\u00e1me pravideln\u00fa mesa\u010dn\u00fa zbierku na opravu farsk\u00e9ho kostola a prev\u00e1dzkov\u00e9 n\u00e1klady farnosti. Vopred \u010fakujem.<\/p>\n\n\n\n<p>Aj tento rok pros\u00edme 2 % z dan\u00ed na \u201eZdru\u017eenie Senec a okolie\u201c, z ktor\u00e9ho potom vieme \u010derpa\u0165 prostriedky na opravu kostola. <a href=\"http:\/\/kostolna.fara.sk\/postup-krokov-na-poukazanie-2\/\">Tla\u010div\u00e1 s\u00fa na farskej str\u00e1nke.<\/a> Tie\u017e vopred \u010fakujeme. <\/p>\n\n\n\n<p>S \u00factou, <br>Pavol Gajdo\u0161, v\u00e1\u0161 far\u00e1r<\/p>\n\n\n\n<div class=\"wp-block-image\"><figure class=\"aligncenter is-resized\"><img loading=\"lazy\" decoding=\"async\" src=\"https:\/\/www.farakostolna.sk\/wp-content\/uploads\/2022\/03\/WhatsApp-Image-2022-03-12-at-13.49.02-1-1024x768.jpeg\" alt=\"\" class=\"wp-image-6303\" width=\"602\" height=\"452\"\/><\/figure><\/div>\n\t\t\t\t","protected":false},"excerpt":{"rendered":"<p>Ak si Bo\u017e\u00ed Syn\u2026 Teraz v\u0161ak po\u010dujeme od Boha Otca, kto je Je\u017ei\u0161 a \u010fal\u0161\u00ed odkaz je pre n\u00e1s osobne &#8211; m\u00e1me ho po\u010d\u00fava\u0165, nie pok\u00fa\u0161a\u0165. \u010co my vrav\u00edme Je\u017ei\u0161ovi?<\/p>\n","protected":false},"author":7,"featured_media":6297,"comment_status":"closed","ping_status":"closed","sticky":false,"template":"","format":"standard","meta":{"footnotes":""},"categories":[13],"tags":[],"class_list":{"0":"entry","1":"post","2":"publish","3":"author-slado89gmail-com","4":"has-excerpt","5":"has-more-link","6":"post-6296","8":"format-standard","9":"has-post-thumbnail","10":"category-oznamy"},"_links":{"self":[{"href":"https:\/\/www.farakostolna.sk\/index.php?rest_route=\/wp\/v2\/posts\/6296","targetHints":{"allow":["GET"]}}],"collection":[{"href":"https:\/\/www.farakostolna.sk\/index.php?rest_route=\/wp\/v2\/posts"}],"about":[{"href":"https:\/\/www.farakostolna.sk\/index.php?rest_route=\/wp\/v2\/types\/post"}],"author":[{"embeddable":true,"href":"https:\/\/www.farakostolna.sk\/index.php?rest_route=\/wp\/v2\/users\/7"}],"replies":[{"embeddable":true,"href":"https:\/\/www.farakostolna.sk\/index.php?rest_route=%2Fwp%2Fv2%2Fcomments&post=6296"}],"version-history":[{"count":0,"href":"https:\/\/www.farakostolna.sk\/index.php?rest_route=\/wp\/v2\/posts\/6296\/revisions"}],"wp:featuredmedia":[{"embeddable":true,"href":"https:\/\/www.farakostolna.sk\/index.php?rest_route=\/"}],"wp:attachment":[{"href":"https:\/\/www.farakostolna.sk\/index.php?rest_route=%2Fwp%2Fv2%2Fmedia&parent=6296"}],"wp:term":[{"taxonomy":"category","embeddable":true,"href":"https:\/\/www.farakostolna.sk\/index.php?rest_route=%2Fwp%2Fv2%2Fcategories&post=6296"},{"taxonomy":"post_tag","embeddable":true,"href":"https:\/\/www.farakostolna.sk\/index.php?rest_route=%2Fwp%2Fv2%2Ftags&post=6296"}],"curies":[{"name":"wp","href":"https:\/\/api.w.org\/{rel}","templated":true}]}}