{"id":6290,"date":"2022-03-12T12:46:39","date_gmt":"2022-03-12T12:46:39","guid":{"rendered":"http:\/\/kostolna.fara.sk\/?p=6290"},"modified":"2022-03-12T12:46:39","modified_gmt":"2022-03-12T12:46:39","slug":"prve-stretnutie-moderatorov-synody-v-nasom-farskom-spolocenstve","status":"publish","type":"post","link":"https:\/\/www.farakostolna.sk\/?p=6290","title":{"rendered":"Prv\u00e9 stretnutie moder\u00e1torov synody v na\u0161om farskom spolo\u010denstve"},"content":{"rendered":"\n\t\t\t\t\n\t\t\t\t\n<div class=\"wp-block-image\"><figure class=\"alignleft is-resized\"><img loading=\"lazy\" decoding=\"async\" src=\"https:\/\/www.farakostolna.sk\/wp-content\/uploads\/2022\/03\/image_50350849-1-1-1024x768.jpg\" alt=\"\" class=\"wp-image-6291\" width=\"454\" height=\"341\"\/><\/figure><\/div>\n\n\n\n<p>&#x1f1f8;&#x1f1f0; \u010eakujeme v\u0161etk\u00fdm, ktor\u00ed prijali na\u0161e pozvanie na prv\u00e9 stretnutie moder\u00e1torov synody v na\u0161om farskom spolo\u010denstve. Mnoh\u00ed z n\u00e1s, aj ke\u010f bez konkr\u00e9tnych cie\u013eov, ale so z\u00e1ujmom, sme sa vydali na synod\u00e1lnu cestu k pokroku pre sam\u00fdch seba a na\u0161u komunitu. \u010eakujeme, \u017ee sa s nami \u00faprimne podelili o svoje n\u00e1zory, ot\u00e1zky, obavy! Nech n\u00e1s na\u010falej vedie Duch Sv\u00e4t\u00fd a verme, \u017ee P\u00e1n n\u00e1s neopust\u00ed ani uprostred zdanlivo nemo\u017en\u00fdch vec\u00ed! <\/p>\n\n\n<p><!--more--><\/p>\n\n\n<p>,,T\u00ed v\u0161ak, \u010do d\u00fafaj\u00fa v P\u00e1na, dost\u00e1vaj\u00fa nov\u00fa silu, z\u00edskavaj\u00fa kr\u00eddla ako orly, uteka\u0165 bud\u00fa a neustan\u00fa, bud\u00fa putova\u0165 a neomdlej\u00fa.\u201d Iz 40, 31 <\/p>\n\n\n\n<hr class=\"wp-block-separator\"\/>\n\n\n\n<p>&#x1f1ed;&#x1f1fa; Szeretn\u00e9nk megk\u00f6sz\u00f6nni mindazoknak, akik elfogadt\u00e1k megh\u00edv\u00e1sunkat az els\u0151 szin\u00f3dusi moder\u00e1torok tal\u00e1lkoz\u00f3j\u00e1ra az egyh\u00e1zfai pl\u00e9b\u00e1nia k\u00f6z\u00f6ss\u00e9gben.T\u00f6bben k\u00f6z\u00fcl\u00fcnk ha nem is konkr\u00e9t c\u00e9lokkal, de \u00e9rdekl\u0151dve, a magunk \u00e9s k\u00f6z\u00f6ss\u00e9g\u00fcnk el\u0151rehalad\u00e1sa \u00e9rdek\u00e9ben indultak el a szin\u00f3dusi \u00faton. K\u00f6sz\u00f6nj\u00fck, hogy \u00a0\u0151szint\u00e9n megosztott\u00e1k vel\u00fcnk v\u00e9lem\u00e9ny\u00fcket, k\u00e9rd\u00e9seiket, aggodalmaikat! Hagyjuk, hogy \u00a0a Szentl\u00e9lek vezessen benn\u00fcnket tov\u00e1bbra is, \u00e9s higgy\u00fcnk abban, hogy az \u00dar nem \u00a0hagy magunkra m\u00e9g a lehetetlennek t\u0171n\u0151 dolgok k\u00f6zepette sem! <\/p>\n\n\n\n<p>,,De akik az \u00darban b\u00edznak, \u00faj er\u0151re kapnak, sz\u00e1rnyra kelnek, mint a sasok. Futnak, de nem f\u00e1radnak ki, j\u00e1rnak-kelnek, de nem lankadnak el.\u201d Iz 40, 31 <\/p>\n\n\n\n<div class=\"wp-block-image\"><figure class=\"aligncenter\"><img decoding=\"async\" src=\"https:\/\/www.farakostolna.sk\/wp-content\/uploads\/2022\/03\/image_50386945-1-1-1024x558.jpg\" alt=\"\" class=\"wp-image-6292\"\/><\/figure><\/div>\n\n\n\n<div class=\"wp-block-image\"><figure class=\"aligncenter\"><img decoding=\"async\" src=\"https:\/\/www.farakostolna.sk\/wp-content\/uploads\/2022\/03\/image_50398465-1-1.jpg\" alt=\"\" class=\"wp-image-6293\"\/><\/figure><\/div>\n\t\t\t\t","protected":false},"excerpt":{"rendered":"<p>&#x1f1f8;&#x1f1f0; \u010eakujeme v\u0161etk\u00fdm, ktor\u00ed prijali na\u0161e pozvanie na prv\u00e9 stretnutie moder\u00e1torov synody v na\u0161om farskom spolo\u010denstve. Mnoh\u00ed z n\u00e1s, aj ke\u010f bez konkr\u00e9tnych cie\u013eov, ale so z\u00e1ujmom, sme sa vydali na synod\u00e1lnu cestu k pokroku pre sam\u00fdch seba a na\u0161u komunitu. \u010eakujeme, \u017ee sa s nami \u00faprimne podelili o svoje n\u00e1zory, ot\u00e1zky, obavy! Nech n\u00e1s &#8230; <span class=\"more\"><a class=\"more-link\" href=\"https:\/\/www.farakostolna.sk\/?p=6290\">[\u010c\u00edta\u0165 \u010falej&#8230;]<\/a><\/span><\/p>\n","protected":false},"author":7,"featured_media":6291,"comment_status":"closed","ping_status":"closed","sticky":false,"template":"","format":"standard","meta":{"footnotes":""},"categories":[20],"tags":[],"class_list":{"0":"entry","1":"post","2":"publish","3":"author-slado89gmail-com","4":"has-excerpt","5":"has-more-link","6":"post-6290","8":"format-standard","9":"has-post-thumbnail","10":"category-synoda"},"_links":{"self":[{"href":"https:\/\/www.farakostolna.sk\/index.php?rest_route=\/wp\/v2\/posts\/6290","targetHints":{"allow":["GET"]}}],"collection":[{"href":"https:\/\/www.farakostolna.sk\/index.php?rest_route=\/wp\/v2\/posts"}],"about":[{"href":"https:\/\/www.farakostolna.sk\/index.php?rest_route=\/wp\/v2\/types\/post"}],"author":[{"embeddable":true,"href":"https:\/\/www.farakostolna.sk\/index.php?rest_route=\/wp\/v2\/users\/7"}],"replies":[{"embeddable":true,"href":"https:\/\/www.farakostolna.sk\/index.php?rest_route=%2Fwp%2Fv2%2Fcomments&post=6290"}],"version-history":[{"count":0,"href":"https:\/\/www.farakostolna.sk\/index.php?rest_route=\/wp\/v2\/posts\/6290\/revisions"}],"wp:featuredmedia":[{"embeddable":true,"href":"https:\/\/www.farakostolna.sk\/index.php?rest_route=\/"}],"wp:attachment":[{"href":"https:\/\/www.farakostolna.sk\/index.php?rest_route=%2Fwp%2Fv2%2Fmedia&parent=6290"}],"wp:term":[{"taxonomy":"category","embeddable":true,"href":"https:\/\/www.farakostolna.sk\/index.php?rest_route=%2Fwp%2Fv2%2Fcategories&post=6290"},{"taxonomy":"post_tag","embeddable":true,"href":"https:\/\/www.farakostolna.sk\/index.php?rest_route=%2Fwp%2Fv2%2Ftags&post=6290"}],"curies":[{"name":"wp","href":"https:\/\/api.w.org\/{rel}","templated":true}]}}