{"id":6263,"date":"2022-03-04T22:52:31","date_gmt":"2022-03-04T22:52:31","guid":{"rendered":"http:\/\/kostolna.fara.sk\/?p=6263"},"modified":"2022-03-04T22:52:31","modified_gmt":"2022-03-04T22:52:31","slug":"farske-oznamy-a-zamyslenie-06-03-2022","status":"publish","type":"post","link":"https:\/\/www.farakostolna.sk\/?p=6263","title":{"rendered":"Farsk\u00e9 oznamy a zamyslenie (06.03.2022)"},"content":{"rendered":"\n\t\t\t\t\n\t\t\t\t\n<div class=\"wp-block-image\"><figure class=\"aligncenter is-resized\"><img loading=\"lazy\" decoding=\"async\" src=\"https:\/\/www.farakostolna.sk\/wp-content\/uploads\/2022\/03\/WhatsApp-Image-2022-03-04-at-23.35.37-1-1.jpeg\" alt=\"\" class=\"wp-image-6264\" width=\"437\" height=\"569\"\/><\/figure><\/div>\n\n\n\n<p>Diabol pok\u00fa\u0161a Je\u017ei\u0161a v okamihu, ke\u010f je najviac telesne slab\u00fd a pon\u00faka mu sam\u00e9 dobr\u00e9 veci, dokonca sa odvol\u00e1va na P\u00edsmo. Ak si tr\u00fafol pok\u00fa\u0161a\u0165 Bo\u017eieho Syna, n\u00e1m sa isto nevyhne. Vn\u00edmame tieto n\u00e1strahy? Dok\u00e1\u017eeme rozpozna\u0165 zlo aj ke\u010f je &#8220;pekne zabalen\u00e9&#8221;? Sk\u00fasme vn\u00edma\u0165 veci Bo\u017eou optikou, aby sme dok\u00e1zali odola\u0165 t\u00fdmto sk\u00fa\u0161kam.<\/p>\n\n\n<p><!--more--><\/p>\n\n\n<p><strong>Sv\u00e4t\u00e9 om\u0161e u n\u00e1s:<\/strong><\/p>\n\n\n\n<p><strong>sobota \u2013 5. marca (s nede\u013enou platnos\u0165ou)<\/strong><\/p>\n\n\n\n<ul class=\"wp-block-list\"><li><strong>17:00 \u2013 Hrub\u00e1 Bor\u0161a \u2013 (slov.\/ma\u010f.)<\/strong><\/li><li><strong>18:00 \u2013 Kostoln\u00e1 \u2013 (slov.)<\/strong><\/li><\/ul>\n\n\n\n<p><strong>nede\u013ea \u2013 6. marca<\/strong><\/p>\n\n\n\n<ul class=\"wp-block-list\"><li><strong>8:00 \u2013 Hrub\u00fd \u0160\u00far \u2013 (ma\u010f.)<\/strong><\/li><li><strong>9:30 \u2013 Kostoln\u00e1 \u2013 (ma\u010f.)<\/strong><\/li><li><strong>11:00 \u2013 Kostoln\u00e1 \u2013 (slov.)<\/strong><\/li><\/ul>\n\n\n\n<p>Od marca u\u017e nie s\u00fa sv\u00e4t\u00e9 om\u0161e v sobotu o 16:00 a v nede\u013eu o 7:00. Pre t\u00fdch, ktor\u00ed chc\u00fa uprednostni\u0165 pr\u00e1zdnej\u0161\u00ed kostol, d\u00e1vam do pozornosti sv\u00e4t\u00fa om\u0161u v soboty o 18:00. Z\u00e1rove\u0148 v\u00e1s v p\u00f4stnom obdob\u00ed poz\u00fdvam na sv\u00e4t\u00e9 om\u0161e aj cez v\u0161edn\u00e9 dni.<\/p>\n\n\n\n<p>Tento t\u00fd\u017ede\u0148 budem spoveda\u0165 v Kostolnej v utorok, stredu, \u0161tvrtok a piatok od 16:00 do 17:00 pod pr\u00edstre\u0161kom a v Hrubom \u0160\u00fare v nede\u013eu od 7:30 do 8:00. Vyu\u017eite t\u00fato mo\u017enos\u0165 a \u010das sv\u00e4t\u00e9ho p\u00f4stu pre\u017eime v milosti posv\u00e4cuj\u00facej.<\/p>\n\n\n\n<p>Ador\u00e1cia bude v Kostolnej v utorok, stredu, \u0161tvrtok a piatok od 16:00 do 17:00.<\/p>\n\n\n\n<p>T\u00ed, ktor\u00ed zo svedomia chcete prij\u00edma\u0165 P\u00e1na Je\u017ei\u0161a priamo do \u00fast, prich\u00e1dzajte pros\u00edm k z\u00e1veru rozd\u00e1vania sv. prij\u00edmania. \u010eakujem za pochopenie. Di\u0161penz od povinnosti \u00fa\u010dasti na sv\u00e4tej om\u0161i je po\u010dn\u00fac 6. marcom 2022 zru\u0161en\u00fd.<\/p>\n\n\n\n<p>Pon\u00fakam vo\u013en\u00e9 \u00famysly sv\u00e4t\u00fdch om\u0161\u00ed aj v najbli\u017e\u0161\u00edch t\u00fd\u017ed\u0148och.<\/p>\n\n\n\n<p>Ve\u013ek\u00e1 v\u010faka v\u0161etk\u00fdm, ktor\u00ed ste doposia\u013e ak\u00fdmko\u013evek sp\u00f4sobom pomohli zmierni\u0165 utrpenie ukrajinsk\u00fdm ute\u010dencom (preva\u017ene \u017een\u00e1m a de\u0165om, ke\u010f\u017ee mu\u017eov cez hranicu nepustia). Na poschod\u00ed fary je doposia\u013e ubytovan\u00fdch 11 \u013eud\u00ed. Aj \u010fal\u0161ie rodiny otv\u00e1raj\u00fa svoje dvere pre t\u00fdchto \u013eud\u00ed. Na farskom dvore od tohto t\u00fd\u017ed\u0148a zria\u010fujeme ak\u00e9si na\u0161e \u201elogistick\u00e9 centrum\u201c &#8211; (ve\u013ekokapacitn\u00fd zabezpe\u010den\u00fd kontajner), v ktorom budeme prij\u00edma\u0165 pod\u013ea \u010dasov\u00e9ho harmonogramu materi\u00e1lnu pomoc. P\u00f4jde o u\u017eito\u010dn\u00e9 veci (napr. potraviny, ovocie, kozmetika, lieky, \u017eehli\u010dky, f\u00e9ny, matrace, poste\u013en\u00e9 pr\u00e1dlo, papu\u010de, nepou\u017eit\u00e1 spodn\u00e1 bielize\u0148\u2026at\u010f.) Tieto potom n\u00e1sledne budeme rozde\u013eova\u0165 aj rodin\u00e1m, ktor\u00e9 sa rozhodn\u00fa prija\u0165 t\u00fdchto ute\u010dencov. <strong>Pros\u00edm, kontaktujte na\u0161ich dobrovo\u013en\u00edkov.<\/strong> \u010coskoro v najbli\u017e\u0161\u00edch d\u0148och sa ur\u010dia presne sp\u00f4sob a \u010das slu\u017eieb. Sledujte farsk\u00fd Facebook alebo web. <strong>Pros\u00edm nenoste svojvo\u013ene \u017eiadne veci. \u0160aty a hra\u010dky zatia\u013e ur\u010dite nenoste! <\/strong>T\u00edto \u013eudia potrebuj\u00fa v prvom rade pokoj, prijatie, tepl\u00fa izbu, WiFi na komunik\u00e1ciu so svojimi mu\u017emi a synmi. V\u0161etci prich\u00e1dzaj\u00fa po dlh\u00fdch d\u0148och \u00fanavnej cesty. S\u00fa ve\u013emi vy\u010derpan\u00ed a u\u017eialen\u00ed. Ich t\u00fa\u017eba je \u010d\u00edm sk\u00f4r sa vr\u00e1ti\u0165 domov, nikto v\u0161ak nevieme, dokedy t\u00e1to kritick\u00e1 situ\u00e1cia bude trva\u0165. Ak niekto e\u0161te m\u00f4\u017ee pom\u00f4c\u0165 s ubytovan\u00edm, je dobr\u00e9 n\u00e1s kontaktova\u0165. <strong>Pros\u00edm, V\u017dDY volajte na\u0161im dobrovo\u013en\u00edkom:<\/strong><\/p>\n\n\n\n<ul class=\"wp-block-list\"><li><strong>p. Zuzka \u0160ina\u013eov\u00e1: \u202a0917263583\u202c \u2013 koordin\u00e1torka farskej charity, <\/strong><\/li><li><strong>p. Janka \u0160olt\u00edsov\u00e1: \u202a0903409320\u202c,<\/strong><\/li><li><b>p. Martin \u0160ina\u013e: 0908698526 <\/b><strong>\u2013 ubytovanie <\/strong><b><span>pre <\/span>ukrajinsk\u00fdch ute\u010dencov,<\/b><\/li><li><strong>p. Lucka Bla\u0161\u010d\u00e1kov\u00e1 \u2013 pomoc s dopravou: \u202a0904391737\u202c.<\/strong><\/li><\/ul>\n\n\n\n<p>T\u00ed, ktor\u00ed sa rozhodnete prispie\u0165 <strong>finan\u010dne cez farsk\u00fd \u00fa\u010det SK28 0900 0000 0050 2969 7043, nezabudnite uvies\u0165 \u201ePOMOC PRE UTE\u010cENCOV\u201c. <\/strong>Doposia\u013e evidujeme od 14-tich spolu 1600 \u20ac na pomoc pre ute\u010dencov. \u010eakujeme.<\/p>\n\n\n\n<p>Pobo\u017enos\u0165 kr\u00ed\u017eovej cesty m\u00e1me po\u010das p\u00f4stneho obdobia v Hrubom \u0160\u00fare v piatky o 18:30 (ma\u010farsky), v Hrubej Bor\u0161i v soboty o 16:30 a v Kostolnej v\u017edy v nedele od 10:30 (slovensky) a 14:30 (ma\u010farsky).<\/p>\n\n\n\n<p><strong>Stretnutie na t\u00e9mu synody bude teraz 6. 3. o 15:00 v kult\u00farnom dome najm\u00e4 pre pozvan\u00fdch moder\u00e1torov.<\/strong> <\/p>\n\n\n\n<p>Tento v\u00edkend je vo v\u0161etk\u00fdch kostoloch jarn\u00e1 zbierka na charitu.<\/p>\n\n\n\n<p>Aj tento rok pros\u00edme 2 % z dan\u00ed na \u201eZdru\u017eenie Senec a okolie\u201c, z ktor\u00e9ho potom vieme \u010derpa\u0165 prostriedky na opravu kostola. <a href=\"http:\/\/kostolna.fara.sk\/postup-krokov-na-poukazanie-2\/\">Tla\u010div\u00e1 s\u00fa na farskej str\u00e1nke<\/a>. \u010eakujeme.<\/p>\n\n\n\n<p>S \u00factou, <br>Pavol Gajdo\u0161, v\u00e1\u0161 far\u00e1r<\/p>\n\t\t\t\t","protected":false},"excerpt":{"rendered":"<p>Diabol pok\u00fa\u0161a Je\u017ei\u0161a v okamihu, ke\u010f je najviac telesne slab\u00fd a pon\u00faka mu sam\u00e9 dobr\u00e9 veci, dokonca sa odvol\u00e1va na P\u00edsmo. Ak si tr\u00fafol pok\u00fa\u0161a\u0165 Bo\u017eieho Syna, n\u00e1m sa isto nevyhne. Vn\u00edmame tieto n\u00e1strahy? Dok\u00e1\u017eeme rozpozna\u0165 zlo aj ke\u010f je &#8220;pekne zabalen\u00e9&#8221;? Sk\u00fasme vn\u00edma\u0165 veci Bo\u017eou optikou, aby sme dok\u00e1zali odola\u0165 t\u00fdmto sk\u00fa\u0161kam.<\/p>\n","protected":false},"author":7,"featured_media":6264,"comment_status":"closed","ping_status":"closed","sticky":false,"template":"","format":"standard","meta":{"footnotes":""},"categories":[13],"tags":[],"class_list":{"0":"entry","1":"post","2":"publish","3":"author-slado89gmail-com","4":"has-excerpt","5":"has-more-link","6":"post-6263","8":"format-standard","9":"has-post-thumbnail","10":"category-oznamy"},"_links":{"self":[{"href":"https:\/\/www.farakostolna.sk\/index.php?rest_route=\/wp\/v2\/posts\/6263","targetHints":{"allow":["GET"]}}],"collection":[{"href":"https:\/\/www.farakostolna.sk\/index.php?rest_route=\/wp\/v2\/posts"}],"about":[{"href":"https:\/\/www.farakostolna.sk\/index.php?rest_route=\/wp\/v2\/types\/post"}],"author":[{"embeddable":true,"href":"https:\/\/www.farakostolna.sk\/index.php?rest_route=\/wp\/v2\/users\/7"}],"replies":[{"embeddable":true,"href":"https:\/\/www.farakostolna.sk\/index.php?rest_route=%2Fwp%2Fv2%2Fcomments&post=6263"}],"version-history":[{"count":0,"href":"https:\/\/www.farakostolna.sk\/index.php?rest_route=\/wp\/v2\/posts\/6263\/revisions"}],"wp:featuredmedia":[{"embeddable":true,"href":"https:\/\/www.farakostolna.sk\/index.php?rest_route=\/"}],"wp:attachment":[{"href":"https:\/\/www.farakostolna.sk\/index.php?rest_route=%2Fwp%2Fv2%2Fmedia&parent=6263"}],"wp:term":[{"taxonomy":"category","embeddable":true,"href":"https:\/\/www.farakostolna.sk\/index.php?rest_route=%2Fwp%2Fv2%2Fcategories&post=6263"},{"taxonomy":"post_tag","embeddable":true,"href":"https:\/\/www.farakostolna.sk\/index.php?rest_route=%2Fwp%2Fv2%2Ftags&post=6263"}],"curies":[{"name":"wp","href":"https:\/\/api.w.org\/{rel}","templated":true}]}}