{"id":6237,"date":"2022-03-03T15:32:14","date_gmt":"2022-03-03T15:32:14","guid":{"rendered":"http:\/\/kostolna.fara.sk\/?p=6237"},"modified":"2022-03-03T15:32:14","modified_gmt":"2022-03-03T15:32:14","slug":"pomoc-pre-prichadzajucich-utecencov-z-ukrajiny","status":"publish","type":"post","link":"https:\/\/www.farakostolna.sk\/?p=6237","title":{"rendered":"Pomoc pre prich\u00e1dzaj\u00facich ute\u010dencov z Ukrajiny"},"content":{"rendered":"\n\t\t\t\t\n\t\t\t\t\n<div class=\"wp-block-image\"><figure class=\"alignleft is-resized\"><img loading=\"lazy\" decoding=\"async\" src=\"https:\/\/www.farakostolna.sk\/wp-content\/uploads\/2022\/03\/WhatsApp-Image-2022-03-03-at-16.25.06-1-1024x697.jpeg\" alt=\"\" class=\"wp-image-6238\" width=\"438\" height=\"297\"\/><\/figure><\/div>\n\n\n\n<p>Mil\u00ed priatelia, \u010fakujeme v\u0161etk\u00fdm, ktor\u00ed ste doposia\u013e ak\u00fdmko\u013evek sp\u00f4sobom prispeli ku zmierneniu utrpenia prich\u00e1dzaj\u00facich ute\u010dencov z Ukrajiny. Na na\u0161ej fare v Kostolnej pri Dunaji m\u00e1me od v\u010dera ubytovan\u00fdch 5-tich, dnes ve\u010der pr\u00eddu na faru ich pr\u00edbuzn\u00ed &#8211; \u010fal\u0161\u00ed \u0161iesti. Nesk\u00f4r mo\u017eno e\u0161te \u010fal\u0161\u00ed. Preva\u017ene s\u00fa to \u017eeny s de\u0165mi, ke\u010f\u017ee mu\u017ei nem\u00f4\u017eu opusti\u0165 Ukrajinu. <\/p>\n\n\n<p><!--more--><\/p>\n\n\n<p style=\"background-image: url('https:\/\/www.farakostolna.sk\/wp-content\/uploads\/2022\/03\/flag-of-ukraine-1-1.png');background-size: 100% 100%;\">Vzh\u013eadom nato, \u017ee aj viacer\u00ed na\u0161i farn\u00edci sa rozhodli otvori\u0165 svoje pr\u00edbytky utekaj\u00facim Ukrajincom, zriadili sme na fare ak\u00e9si &#8220;logistick\u00e9 centrum&#8221;, kde sa po konzult\u00e1cii s na\u0161imi dobrovo\u013en\u00edkmi m\u00f4\u017eu prin\u00e1\u0161a\u0165 najm\u00e4 trvanliv\u00e9 potraviny, hygienick\u00e9 a zdravotn\u00e9 pom\u00f4cky. Tieto vieme potom pos\u00fava\u0165 do rod\u00edn, ktor\u00e9 sa rozhodli, alebo e\u0161te rozhodn\u00fa ubytova\u0165 ute\u010dencov. Takisto predpoklad\u00e1me, \u017ee bud\u00fa potrebn\u00e9 aj papl\u00f3ny, postele, deky, \u010distiace a pracie prostriedky\u2026 Pros\u00edm, v\u017edy v\u0161etko konzultujte s nami, nenoste veci svojvo\u013ene, aby sa nehromadili, nerobilo sa chaoticky a zbyto\u010dne neplytvalo. U\u0161etr\u00edte t\u00fdm aj na\u0161e sily a energiu, ktor\u00fa tomu venujeme. <strong>\u0160aty a hra\u010dky zatia\u013e NENOSTE!<\/strong> T\u00edto \u013eudia potrebuj\u00fa v prvom rade pokoj, prijatie, tepl\u00fa izbu, WiFi na komunik\u00e1ciu so svojimi mu\u017emi a synmi, ktor\u00ed museli osta\u0165 na fronte. V\u0161etci prich\u00e1dzaj\u00fa po nieko\u013ek\u00fdch d\u0148och a nociach \u00fanavnej cesty. S\u00fa ve\u013emi vy\u010derpan\u00ed a u\u017eialen\u00ed. Je ide\u00e1lne, ke\u010f sa rodiny a pr\u00edbuzn\u00ed netrhaj\u00fa, aby vedeli aj tu v cudzine osta\u0165 si na bl\u00edzku. Ich t\u00fa\u017eba je \u010d\u00edm sk\u00f4r sa vr\u00e1ti\u0165 domov, nikto v\u0161ak nevieme, dokedy t\u00e1to kritick\u00e1 situ\u00e1cia bude trva\u0165. Osta\u0148me t\u00fdmto \u013eu\u010fom n\u00e1pomocn\u00ed aj nesk\u00f4r, ke\u010f na\u0161a euf\u00f3ria pom\u00e1ha\u0165 po dlh\u0161om \u010dase opadne. Ak niekto e\u0161te m\u00f4\u017ee pom\u00f4c\u0165 s ubytovan\u00edm, takisto n\u00e1s kontaktujte. <\/span><br><\/p>\n\n\n\n<p><strong>Pros\u00edm, v\u017edy kontaktujte na\u0161ich dobrovo\u013en\u00edkov:<\/strong><\/p>\n\n\n\n<ul class=\"wp-block-list\"><li><strong>p. Zuzka \u0160ina\u013eov\u00e1: 0917263583 &#8211; koordin\u00e1torka farskej charity, <\/strong><\/li><li><strong>p. Janka \u0160olt\u00edsov\u00e1: 0903409320, <\/strong><\/li><li><strong>p. Martin \u0160ina\u013e: 0908698526 \u2013 ubytovanie pre ukrajinsk\u00fdch ute\u010dencov,<\/strong><\/li><li><strong>p. Lucka Bla\u0161\u010d\u00e1kov\u00e1 &#8211; pomoc s dopravou: 0904391737.<\/strong><\/li><\/ul>\n\n\n\n<p>T\u00ed, ktor\u00ed sa rozhodnete prispie\u0165 <strong>finan\u010dne cez farsk\u00fd \u00fa\u010det SK28 0900 0000 0050 2969 7043<\/strong>, nezabudnite <strong>do pozn\u00e1mky uvies\u0165 &#8220;POMOC PRE UTE\u010cENCOV&#8221;<\/strong>. \u010eakujeme!!! <br><\/p>\n\n\n\n<p>S \u00factou, <br>Pavol Gajdo\u0161, v\u00e1\u0161 far\u00e1r<\/p>\n\t\t\t\t","protected":false},"excerpt":{"rendered":"<p>Mil\u00ed priatelia, \u010fakujeme v\u0161etk\u00fdm, ktor\u00ed ste doposia\u013e ak\u00fdmko\u013evek sp\u00f4sobom prispeli ku zmierneniu utrpenia prich\u00e1dzaj\u00facich ute\u010dencov z Ukrajiny. Na na\u0161ej fare v Kostolnej pri Dunaji m\u00e1me od v\u010dera ubytovan\u00fdch 5-tich, dnes ve\u010der pr\u00eddu na faru ich pr\u00edbuzn\u00ed &#8211; \u010fal\u0161\u00ed \u0161iesti. Nesk\u00f4r mo\u017eno e\u0161te \u010fal\u0161\u00ed. Preva\u017ene s\u00fa to \u017eeny s de\u0165mi, ke\u010f\u017ee mu\u017ei nem\u00f4\u017eu opusti\u0165 Ukrajinu.<\/p>\n","protected":false},"author":7,"featured_media":6238,"comment_status":"closed","ping_status":"closed","sticky":false,"template":"","format":"standard","meta":{"footnotes":""},"categories":[1],"tags":[],"class_list":{"0":"entry","1":"post","2":"publish","3":"author-slado89gmail-com","4":"has-excerpt","5":"has-more-link","6":"post-6237","8":"format-standard","9":"has-post-thumbnail","10":"category-uncategorized"},"_links":{"self":[{"href":"https:\/\/www.farakostolna.sk\/index.php?rest_route=\/wp\/v2\/posts\/6237","targetHints":{"allow":["GET"]}}],"collection":[{"href":"https:\/\/www.farakostolna.sk\/index.php?rest_route=\/wp\/v2\/posts"}],"about":[{"href":"https:\/\/www.farakostolna.sk\/index.php?rest_route=\/wp\/v2\/types\/post"}],"author":[{"embeddable":true,"href":"https:\/\/www.farakostolna.sk\/index.php?rest_route=\/wp\/v2\/users\/7"}],"replies":[{"embeddable":true,"href":"https:\/\/www.farakostolna.sk\/index.php?rest_route=%2Fwp%2Fv2%2Fcomments&post=6237"}],"version-history":[{"count":0,"href":"https:\/\/www.farakostolna.sk\/index.php?rest_route=\/wp\/v2\/posts\/6237\/revisions"}],"wp:featuredmedia":[{"embeddable":true,"href":"https:\/\/www.farakostolna.sk\/index.php?rest_route=\/"}],"wp:attachment":[{"href":"https:\/\/www.farakostolna.sk\/index.php?rest_route=%2Fwp%2Fv2%2Fmedia&parent=6237"}],"wp:term":[{"taxonomy":"category","embeddable":true,"href":"https:\/\/www.farakostolna.sk\/index.php?rest_route=%2Fwp%2Fv2%2Fcategories&post=6237"},{"taxonomy":"post_tag","embeddable":true,"href":"https:\/\/www.farakostolna.sk\/index.php?rest_route=%2Fwp%2Fv2%2Ftags&post=6237"}],"curies":[{"name":"wp","href":"https:\/\/api.w.org\/{rel}","templated":true}]}}