{"id":6233,"date":"2022-02-25T21:44:54","date_gmt":"2022-02-25T21:44:54","guid":{"rendered":"http:\/\/kostolna.fara.sk\/?p=6233"},"modified":"2022-02-25T21:44:54","modified_gmt":"2022-02-25T21:44:54","slug":"farske-oznamy-a-zamyslenie-27-02-2022","status":"publish","type":"post","link":"https:\/\/www.farakostolna.sk\/?p=6233","title":{"rendered":"Farsk\u00e9 oznamy a zamyslenie (27.02.2022)"},"content":{"rendered":"\n\t\t\t\t\n\t\t\t\t\n<div class=\"wp-block-image\"><figure class=\"alignleft is-resized\"><img loading=\"lazy\" decoding=\"async\" src=\"https:\/\/www.farakostolna.sk\/wp-content\/uploads\/2022\/02\/WhatsApp-Image-2022-02-25-at-22.29.20-1-1024x682.jpeg\" alt=\"\" class=\"wp-image-6234\" width=\"479\" height=\"319\"\/><\/figure><\/div>\n\n\n\n<p>Je to zakorenen\u00e9 hlboko v n\u00e1s. \u010co? T\u00fa\u017eba po diskriminovan\u00ed, ovl\u00e1dan\u00ed, kritizovan\u00ed, \u2026 Pri\u010dom \u010dasto na to sta\u010d\u00ed na\u0161e &#8220;slovo&#8221;. \u017dalmista n\u00e1s ale vyz\u00fdva k \u00faplne in\u00e9mu pou\u017e\u00edvaniu n\u00e1\u0161ho jazyka: &#8220;Dobre je oslavova\u0165 P\u00e1na a ospevova\u0165 meno tvoje, Najvy\u0161\u0161\u00ed; za r\u00e1na zvestova\u0165 tvoju dobrotu a tvoju vernos\u0165 cel\u00fa noc.&#8221; (porov. \u017d 92)  &#8220;Ve\u010f z plnosti srdca hovoria \u00fasta.\u201c (porov. Lk 6,45)<\/p>\n\n\n<p><!--more--><\/p>\n\n\n<p><strong>Sv\u00e4t\u00e9 om\u0161e u n\u00e1s:<\/strong><\/p>\n\n\n\n<p><strong>sobota \u2013 26. febru\u00e1ra (s nede\u013enou platnos\u0165ou)<\/strong><\/p>\n\n\n\n<ul class=\"wp-block-list\"><li><strong>16:00 \u2013 Hrub\u00fd \u0160\u00far \u2013 (ma\u010f.)<\/strong><\/li><li><strong>17:00 \u2013 Hrub\u00e1 Bor\u0161a \u2013 (slov.\/ma\u010f.)<\/strong><\/li><li><strong>18:00 \u2013 Kostoln\u00e1 \u2013 (slov.)<\/strong><\/li><\/ul>\n\n\n\n<p><strong>nede\u013ea \u2013 27. febru\u00e1ra<\/strong><\/p>\n\n\n\n<ul class=\"wp-block-list\"><li><strong>7:00 \u2013 Kostoln\u00e1 \u2013 (slov.)<\/strong><\/li><li><strong>8:00 \u2013 Hrub\u00fd \u0160\u00far \u2013 (ma\u010f.)<\/strong><\/li><li><strong>9:30 \u2013 Kostoln\u00e1 \u2013 (ma\u010f.)<\/strong><\/li><li><strong>11:00 \u2013 Kostoln\u00e1 \u2013 (slov.)<\/strong><\/li><\/ul>\n\n\n\n<p><strong>Teraz v t\u00fato nede\u013eu v\u00e1s naliehavo poz\u00fdvam na modlitbu sv\u00e4t\u00e9ho ru\u017eenca do Kostolnej za pokoj a mier na Ukrajine a na celom svete o 9:00 v ma\u010farskom a o 10:30 v slovenskom jazyku. Pr\u00ed\u010fte teda sk\u00f4r do chr\u00e1mu, komu sa d\u00e1. <\/strong><\/p>\n\n\n\n<p>Tento t\u00fd\u017ede\u0148 budem spoveda\u0165 v Kostolnej v utorok, \u0161tvrtok a piatok od 16:00 do 17:00 pod pr\u00edstre\u0161kom, v Hrubej Bor\u0161i v sobotu od 16:30 do 17:00 a v Hrubom \u0160\u00fare v nede\u013eu od 7:30 do 8:00. Vyu\u017eite t\u00fato mo\u017enos\u0165 a za\u010dnime \u010das sv\u00e4t\u00e9ho p\u00f4stu v milosti posv\u00e4cuj\u00facej.<\/p>\n\n\n\n<p>Ador\u00e1cia bude v utorok, \u0161tvrtok a piatok od 16:00 do 17:00 v Kostolnej v nede\u013eu v Hrubom \u0160\u00fare.<\/p>\n\n\n\n<p>Vzh\u013eadom nato, \u017ee u\u017e nie s\u00fa obmedzenia (OTP a pod\u2026), sv\u00e4t\u00e9 prij\u00edmanie u\u017e nebudem rozd\u00e1va\u0165 v osobitn\u00fdch \u010dasoch mimo sv\u00e4t\u00fdch om\u0161\u00ed. Samozrejme, \u017ee na po\u017eiadanie som tu pre v\u00e1s aj na\u010falej. Sv\u00e4t\u00e9 prij\u00edmanie v kostole cez sv\u00e4t\u00e9 om\u0161e budem rozd\u00e1va\u0165 ako pred opatreniami, teda treba pr\u00eds\u0165 dopredu v z\u00e1stupe. T\u00ed, ktor\u00ed zo svedomia chcete prij\u00edma\u0165 P\u00e1na Je\u017ei\u0161a priamo do \u00fast, prich\u00e1dzajte pros\u00edm k z\u00e1veru rozd\u00e1vania prij\u00edmania. \u010eakujem za pochopenie. Di\u0161penz od povinnosti \u00fa\u010dasti na sv\u00e4tej om\u0161i, je po\u010dn\u00fac 6. marcom 2022, zru\u0161en\u00fd.<\/p>\n\n\n\n<p>Po dlh\u00fdch mesiacoch redukujem sv\u00e4t\u00e9 om\u0161e, ktor\u00e9 boli z d\u00f4vodu va\u0161ej bezpe\u010dnosti. Od marca u\u017e nebud\u00fa sv\u00e4t\u00e9 om\u0161e v sobotu o 16:00 a v nede\u013eu o 7:00. Pre t\u00fdch, ktor\u00ed chc\u00fa uprednostni\u0165 pr\u00e1zdnej\u0161\u00ed kostol, d\u00e1vam do pozornosti sv\u00e4t\u00fa om\u0161u o 18:00 ka\u017ed\u00fa sobotu v Kostolnej v slovenskom jazyku s nede\u013enou platnos\u0165ou. Takto m\u00f4\u017eem vykon\u00e1va\u0165 aj in\u00fa duchovn\u00fa slu\u017ebu, na ktor\u00fa nebol priestor. \u010eakujem za porozumenie. Z\u00e1rove\u0148 v\u00e1s poz\u00fdvam na \u00fa\u010das\u0165 sv\u00e4t\u00fdch om\u0161\u00ed cez v\u0161edn\u00e9 dni (17:00 ma\u010f., 18:00 slov.). Sv\u00e4t\u00fd far\u00e1r z Arsu hovorieval, \u017ee \u201esv\u00e4t\u00e9 prij\u00edmanie a obeta sv\u00e4tej om\u0161e s\u00fa dve naj\u00fa\u010dinnej\u0161ie cesty k premene srdca\u201c. <\/p>\n\n\n\n<p>Pon\u00fakam vo\u013en\u00e9 \u00famysly sv\u00e4t\u00fdch om\u0161\u00ed aj v najbli\u017e\u0161\u00edch t\u00fd\u017ed\u0148och.<\/p>\n\n\n\n<p>Na popolcov\u00fa stredu n\u00e1s zav\u00e4zuje pr\u00edsny p\u00f4st. To znamen\u00e1, \u017ee sa zdr\u017eiavame m\u00e4sit\u00e9ho pokrmu! Dospel\u00ed (od 18-60 roku) jedia len 3x za de\u0148, z toho len raz do s\u00fdta. V\u0161etci sme pozvan\u00ed p\u00e1pe\u017eom Franti\u0161kom, aby sme na Popolcov\u00fa stredu zachovali De\u0148 p\u00f4stu za mier. Osobitn\u00fdm sp\u00f4sobom sa v tento de\u0148 venujme modlitbe a p\u00f4stu. Nech Kr\u00e1\u013eovn\u00e1 pokoja ochr\u00e1ni svet pred bl\u00e1znovstvom vojny.<\/p>\n\n\n\n<p>Pobo\u017enos\u0165 kr\u00ed\u017eovej cesty budeme m\u00e1va\u0165 po\u010das p\u00f4stneho obdobia v Hrubom \u0160\u00fare v piatky o 18:30 (ma\u010farsky), v Hrubej Bor\u0161i v soboty o 16:30 a v Kostolnej v\u017edy v nedele od 10:30 (slovensky) a 14:30 (ma\u010farsky).<\/p>\n\n\n\n<p><strong>Stretnutie oh\u013eadom t\u00e9my synody, na ktor\u00e9 sme v\u0161etci u\u017e teraz srde\u010dne pozvan\u00ed, bude v nede\u013eu v Kostolnej 6. marca o 15:00 v kult\u00farnom dome.<\/strong><\/p>\n\n\n\n<p>Na bud\u00facu nede\u013eu je vo v\u0161etk\u00fdch kostoloch jarn\u00e1 zbierka na charitu.<\/p>\n\n\n\n<p>Aj tento rok je mo\u017en\u00e9 darova\u0165 2 % z dan\u00ed na \u201eZdru\u017eenie Senec a okolie\u201c, z ktor\u00e9ho potom m\u00f4\u017eeme \u010derpa\u0165 prostriedky na opravu farsk\u00e9ho kostola. Tla\u010div\u00e1 s\u00fa k dispoz\u00edcii na farskej str\u00e1nke na <a href=\"http:\/\/kostolna.fara.sk\/postup-krokov-na-poukazanie-2\/\">stiahnutie<\/a>. Vopred \u010fakujem.<\/p>\n\n\n\n<p>S \u00factou,<br>Pavol Gajdo\u0161, v\u00e1\u0161 far\u00e1r<\/p>\n\t\t\t\t","protected":false},"excerpt":{"rendered":"<p>Je to zakorenen\u00e9 hlboko v n\u00e1s. \u010co? T\u00fa\u017eba po diskriminovan\u00ed, ovl\u00e1dan\u00ed, kritizovan\u00ed, \u2026 Pri\u010dom \u010dasto na to sta\u010d\u00ed na\u0161e &#8220;slovo&#8221;. \u017dalmista n\u00e1s ale vyz\u00fdva k \u00faplne in\u00e9mu pou\u017e\u00edvaniu n\u00e1\u0161ho jazyka: &#8220;Dobre je oslavova\u0165 P\u00e1na a ospevova\u0165 meno tvoje, Najvy\u0161\u0161\u00ed; za r\u00e1na zvestova\u0165 tvoju dobrotu a tvoju vernos\u0165 cel\u00fa noc.&#8221; (porov. \u017d 92) &#8220;Ve\u010f z plnosti &#8230; <span class=\"more\"><a class=\"more-link\" href=\"https:\/\/www.farakostolna.sk\/?p=6233\">[\u010c\u00edta\u0165 \u010falej&#8230;]<\/a><\/span><\/p>\n","protected":false},"author":7,"featured_media":6234,"comment_status":"closed","ping_status":"closed","sticky":false,"template":"","format":"standard","meta":{"footnotes":""},"categories":[17],"tags":[],"class_list":{"0":"entry","1":"post","2":"publish","3":"author-slado89gmail-com","4":"has-excerpt","5":"has-more-link","6":"post-6233","8":"format-standard","9":"has-post-thumbnail","10":"category-sv-omsa"},"_links":{"self":[{"href":"https:\/\/www.farakostolna.sk\/index.php?rest_route=\/wp\/v2\/posts\/6233","targetHints":{"allow":["GET"]}}],"collection":[{"href":"https:\/\/www.farakostolna.sk\/index.php?rest_route=\/wp\/v2\/posts"}],"about":[{"href":"https:\/\/www.farakostolna.sk\/index.php?rest_route=\/wp\/v2\/types\/post"}],"author":[{"embeddable":true,"href":"https:\/\/www.farakostolna.sk\/index.php?rest_route=\/wp\/v2\/users\/7"}],"replies":[{"embeddable":true,"href":"https:\/\/www.farakostolna.sk\/index.php?rest_route=%2Fwp%2Fv2%2Fcomments&post=6233"}],"version-history":[{"count":0,"href":"https:\/\/www.farakostolna.sk\/index.php?rest_route=\/wp\/v2\/posts\/6233\/revisions"}],"wp:featuredmedia":[{"embeddable":true,"href":"https:\/\/www.farakostolna.sk\/index.php?rest_route=\/"}],"wp:attachment":[{"href":"https:\/\/www.farakostolna.sk\/index.php?rest_route=%2Fwp%2Fv2%2Fmedia&parent=6233"}],"wp:term":[{"taxonomy":"category","embeddable":true,"href":"https:\/\/www.farakostolna.sk\/index.php?rest_route=%2Fwp%2Fv2%2Fcategories&post=6233"},{"taxonomy":"post_tag","embeddable":true,"href":"https:\/\/www.farakostolna.sk\/index.php?rest_route=%2Fwp%2Fv2%2Ftags&post=6233"}],"curies":[{"name":"wp","href":"https:\/\/api.w.org\/{rel}","templated":true}]}}