{"id":6217,"date":"2022-02-18T20:48:57","date_gmt":"2022-02-18T20:48:57","guid":{"rendered":"http:\/\/kostolna.fara.sk\/?p=6217"},"modified":"2022-02-18T20:48:57","modified_gmt":"2022-02-18T20:48:57","slug":"farske-oznamy-a-zamyslenie-20-02-2022","status":"publish","type":"post","link":"https:\/\/www.farakostolna.sk\/?p=6217","title":{"rendered":"Farsk\u00e9 oznamy a zamyslenie (20.02.2022)"},"content":{"rendered":"\n\t\t\t\t\n\t\t\t\t\n<div class=\"wp-block-image\"><figure class=\"alignleft is-resized\"><img loading=\"lazy\" decoding=\"async\" src=\"https:\/\/www.farakostolna.sk\/wp-content\/uploads\/2022\/02\/WhatsApp-Image-2022-02-18-at-21.21.53-1-1024x683.jpeg\" alt=\"\" class=\"wp-image-6218\" width=\"482\" height=\"321\"\/><\/figure><\/div>\n\n\n\n<p>Centrum kres\u0165anstva a s\u00fa\u010dasne &#8220;k\u013e\u00fa\u010d&#8221; k obr\u00e1teniu hrie\u0161nikov &#8211; milova\u0165 nielen bl\u00ed\u017eneho, ale aj nepriate\u013ea. Z \u013eudsk\u00e9ho poh\u013eadu takmer nemo\u017en\u00e9. Ak je v\u0161ak v ka\u017edom \u010dloveku Bo\u017e\u00ed duch, tak je v\u00fdzva \u00faplne opodstatnen\u00e1.<\/p>\n\n\n<p><!--more--><\/p>\n\n\n<p><strong>Sv\u00e4t\u00e9 om\u0161e u n\u00e1s:<\/strong><\/p>\n\n\n\n<p><strong>sobota \u2013 19. febru\u00e1ra (s nede\u013enou platnos\u0165ou)<\/strong><\/p>\n\n\n\n<ul class=\"wp-block-list\"><li><strong>16:00 \u2013 Hrub\u00fd \u0160\u00far \u2013 (ma\u010f.)<\/strong><\/li><li><strong>17:00 \u2013 Hrub\u00e1 Bor\u0161a \u2013 (slov.\/ma\u010f.)<\/strong><\/li><li><strong>18:00 \u2013 Kostoln\u00e1 \u2013 (slov.)<\/strong><\/li><\/ul>\n\n\n\n<p><strong>nede\u013ea \u2013 20. febru\u00e1ra<\/strong><\/p>\n\n\n\n<ul class=\"wp-block-list\"><li><strong>7:00 \u2013 Kostoln\u00e1 \u2013 (slov.)<\/strong><\/li><li><strong>8:00 \u2013 Hrub\u00fd \u0160\u00far \u2013 (ma\u010f.)<\/strong><\/li><li><strong>9:30 \u2013 Kostoln\u00e1 \u2013 (ma\u010f.)<\/strong><\/li><li><strong>11:00 \u2013 Kostoln\u00e1 \u2013 (slov.)<\/strong><\/li><\/ul>\n\n\n\n<p>Tento t\u00fd\u017ede\u0148 pon\u00fakam sviatos\u0165 zmierenia v utorok, stredu a vo \u0161tvrtok od 16:00 do 17:00 v Kostolnej pod pr\u00edstre\u0161kom a v piatok v Hrubom \u0160\u00fare od 15:30 do 16:00 pri kaplnke. Ador\u00e1cia bude v Kostolnej v utorok, stredu a \u0161tvrtok v kostole od 16:00 do 17:00 a v piatok od 15:15 do 17:00.<\/p>\n\n\n\n<p><strong>V stredu o 18:00 bude sv\u00e4t\u00e1 om\u0161a v Kostolnej osobitne so zrete\u013eom pre deti v slovenskom jazyku. <\/strong><\/p>\n\n\n\n<p>Sv\u00e4t\u00e9 prij\u00edmanie mimo sv\u00e4tej om\u0161e rozd\u00e1vam v&nbsp;Kostolnej v\u017edy v \u010dase spovedania pod pr\u00edstre\u0161kom a v&nbsp;nede\u013eu po sv\u00e4t\u00fdch om\u0161iach od 12:00 do 12:30.<\/p>\n\n\n\n<p>Pon\u00fakam vo\u013en\u00e9 \u00famysly sv\u00e4t\u00fdch om\u0161\u00ed v&nbsp;najbli\u017e\u0161\u00edch t\u00fd\u017ed\u0148och.<\/p>\n\n\n\n<p>Aj tento rok je mo\u017en\u00e9 darova\u0165 2 % z dan\u00ed na \u201eZdru\u017eenie Senec a okolie\u201c, z ktor\u00e9ho potom m\u00f4\u017eeme \u010derpa\u0165 prostriedky na opravu farsk\u00e9ho kostola. Tla\u010div\u00e1 s\u00fa k dispoz\u00edcii na farskej str\u00e1nke <a href=\"http:\/\/kostolna.fara.sk\/postup-krokov-na-poukazanie-2\/\">na stiahnutie<\/a>. Vopred \u010fakujem.<\/p>\n\n\n\n<p>S \u00factou,<br>Pavol Gajdo\u0161, v\u00e1\u0161 far\u00e1r<\/p>\n\t\t\t\t","protected":false},"excerpt":{"rendered":"<p>Centrum kres\u0165anstva a s\u00fa\u010dasne &#8220;k\u013e\u00fa\u010d&#8221; k obr\u00e1teniu hrie\u0161nikov &#8211; milova\u0165 nielen bl\u00ed\u017eneho, ale aj nepriate\u013ea. Z \u013eudsk\u00e9ho poh\u013eadu takmer nemo\u017en\u00e9. Ak je v\u0161ak v ka\u017edom \u010dloveku Bo\u017e\u00ed duch, tak je v\u00fdzva \u00faplne opodstatnen\u00e1.<\/p>\n","protected":false},"author":7,"featured_media":6218,"comment_status":"closed","ping_status":"closed","sticky":false,"template":"","format":"standard","meta":{"footnotes":""},"categories":[13],"tags":[],"class_list":{"0":"entry","1":"post","2":"publish","3":"author-slado89gmail-com","4":"has-excerpt","5":"has-more-link","6":"post-6217","8":"format-standard","9":"has-post-thumbnail","10":"category-oznamy"},"_links":{"self":[{"href":"https:\/\/www.farakostolna.sk\/index.php?rest_route=\/wp\/v2\/posts\/6217","targetHints":{"allow":["GET"]}}],"collection":[{"href":"https:\/\/www.farakostolna.sk\/index.php?rest_route=\/wp\/v2\/posts"}],"about":[{"href":"https:\/\/www.farakostolna.sk\/index.php?rest_route=\/wp\/v2\/types\/post"}],"author":[{"embeddable":true,"href":"https:\/\/www.farakostolna.sk\/index.php?rest_route=\/wp\/v2\/users\/7"}],"replies":[{"embeddable":true,"href":"https:\/\/www.farakostolna.sk\/index.php?rest_route=%2Fwp%2Fv2%2Fcomments&post=6217"}],"version-history":[{"count":0,"href":"https:\/\/www.farakostolna.sk\/index.php?rest_route=\/wp\/v2\/posts\/6217\/revisions"}],"wp:featuredmedia":[{"embeddable":true,"href":"https:\/\/www.farakostolna.sk\/index.php?rest_route=\/"}],"wp:attachment":[{"href":"https:\/\/www.farakostolna.sk\/index.php?rest_route=%2Fwp%2Fv2%2Fmedia&parent=6217"}],"wp:term":[{"taxonomy":"category","embeddable":true,"href":"https:\/\/www.farakostolna.sk\/index.php?rest_route=%2Fwp%2Fv2%2Fcategories&post=6217"},{"taxonomy":"post_tag","embeddable":true,"href":"https:\/\/www.farakostolna.sk\/index.php?rest_route=%2Fwp%2Fv2%2Ftags&post=6217"}],"curies":[{"name":"wp","href":"https:\/\/api.w.org\/{rel}","templated":true}]}}