{"id":6214,"date":"2022-02-16T21:54:43","date_gmt":"2022-02-16T21:54:43","guid":{"rendered":"http:\/\/kostolna.fara.sk\/?p=6214"},"modified":"2022-02-16T21:54:43","modified_gmt":"2022-02-16T21:54:43","slug":"viac-informacii-k-synode","status":"publish","type":"post","link":"https:\/\/www.farakostolna.sk\/?p=6214","title":{"rendered":"Viac inform\u00e1cii k Synode"},"content":{"rendered":"\n\t\t\t\t\n\t\t\t\t\n<div class=\"wp-block-image\"><figure class=\"alignleft is-resized\"><img loading=\"lazy\" decoding=\"async\" src=\"https:\/\/www.farakostolna.sk\/wp-content\/uploads\/2022\/02\/image_6483441-2-1-2-2.jpg\" alt=\"\" class=\"wp-image-6167\" width=\"299\" height=\"275\"\/><\/figure><\/div>\n\n\n\n<p>&#x1f1f8;&#x1f1f0; Pre v\u0161etk\u00fdch, ktor\u00ed maj\u00fa z\u00e1ujem dozvedie\u0165 sa \u010do najviac o synode m\u00e1me dobr\u00e9 spr\u00e1vy. Mno\u017estvo inform\u00e1ci\u00ed sa d\u00e1 u\u017e teraz n\u00e1js\u0165 na webov\u00fdch str\u00e1nkach a \u010fal\u0161ie dokumenty prib\u00fadaj\u00fa ka\u017ed\u00fd de\u0148. Webov\u00fdch str\u00e1nok je viacero, preto\u017ee existuje hlavn\u00e1 Vatik\u00e1nska str\u00e1nka <a rel=\"noreferrer noopener\" href=\"https:\/\/www.synod.va\/en.html\" target=\"_blank\">https:\/\/www.synod.va\/en.html<\/a> v angli\u010dtine a talian\u010dine. Potom ka\u017ed\u00e1 krajina m\u00e1 svoje n\u00e1rodn\u00e9 str\u00e1nky a takisto ka\u017ed\u00e1 diec\u00e9za m\u00f4\u017ee ma\u0165 e\u0161te osobitn\u00e9 str\u00e1nky.<\/p>\n\n\n<p><!--more--><\/p>\n\n\n<p>Pre Slovensko je hlavn\u00e1 n\u00e1rodn\u00e1 str\u00e1nka pr\u00edstupn\u00e1 na adrese&nbsp;<a rel=\"noreferrer noopener\" href=\"https:\/\/www.synoda.sk\/sk\" target=\"_blank\">https:\/\/www.synoda.sk\/sk<\/a>. Inform\u00e1cie o synode v na\u0161ej diec\u00e9ze n\u00e1jdete na str\u00e1nke&nbsp;<a rel=\"noreferrer noopener\" href=\"https:\/\/synoda.abuba.sk\/\" target=\"_blank\">https:\/\/synoda.abuba.sk<\/a>. Z\u00e1kladn\u00e9 inform\u00e1cie o synode n\u00e1jdete v kocke na adrese&nbsp;<a rel=\"noreferrer noopener\" href=\"https:\/\/synoda.abuba.sk\/co-je-synoda\/\" target=\"_blank\">https:\/\/synoda.abuba.sk\/co-je-synoda\/<\/a><\/p>\n\n\n\n<p>Dokumentov a inform\u00e1ci\u00ed je na str\u00e1nkach ve\u013ea, ak by sme mali vybra\u0165 to najd\u00f4le\u017eitej\u0161ie pre t\u00fdch, \u010do chc\u00fa \u00eds\u0165 trochu hlb\u0161ie, tak potom s\u00fa to asi dokumenty ako je Pripravn\u00fd dokument (<a href=\"https:\/\/www.synoda.sk\/downloads\/pripravny_dokument.pdf\" target=\"_blank\" rel=\"noreferrer noopener\">https:\/\/www.synoda.sk\/downloads\/pripravny_dokument.pdf<\/a>) a Vademecum (<a href=\"https:\/\/www.synoda.sk\/downloads\/vademecum.pdf\" target=\"_blank\" rel=\"noreferrer noopener\">https:\/\/www.synoda.sk\/downloads\/vademecum.pdf<\/a>).<\/p>\n\n\n\n<p>Nech V\u00e1s pri h\u013eadan\u00ed inform\u00e1ci\u00ed vedie Duch sv\u00e4t\u00fd a prajeme pr\u00edjemn\u00e9 \u010d\u00edtanie.\n\n<\/p>\n\n\n\n<hr class=\"wp-block-separator\"\/>\n\n\n\n<p>&#x1f1ed;&#x1f1fa; J\u00f3 h\u00edr\u00fcnk van mindazoknak, akik szeretn\u00e9nek t\u00f6bbet megtudni a szin\u00f3dusr\u00f3l. A weboldalon m\u00e1r sok inform\u00e1ci\u00f3 tal\u00e1lhat\u00f3, \u00e9s minden nap \u00fajabb dokumentumok ker\u00fclnek fel. Sz\u00e1mos webhely l\u00e9tezik, mert van egy f\u0151 vatik\u00e1ni oldal: <a rel=\"noreferrer noopener\" href=\"https:\/\/www.synod.va\/en.html\" target=\"_blank\">https:\/\/www.synod.va\/en.html<\/a>&nbsp;angol \u00e9s olasz nyelven. Ezen &nbsp;minden orsz\u00e1gnak megvan a maga nemzeti oldala, \u00e9s minden egyh\u00e1zmegy\u00e9nek is lehet saj\u00e1t oldala. <\/p>\n\n\n\n<p>Szlov\u00e1kia eset\u00e9ben a f\u0151 nemzeti oldal a&nbsp;<a rel=\"noreferrer noopener\" href=\"https:\/\/www.synoda.sk\/sk\" target=\"_blank\">https:\/\/www.synoda.sk\/sk<\/a>&nbsp;c\u00edmen \u00e9rhet\u0151 el.&nbsp;Az egyh\u00e1zmegy\u00e9nkben zajl\u00f3 zsinattal kapcsolatos inform\u00e1ci\u00f3k a&nbsp;<a rel=\"noreferrer noopener\" href=\"https:\/\/synoda.abuba.sk\/\" target=\"_blank\">https:\/\/synoda.abuba.sk<\/a>&nbsp;oldalon tal\u00e1lhat\u00f3k. A szin\u00f3dussal kapcsolatos alapvet\u0151 inform\u00e1ci\u00f3k a&nbsp;<a rel=\"noreferrer noopener\" href=\"https:\/\/synoda.abuba.sk\/co-je-synoda\/\" target=\"_blank\">https:\/\/synoda.abuba.sk\/co-je-synoda\/<\/a>&nbsp;c\u00edmen tal\u00e1lhat\u00f3 kock\u00e1ban tal\u00e1lhat\u00f3k.&nbsp;<\/p>\n\n\n\n<p>Rengeteg dokumentum \u00e9s inform\u00e1ci\u00f3 tal\u00e1lhat\u00f3 a honlapon, akik szeretn\u00e9nek a t\u00e9m\u00e1ban jobban elm\u00e9j\u00fclni azoknak az El\u0151k\u00e9sz\u00edt\u0151 Dokumentum (<a rel=\"noreferrer noopener\" href=\"https:\/\/www.synoda.sk\/\" target=\"_blank\">https:\/\/www.synoda.sk\/<\/a>&nbsp;downloads\/pripravny_dokument.pdf ) \u00e9s a Vademecum aj\u00e1nlott.(<a rel=\"noreferrer noopener\" href=\"https:\/\/www.synoda.sk\/downloads\/vademecum.pdf\" target=\"_blank\">https:\/\/www.synoda.sk\/downloads\/vademecum.pdf<\/a>).&nbsp;<\/p>\n\n\n\n<p>A Szentl\u00e9lek vezessen az inform\u00e1ci\u00f3keres\u00e9sben, \u00e9s kellemes olvas\u00e1st k\u00edv\u00e1nunk. <\/p>\n\t\t\t\t","protected":false},"excerpt":{"rendered":"<p>&#x1f1f8;&#x1f1f0; Pre v\u0161etk\u00fdch, ktor\u00ed maj\u00fa z\u00e1ujem dozvedie\u0165 sa \u010do najviac o synode m\u00e1me dobr\u00e9 spr\u00e1vy. Mno\u017estvo inform\u00e1ci\u00ed sa d\u00e1 u\u017e teraz n\u00e1js\u0165 na webov\u00fdch str\u00e1nkach a \u010fal\u0161ie dokumenty prib\u00fadaj\u00fa ka\u017ed\u00fd de\u0148. Webov\u00fdch str\u00e1nok je viacero, preto\u017ee existuje hlavn\u00e1 Vatik\u00e1nska str\u00e1nka https:\/\/www.synod.va\/en.html v angli\u010dtine a talian\u010dine. Potom ka\u017ed\u00e1 krajina m\u00e1 svoje n\u00e1rodn\u00e9 str\u00e1nky a takisto ka\u017ed\u00e1 &#8230; <span class=\"more\"><a class=\"more-link\" href=\"https:\/\/www.farakostolna.sk\/?p=6214\">[\u010c\u00edta\u0165 \u010falej&#8230;]<\/a><\/span><\/p>\n","protected":false},"author":7,"featured_media":6167,"comment_status":"closed","ping_status":"closed","sticky":false,"template":"","format":"standard","meta":{"footnotes":""},"categories":[20],"tags":[],"class_list":{"0":"entry","1":"post","2":"publish","3":"author-slado89gmail-com","4":"has-excerpt","5":"has-more-link","6":"post-6214","8":"format-standard","9":"has-post-thumbnail","10":"category-synoda"},"_links":{"self":[{"href":"https:\/\/www.farakostolna.sk\/index.php?rest_route=\/wp\/v2\/posts\/6214","targetHints":{"allow":["GET"]}}],"collection":[{"href":"https:\/\/www.farakostolna.sk\/index.php?rest_route=\/wp\/v2\/posts"}],"about":[{"href":"https:\/\/www.farakostolna.sk\/index.php?rest_route=\/wp\/v2\/types\/post"}],"author":[{"embeddable":true,"href":"https:\/\/www.farakostolna.sk\/index.php?rest_route=\/wp\/v2\/users\/7"}],"replies":[{"embeddable":true,"href":"https:\/\/www.farakostolna.sk\/index.php?rest_route=%2Fwp%2Fv2%2Fcomments&post=6214"}],"version-history":[{"count":0,"href":"https:\/\/www.farakostolna.sk\/index.php?rest_route=\/wp\/v2\/posts\/6214\/revisions"}],"wp:featuredmedia":[{"embeddable":true,"href":"https:\/\/www.farakostolna.sk\/index.php?rest_route=\/"}],"wp:attachment":[{"href":"https:\/\/www.farakostolna.sk\/index.php?rest_route=%2Fwp%2Fv2%2Fmedia&parent=6214"}],"wp:term":[{"taxonomy":"category","embeddable":true,"href":"https:\/\/www.farakostolna.sk\/index.php?rest_route=%2Fwp%2Fv2%2Fcategories&post=6214"},{"taxonomy":"post_tag","embeddable":true,"href":"https:\/\/www.farakostolna.sk\/index.php?rest_route=%2Fwp%2Fv2%2Ftags&post=6214"}],"curies":[{"name":"wp","href":"https:\/\/api.w.org\/{rel}","templated":true}]}}