{"id":6208,"date":"2022-02-16T21:50:20","date_gmt":"2022-02-16T21:50:20","guid":{"rendered":"http:\/\/kostolna.fara.sk\/?p=6208"},"modified":"2022-02-16T21:50:20","modified_gmt":"2022-02-16T21:50:20","slug":"o-2-webinari-k-synode","status":"publish","type":"post","link":"https:\/\/www.farakostolna.sk\/?p=6208","title":{"rendered":"O 2. webin\u00e1ri k Synode"},"content":{"rendered":"\n\t\t\t\t\n\t\t\t\t\n<div class=\"wp-block-image\"><figure class=\"alignleft is-resized\"><img loading=\"lazy\" decoding=\"async\" src=\"http:\/\/kostolna.fara.sk\/wp-content\/uploads\/2022\/02\/image_50386945-1024x768.jpg\" alt=\"\" class=\"wp-image-6209\" width=\"416\" height=\"312\"\/><\/figure><\/div>\n\n\n\n<p>&#x1f1f8;&#x1f1f0; Viac ako 200 koordin\u00e1torov a moder\u00e1torov synod\u00e1lnych stretnut\u00ed z farnost\u00ed a spolo\u010denstiev v Bratislavskej arcidiec\u00e9ze sa dnes stretlo na druhom webin\u00e1ri zameranom na pr\u00edpravu a priebeh synody v miestnej cirkvi. <br><\/p>\n\n\n<p><!--more--><\/p>\n\n\n<p>Stretnutie otvoril bratislavsk\u00fd arcibiskup metropolita Mons. Stanislav Zvolensk\u00fd modlitbou k Duchu Sv\u00e4t\u00e9mu za synodu. \u201e\u010eakujem v\u0161etk\u00fdm, ktor\u00ed ste sa vydali na synod\u00e1lnu cestu v Bratislavskej arcidiec\u00e9ze. Sme spolo\u010denstvo, ktor\u00e9 chce spolu kr\u00e1\u010da\u0165,\u201d povedal s t\u00fdm, \u017ee viacero d\u00f4le\u017eit\u00fdch krokov u\u017e urobili. Aj dne\u0161n\u00fd webin\u00e1r je pod\u013ea neho krokom na spolo\u010dnom kr\u00e1\u010dan\u00ed.<br><br>Bratislavsk\u00e1 arcidiec\u00e9za TK KBS<br><a rel=\"noreferrer noopener\" href=\"https:\/\/synoda.abuba.sk\/materialy-a-pomocky\/\" target=\"_blank\">https:\/\/synoda.abuba.sk\/materialy-a-pomocky\/<\/a><br><\/p>\n\n\n\n<hr class=\"wp-block-separator\"\/>\n\n\n\n<p>&#x1f1ed;&#x1f1fa; A Pozsonyi F\u0151egyh\u00e1zmegye pl\u00e9b\u00e1ni\u00e1ib\u00f3l \u00e9s k\u00f6z\u00f6ss\u00e9geib\u0151l t\u00f6bb mint 200 koordin\u00e1tor \u00e9s moder\u00e1tor \u00a0tal\u00e1lkozott szombaton a m\u00e1sodik webin\u00e1riumon, amelynek k\u00f6z\u00e9ppontj\u00e1ban a helyi \u00a0egyh\u00e1zakban zajl\u00f3 szin\u00f3dus el\u0151k\u00e9sz\u00edt\u00e9se \u00e9s lebonyol\u00edt\u00e1sa \u00e1llt. Az \u00fcl\u00e9st Pozsony \u00e9rseke, Mons. Stanislav Zvolensk\u00fd nyitotta meg a Szentl\u00e9lekhez mondott \u00a0im\u00e1ds\u00e1ggal a szin\u00f3dus\u00e9rt. \u201eK\u00f6sz\u00f6net mindazoknak, akik a szin\u00f3dusi \u00a0\u00fatra indultak a Pozsonyi F\u0151egyh\u00e1zmegy\u00e9ben. Olyan k\u00f6z\u00f6ss\u00e9g vagyunk, amely egy\u00fctt akar j\u00e1rni\u201d \u2013 mondta, hozz\u00e1t\u00e9ve, hogy t\u00f6bb fontos l\u00e9p\u00e9s m\u00e1r megt\u00f6rt\u00e9nt. Szerinte a mai webin\u00e1rium is egy l\u00e9p\u00e9s a k\u00f6z\u00f6s s\u00e9t\u00e1ban. <br><br>TK KBS Pozsony \u00e9rseks\u00e9ge<br><a rel=\"noreferrer noopener\" href=\"https:\/\/synoda.abuba.sk\/materialy-a-pomocky\/\" target=\"_blank\">https:\/\/synoda.abuba.sk\/materialy-a-pomocky\/<\/a><\/p>\n\n\n\n<div class=\"wp-block-image\"><figure class=\"aligncenter\"><img decoding=\"async\" src=\"https:\/\/www.farakostolna.sk\/wp-content\/uploads\/2022\/02\/image_50379009-1-1024x420.jpg\" alt=\"\" class=\"wp-image-6210\"\/><\/figure><\/div>\n\n\n\n<figure class=\"wp-block-image\"><img decoding=\"async\" src=\"http:\/\/kostolna.fara.sk\/wp-content\/uploads\/2022\/02\/image_50365185-1024x405.jpg\" alt=\"\" class=\"wp-image-6211\"\/><\/figure>\n\n\n\n<figure class=\"wp-block-image\"><img decoding=\"async\" src=\"http:\/\/kostolna.fara.sk\/wp-content\/uploads\/2022\/02\/image_50370817-1024x435.jpg\" alt=\"\" class=\"wp-image-6212\"\/><\/figure>\n\t\t\t\t","protected":false},"excerpt":{"rendered":"<p>&#x1f1f8;&#x1f1f0; Viac ako 200 koordin\u00e1torov a moder\u00e1torov synod\u00e1lnych stretnut\u00ed z farnost\u00ed a spolo\u010denstiev v Bratislavskej arcidiec\u00e9ze sa dnes stretlo na druhom webin\u00e1ri zameranom na pr\u00edpravu a priebeh synody v miestnej cirkvi.<\/p>\n","protected":false},"author":7,"featured_media":6209,"comment_status":"closed","ping_status":"closed","sticky":false,"template":"","format":"standard","meta":{"footnotes":""},"categories":[20],"tags":[],"class_list":{"0":"entry","1":"post","2":"publish","3":"author-slado89gmail-com","4":"has-excerpt","5":"has-more-link","6":"post-6208","8":"format-standard","9":"has-post-thumbnail","10":"category-synoda"},"_links":{"self":[{"href":"https:\/\/www.farakostolna.sk\/index.php?rest_route=\/wp\/v2\/posts\/6208","targetHints":{"allow":["GET"]}}],"collection":[{"href":"https:\/\/www.farakostolna.sk\/index.php?rest_route=\/wp\/v2\/posts"}],"about":[{"href":"https:\/\/www.farakostolna.sk\/index.php?rest_route=\/wp\/v2\/types\/post"}],"author":[{"embeddable":true,"href":"https:\/\/www.farakostolna.sk\/index.php?rest_route=\/wp\/v2\/users\/7"}],"replies":[{"embeddable":true,"href":"https:\/\/www.farakostolna.sk\/index.php?rest_route=%2Fwp%2Fv2%2Fcomments&post=6208"}],"version-history":[{"count":0,"href":"https:\/\/www.farakostolna.sk\/index.php?rest_route=\/wp\/v2\/posts\/6208\/revisions"}],"wp:featuredmedia":[{"embeddable":true,"href":"https:\/\/www.farakostolna.sk\/index.php?rest_route=\/"}],"wp:attachment":[{"href":"https:\/\/www.farakostolna.sk\/index.php?rest_route=%2Fwp%2Fv2%2Fmedia&parent=6208"}],"wp:term":[{"taxonomy":"category","embeddable":true,"href":"https:\/\/www.farakostolna.sk\/index.php?rest_route=%2Fwp%2Fv2%2Fcategories&post=6208"},{"taxonomy":"post_tag","embeddable":true,"href":"https:\/\/www.farakostolna.sk\/index.php?rest_route=%2Fwp%2Fv2%2Ftags&post=6208"}],"curies":[{"name":"wp","href":"https:\/\/api.w.org\/{rel}","templated":true}]}}