{"id":6194,"date":"2022-02-16T21:33:20","date_gmt":"2022-02-16T21:33:20","guid":{"rendered":"http:\/\/kostolna.fara.sk\/?p=6194"},"modified":"2022-02-16T21:33:20","modified_gmt":"2022-02-16T21:33:20","slug":"pozvanie-k-synodalnemu-procesu","status":"publish","type":"post","link":"https:\/\/www.farakostolna.sk\/?p=6194","title":{"rendered":"Pozvanie k synod\u00e1lnemu procesu"},"content":{"rendered":"\n\t\t\t\t\n\t\t\t\t\n<div class=\"wp-block-image\"><figure class=\"alignleft is-resized\"><img loading=\"lazy\" decoding=\"async\" src=\"http:\/\/kostolna.fara.sk\/wp-content\/uploads\/2022\/02\/image_67218433-e1645046632614-768x1024.jpg\" alt=\"\" class=\"wp-image-6195\" width=\"330\" height=\"439\"\/><\/figure><\/div>\n\n\n\n<p>&#x1f1f8;&#x1f1f0;  V na\u0161ej farnosti Ru\u017eencovej Panny M\u00e1rie sme v nede\u013eu po spolo\u010dnom na\u010d\u00favan\u00ed Bo\u017eiemu Slovu pozvali v\u0161etk\u00fdch veriacich k synod\u00e1lnemu procesu a predstavili sme aj farsk\u00fdch synod\u00e1lnych koordin\u00e1torov.<\/p>\n\n\n<p><!--more--><\/p>\n\n\n<p>P\u00e1pe\u017e Franti\u0161ek vyhl\u00e1sil nov\u00fa synod\u00e1lnu cestu v cirkvi na celom svete. Radi by sme zd\u00f4raznili tri slov\u00e1 z p\u00e1pe\u017eovho prejavu: stretnutie, po\u010d\u00favanie a rozli\u0161ovanie. Podstatou synody je stret\u00e1va\u0165 sa navz\u00e1jom a s ostatn\u00fdmi, po\u010d\u00fava\u0165 \u013eud\u00ed a jeden druh\u00e9ho a potom si uvedomi\u0165, ak\u00e1 je Bo\u017eia v\u00f4\u013ea. Ak chceme zmenu, mus\u00edme za\u010da\u0165 od seba a v oblastiach, ktor\u00e9 sa n\u00e1s najviac dot\u00fdkaj\u00fa. Na svojom mieste v cirkvi &#8211; vo farnosti kam patr\u00edme. Vydajme sa na t\u00fato spolo\u010dn\u00fa cestu!<\/p>\n\n\n\n<hr class=\"wp-block-separator\"\/>\n\n\n\n<p>&#x1f1ed;&#x1f1fa; Az egyh\u00e1zfai &nbsp;pl\u00e9b\u00e1nia k\u00f6z\u00f6ss\u00e9gben ma \u00fcnnep\u00e9lyesen &nbsp;elind\u00edtottuk a szin\u00f3dusi folyamatokat Isten ig\u00e9j\u00e9n val\u00f3 k\u00f6z\u00f6s elm\u00e9lked\u00e9s ut\u00e1n, majd bemutattuk a k\u00f6z\u00f6ss\u00e9g\u00fcnk szin\u00f3dusi koordin\u00e1torait.<\/p>\n\n\n\n<p>Ferenc p\u00e1pa egy \u00faj szinod\u00e1lis utat hirdetett a vil\u00e1gegyh\u00e1zban. A p\u00e1pa besz\u00e9d\u00e9b\u0151l h\u00e1rom sz\u00f3t emeln\u00e9k ki: tal\u00e1lkoz\u00e1s, meghallgat\u00e1s \u00e9s felismer\u00e9s.<br>A szin\u00f3dus l\u00e9nyege, hogy tal\u00e1lkozzunk egym\u00e1ssal \u00e9s m\u00e1sokkal, meghallgassuk az embereket \u00e9s egym\u00e1st, majd amit felismert\u00fcnk Isten akaratak\u00e9nt, azt val\u00f3s\u00edtsuk is meg.<br>Ha v\u00e1ltoz\u00e1st szeretn\u00e9nk, akkor azt magunkon kell kezdeni. Azon a ter\u00fcleten, mely legink\u00e1bb \u00e9rint minket. Kinek-kinek a saj\u00e1t, az egyh\u00e1zban kijel\u00f6lt hely\u00e9n.<br>Induljunk el ezen a k\u00f6z\u00f6s \u00faton! <\/p>\n\n\n\n<div class=\"wp-block-image\"><figure class=\"aligncenter\"><img decoding=\"async\" src=\"http:\/\/kostolna.fara.sk\/wp-content\/uploads\/2022\/02\/image_50420737-978x1024.jpg\" alt=\"\" class=\"wp-image-6201\"\/><\/figure><\/div>\n\n\n\n<div class=\"wp-block-image\"><figure class=\"aligncenter\"><img decoding=\"async\" src=\"http:\/\/kostolna.fara.sk\/wp-content\/uploads\/2022\/02\/image_50406913-768x1024.jpg\" alt=\"\" class=\"wp-image-6203\"\/><\/figure><\/div>\n\n\n\n<div class=\"wp-block-image\"><figure class=\"aligncenter\"><img decoding=\"async\" src=\"http:\/\/kostolna.fara.sk\/wp-content\/uploads\/2022\/02\/image_50456833-1024x746.jpg\" alt=\"\" class=\"wp-image-6204\"\/><\/figure><\/div>\n\n\n\n<div class=\"wp-block-image\"><figure class=\"aligncenter\"><img decoding=\"async\" src=\"http:\/\/kostolna.fara.sk\/wp-content\/uploads\/2022\/02\/image_67218433-e1645046632614-768x1024.jpg\" alt=\"\" class=\"wp-image-6195\"\/><\/figure><\/div>\n\n\n\n<div class=\"wp-block-image\"><figure class=\"aligncenter\"><img decoding=\"async\" src=\"http:\/\/kostolna.fara.sk\/wp-content\/uploads\/2022\/02\/image_50414849-812x1024.jpg\" alt=\"\" class=\"wp-image-6206\"\/><\/figure><\/div>\n\t\t\t\t","protected":false},"excerpt":{"rendered":"<p>&#x1f1f8;&#x1f1f0; V na\u0161ej farnosti Ru\u017eencovej Panny M\u00e1rie sme v nede\u013eu po spolo\u010dnom na\u010d\u00favan\u00ed Bo\u017eiemu Slovu pozvali v\u0161etk\u00fdch veriacich k synod\u00e1lnemu procesu a predstavili sme aj farsk\u00fdch synod\u00e1lnych koordin\u00e1torov.<\/p>\n","protected":false},"author":7,"featured_media":6195,"comment_status":"closed","ping_status":"closed","sticky":false,"template":"","format":"standard","meta":{"footnotes":""},"categories":[20],"tags":[],"class_list":{"0":"entry","1":"post","2":"publish","3":"author-slado89gmail-com","4":"has-excerpt","5":"has-more-link","6":"post-6194","8":"format-standard","9":"has-post-thumbnail","10":"category-synoda"},"_links":{"self":[{"href":"https:\/\/www.farakostolna.sk\/index.php?rest_route=\/wp\/v2\/posts\/6194","targetHints":{"allow":["GET"]}}],"collection":[{"href":"https:\/\/www.farakostolna.sk\/index.php?rest_route=\/wp\/v2\/posts"}],"about":[{"href":"https:\/\/www.farakostolna.sk\/index.php?rest_route=\/wp\/v2\/types\/post"}],"author":[{"embeddable":true,"href":"https:\/\/www.farakostolna.sk\/index.php?rest_route=\/wp\/v2\/users\/7"}],"replies":[{"embeddable":true,"href":"https:\/\/www.farakostolna.sk\/index.php?rest_route=%2Fwp%2Fv2%2Fcomments&post=6194"}],"version-history":[{"count":0,"href":"https:\/\/www.farakostolna.sk\/index.php?rest_route=\/wp\/v2\/posts\/6194\/revisions"}],"wp:featuredmedia":[{"embeddable":true,"href":"https:\/\/www.farakostolna.sk\/index.php?rest_route=\/"}],"wp:attachment":[{"href":"https:\/\/www.farakostolna.sk\/index.php?rest_route=%2Fwp%2Fv2%2Fmedia&parent=6194"}],"wp:term":[{"taxonomy":"category","embeddable":true,"href":"https:\/\/www.farakostolna.sk\/index.php?rest_route=%2Fwp%2Fv2%2Fcategories&post=6194"},{"taxonomy":"post_tag","embeddable":true,"href":"https:\/\/www.farakostolna.sk\/index.php?rest_route=%2Fwp%2Fv2%2Ftags&post=6194"}],"curies":[{"name":"wp","href":"https:\/\/api.w.org\/{rel}","templated":true}]}}