{"id":6181,"date":"2022-02-11T22:15:36","date_gmt":"2022-02-11T22:15:36","guid":{"rendered":"http:\/\/kostolna.fara.sk\/?p=6181"},"modified":"2022-02-11T22:15:36","modified_gmt":"2022-02-11T22:15:36","slug":"farske-oznamy-a-zamyslenie-13-02-2022","status":"publish","type":"post","link":"https:\/\/www.farakostolna.sk\/?p=6181","title":{"rendered":"Farsk\u00e9 oznamy a zamyslenie (13.02.2022)"},"content":{"rendered":"\n\t\t\t\t\n\t\t\t\t\n<div class=\"wp-block-image\"><figure class=\"alignleft is-resized\"><img loading=\"lazy\" decoding=\"async\" src=\"https:\/\/www.farakostolna.sk\/wp-content\/uploads\/2022\/02\/WhatsApp-Image-2022-02-11-at-23.08.50-1-1.jpeg\" alt=\"\" class=\"wp-image-6182\" width=\"488\" height=\"274\"\/><\/figure><\/div>\n\n\n\n<p>Minule vyz\u00fdval Je\u017ei\u0161 Petra, aby zatiahol na hlbinu. Dnes je t\u00e1 v\u00fdzva pre v\u0161etk\u00fdch a e\u0161te naliehavej\u0161ia cez blahoslavenstv\u00e1. S\u00fa\u010dasne m\u00e1me odpove\u010f na z\u00e1hadn\u00fa siln\u00fa vieru &#8220;chudobnej\u0161\u00edch&#8221; &#8211; lebo &#8220;Bla\u017een\u00fd \u010dlovek, \u010do v P\u00e1na sklad\u00e1 d\u00f4veru.&#8221;<\/p>\n\n\n<p><!--more--><\/p>\n\n\n<p><strong>Sv\u00e4t\u00e9 om\u0161e u n\u00e1s:<\/strong><\/p>\n\n\n\n<p><strong>sobota \u2013 12. febru\u00e1ra (s nede\u013enou platnos\u0165ou)<\/strong><\/p>\n\n\n\n<ul class=\"wp-block-list\"><li><strong>16:00 \u2013 Hrub\u00fd \u0160\u00far \u2013 (ma\u010f.)<\/strong><\/li><li><strong>17:00 \u2013 Hrub\u00e1 Bor\u0161a \u2013 (slov.\/ma\u010f.)<\/strong><\/li><li><strong>18:00 \u2013 Kostoln\u00e1 \u2013 (slov.)<\/strong><\/li><\/ul>\n\n\n\n<p><strong>nede\u013ea \u2013 13. febru\u00e1ra<\/strong><\/p>\n\n\n\n<ul class=\"wp-block-list\"><li><strong>7:00 \u2013 Kostoln\u00e1 \u2013 (slov.)<\/strong><\/li><li><strong>8:00 \u2013 Hrub\u00fd \u0160\u00far \u2013 (ma\u010f.)<\/strong><\/li><li><strong>9:30 \u2013 Kostoln\u00e1 \u2013 (ma\u010f.)<\/strong><\/li><li><strong>11:00 \u2013 Kostoln\u00e1 \u2013 (slov.)<\/strong><\/li><\/ul>\n\n\n\n<p>Najmenej obsaden\u00e1 sv\u00e4t\u00e1 om\u0161a b\u00fdva v nedele r\u00e1no o 7:00 v Kostolnej, preto ktor\u00fdm sa d\u00e1, povzbudzujem k \u00fa\u010dasti. <\/p>\n\n\n\n<p>Tento t\u00fd\u017ede\u0148 pon\u00fakam sviatos\u0165 zmierenia v utorok a stredu od 16:00 do 17:00 v Kostolnej pod pr\u00edstre\u0161kom. Vo \u0161tvrtok v Hrubej Bor\u0161i od 15:30 do 16:00 a v piatok v Hrubom \u0160\u00fare od 15:30 do 16:00. Ador\u00e1cia bude v Kostolnej v utorok a stredu v kostole od 16:00 do 17:00 a vo \u0161tvrtok a piatok od 15:15 do 17:00.<br><\/p>\n\n\n\n<p>Sv\u00e4t\u00e9 prij\u00edmanie mimo sv\u00e4tej om\u0161e rozd\u00e1vam v&nbsp;Kostolnej v\u017edy v \u010dase spovedania pod pr\u00edstre\u0161kom a v&nbsp;nede\u013eu po sv\u00e4t\u00fdch om\u0161iach od 12:00 do 12:30.<\/p>\n\n\n\n<p>Ke\u010f\u017ee sme mali svetov\u00fd de\u0148 chor\u00fdch, sviatos\u0165 pomazania chor\u00fdch budem vysluhova\u0165 tento t\u00fd\u017ede\u0148 e\u0161te v&nbsp;Hrubej Bor\u0161i vo \u0161tvrtok o&nbsp;16:00.<\/p>\n\n\n\n<p>Aj na\u0161a farnos\u0165 sa v\u010faka z\u00e1palu na\u0161ich koordin\u00e1torov zap\u00e1ja do synody o synodalite. Mo\u017eno ste u\u017e o tom nie\u010do po\u010duli, mo\u017eno nie. V najbli\u017e\u0161\u00edch t\u00fd\u017ed\u0148och sa n\u00e1m v\u0161etk\u00fdm bude postupne predstavova\u0165 t\u00e1to v\u00fdzva p\u00e1pe\u017ea Franti\u0161ka do Cirkvi dne\u0161n\u00fdch \u010dias. Nebojme sa zapoji\u0165 v\u0161etci do synod\u00e1lnych procesov, k spolo\u010dn\u00e9mu kr\u00e1\u010daniu. Duch Sv\u00e4t\u00fd m\u00f4\u017ee vlia\u0165 obnoven\u00fd \u017eivot a nov\u00e9 impulzy aj do na\u0161ej farnosti.<\/p>\n\n\n\n<p>Pon\u00fakam vo\u013en\u00e9 \u00famysly sv\u00e4t\u00fdch om\u0161\u00ed v&nbsp;najbli\u017e\u0161\u00edch t\u00fd\u017ed\u0148och.<\/p>\n\n\n\n<p>Tento v\u00edkend je po troch mesiacoch zbierka na opravu farsk\u00e9ho kostola a&nbsp;prev\u00e1dzkov\u00e9 n\u00e1klady farnosti. Vopred \u010fakujem.<\/p>\n\n\n\n<p>S \u00factou,<br>Pavol Gajdo\u0161, v\u00e1\u0161 far\u00e1r<\/p>\n\t\t\t\t","protected":false},"excerpt":{"rendered":"<p>Minule vyz\u00fdval Je\u017ei\u0161 Petra, aby zatiahol na hlbinu. Dnes je t\u00e1 v\u00fdzva pre v\u0161etk\u00fdch a e\u0161te naliehavej\u0161ia cez blahoslavenstv\u00e1. S\u00fa\u010dasne m\u00e1me odpove\u010f na z\u00e1hadn\u00fa siln\u00fa vieru &#8220;chudobnej\u0161\u00edch&#8221; &#8211; lebo &#8220;Bla\u017een\u00fd \u010dlovek, \u010do v P\u00e1na sklad\u00e1 d\u00f4veru.&#8221;<\/p>\n","protected":false},"author":7,"featured_media":6182,"comment_status":"closed","ping_status":"closed","sticky":false,"template":"","format":"standard","meta":{"footnotes":""},"categories":[13],"tags":[],"class_list":{"0":"entry","1":"post","2":"publish","3":"author-slado89gmail-com","4":"has-excerpt","5":"has-more-link","6":"post-6181","8":"format-standard","9":"has-post-thumbnail","10":"category-oznamy"},"_links":{"self":[{"href":"https:\/\/www.farakostolna.sk\/index.php?rest_route=\/wp\/v2\/posts\/6181","targetHints":{"allow":["GET"]}}],"collection":[{"href":"https:\/\/www.farakostolna.sk\/index.php?rest_route=\/wp\/v2\/posts"}],"about":[{"href":"https:\/\/www.farakostolna.sk\/index.php?rest_route=\/wp\/v2\/types\/post"}],"author":[{"embeddable":true,"href":"https:\/\/www.farakostolna.sk\/index.php?rest_route=\/wp\/v2\/users\/7"}],"replies":[{"embeddable":true,"href":"https:\/\/www.farakostolna.sk\/index.php?rest_route=%2Fwp%2Fv2%2Fcomments&post=6181"}],"version-history":[{"count":0,"href":"https:\/\/www.farakostolna.sk\/index.php?rest_route=\/wp\/v2\/posts\/6181\/revisions"}],"wp:featuredmedia":[{"embeddable":true,"href":"https:\/\/www.farakostolna.sk\/index.php?rest_route=\/"}],"wp:attachment":[{"href":"https:\/\/www.farakostolna.sk\/index.php?rest_route=%2Fwp%2Fv2%2Fmedia&parent=6181"}],"wp:term":[{"taxonomy":"category","embeddable":true,"href":"https:\/\/www.farakostolna.sk\/index.php?rest_route=%2Fwp%2Fv2%2Fcategories&post=6181"},{"taxonomy":"post_tag","embeddable":true,"href":"https:\/\/www.farakostolna.sk\/index.php?rest_route=%2Fwp%2Fv2%2Ftags&post=6181"}],"curies":[{"name":"wp","href":"https:\/\/api.w.org\/{rel}","templated":true}]}}