{"id":6175,"date":"2022-02-11T21:30:50","date_gmt":"2022-02-11T21:30:50","guid":{"rendered":"http:\/\/kostolna.fara.sk\/?p=6175"},"modified":"2022-02-11T21:30:50","modified_gmt":"2022-02-11T21:30:50","slug":"synoda-vo-farnosti","status":"publish","type":"post","link":"https:\/\/www.farakostolna.sk\/?p=6175","title":{"rendered":"Synoda vo farnosti \/ Szin\u00f3dus a pl\u00e9b\u00e1niak\u00f6z\u00f6ss\u00e9g\u00fcnkben"},"content":{"rendered":"\n\t\t\t\t\n\t\t\t\t\n<div class=\"wp-block-image\"><figure class=\"alignleft is-resized\"><img loading=\"lazy\" decoding=\"async\" src=\"https:\/\/www.farakostolna.sk\/wp-content\/uploads\/2022\/02\/image_6483441-2-2.jpg\" alt=\"\" class=\"wp-image-6166\" width=\"268\" height=\"247\"\/><\/figure><\/div>\n\n\n\n<p>&#x1f1f8;&#x1f1f0; V okt\u00f3bri minul\u00e9ho roka sme na v\u00fdzvu p\u00e1pe\u017ea Franti\u0161ka vst\u00fapili <a href=\"https:\/\/synoda.abuba.sk\/co-je-synoda\/\">do diec\u00e9znej f\u00e1zy Synody 2021-2023<\/a>. <\/p>\n\n\n\n<p>Synod\u00e1lny proces u\u017e nie je len zhroma\u017edenie biskupov, ale cestou\npre v\u0161etk\u00fdch veriacich. <\/p>\n\n\n\n<p>A ka\u017ed\u00e1 miestna cirkev v \u0148om zohr\u00e1va svoju d\u00f4le\u017eit\u00fa \u00falohu. <\/p>\n\n\n<p><!--more--><\/p>\n\n\n<p>Druh\u00fd vatik\u00e1nsky koncil posilnil vedomie, \u017ee v\u0161etci pokrsten\u00ed, tak\n\u010dlenovia hierarchie, ako aj laici, s\u00fa povolan\u00ed akt\u00edvne sa podie\u013ea\u0165 na sp\u00e1snej\nmisii Cirkvi.<\/p>\n\n\n\n<p>V na\u0161ej arcidiec\u00e9ze sa postupne do tohto procesu <a href=\"http:\/\/synoda.abuba.sk\/\">zap\u00e1jaj\u00fa\nfarnosti a r\u00f4zne spolo\u010denstv\u00e1<\/a>, v ktor\u00fdch bud\u00fa napom\u00e1ha\u0165 tzv. koordin\u00e1tori. <\/p>\n\n\n\n<p><strong>Aj na\u0161a farnos\u0165 sa u\u017e zaregistrovala do diec\u00e9znej f\u00e1zy Synody a synod\u00e1lne stretnutia v na\u0161ej farnosti bude koordinova\u0165 n\u00e1\u0161 farn\u00edk Michal Barabas a Ivett \u0160illo. <\/strong><\/p>\n\n\n\n<p>\u010eakujeme, \u017ee vzali na seba t\u00fato slu\u017ebu. Ich&nbsp; \u00falohou bude pom\u00e1ha\u0165 n\u00e1m, aby sme umo\u017enili \u010do\nmo\u017eno naj\u0161ir\u0161iu \u00fa\u010das\u0165 veriacich, t\u00fdch bl\u00edzkych \u017eivotu farnosti i t\u00fdch\nvzdialen\u00fdch.<\/p>\n\n\n\n<p>Najprv sa pok\u00fasime vytvori\u0165 \u0161ir\u0161\u00ed farsk\u00fd synod\u00e1lny t\u00edm. Synoda\nznamen\u00e1 \u201espolo\u010dn\u00e9 kr\u00e1\u010danie\u201c. <\/p>\n\n\n\n<p>Cie\u013eom je zorganizova\u0165 \u010do mo\u017eno najv\u00e4\u010d\u0161\u00ed po\u010det tzv. konzulta\u010dn\u00fdch\nstretnut\u00ed v mal\u00fdch skupin\u00e1ch (do 10 \u013eud\u00ed), kde bude mo\u017en\u00e9 vypo\u010du\u0165 ka\u017ed\u00e9ho.<\/p>\n\n\n\n<p>Budeme sa spolo\u010dne zhov\u00e1ra\u0165 na t\u00e9mu: <em>Ako sa uskuto\u010d\u0148uje toto \u201espolo\u010dn\u00e9 kr\u00e1\u010danie\u201c dnes v na\u0161ej miestnej cirkvi? Ak\u00e9 kroky n\u00e1s Duch vyz\u00fdva urobi\u0165, aby sme r\u00e1stli v na\u0161om \u201espolo\u010dnom kr\u00e1\u010dan\u00ed\u201d?<\/em> <\/p>\n\n\n\n<p>T\u00fato t\u00e9mu m\u00f4\u017eeme premeni\u0165 na drobn\u00e9 <a href=\"https:\/\/synoda.abuba.sk\/10-tematickych-oblasti\/\">v 10 okruhoch s\u00favisiacich t\u00e9m<\/a>.<\/p>\n\n\n\n<p>Cie\u013eom synody je <\/p>\n\n\n\n<ul class=\"wp-block-list\"><li><strong>PO\u010c\u00daVA\u0164:<\/strong> po\u010d\u00fava\u0165 Bo\u017eie Slovo, po\u010d\u00fava\u0165 sa navz\u00e1jom; po\u010d\u00fava\u0165 Ducha Sv\u00e4t\u00e9ho. Spolo\u010dne na\u010d\u00fava\u0165, \u010do Duch Sv\u00e4t\u00fd hovor\u00ed Cirkvi a kam ju vedie.<\/li><li><strong>MA\u0164 \u00da\u010cAS\u0164:<\/strong> Synoda m\u00e1 prebudi\u0165 spoluzodpovednos\u0165 a zap\u00e1ja\u0165 v\u0161etk\u00fdch do poslania Cirkvi. M\u00e1me pr\u00edle\u017eitos\u0165 sta\u0165 sa Cirkvou bl\u00edzkosti.<\/li><li><strong>ROZLI\u0160OVA\u0164:<\/strong> Synoda je cestou skuto\u010dn\u00e9ho duchovn\u00e9ho rozli\u0161ovania, aby sme rozpoznali, kam n\u00e1s Duch Sv\u00e4t\u00fd vedie pre dobro v\u0161etk\u00fdch.<\/li><li><strong>OBNOVI\u0164: <\/strong>Synoda m\u00f4\u017ee vd\u00fdchnu\u0165 nov\u00fd \u017eivot cirkevn\u00fdm in\u0161tit\u00faci\u00e1m, m\u00f4\u017ee spusti\u0165 o\u017eivenie alebo zalo\u017eenie pastora\u010dn\u00fdch r\u00e1d alebo novej slu\u017eby vo farnosti.<\/li><li><strong>VYJS\u0164 NA PERIF\u00c9RIE:<\/strong> n\u00e1s m\u00e1 vyprovokova\u0165, aby sme vych\u00e1dzali k vzdialen\u00fdm, po\u010d\u00favali ich a h\u013eadali, ako im \u00fa\u010dinnej\u0161ie odovzda\u0165 Evanjelium ako svetlo pre ich \u017eivot.<\/li><\/ul>\n\n\n\n<p>Poz\u00fdvame v\u00e1s zapoji\u0165 sa do synod\u00e1lneho procesu. Poz\u00fdvame v\u00e1s k\nspolo\u010dn\u00e9mu kr\u00e1\u010daniu. <\/p>\n\n\n\n<p><a href=\"https:\/\/www.farakostolna.sk\/wp-content\/uploads\/2022\/02\/modlitba-adsumus-1.pdf\">Poz\u00fdvame V\u00e1s k modlitbe za synodu.<\/a> Povedzte n\u00e1\u0161mu koordin\u00e1torovi, \u017ee m\u00e1te t\u00fa\u017ebu zapoji\u0165 sa, pom\u00f4c\u0165. <\/p>\n\n\n\n<p>Postupne v\u00e1s budeme informova\u0165 o postupe synod\u00e1lnych procesov v\nna\u0161ej farnosti. <\/p>\n\n\n\n<p>Vopred \u010fakujeme v\u0161etk\u00fdm, ktor\u00ed odpovedia na Je\u017ei\u0161ovo pozvanie k\nspolu\u00fa\u010dasti a ver\u00edme, \u017ee Duch Sv\u00e4t\u00fd vleje obnoven\u00fd \u017eivot do na\u0161ej farnosti a\nnov\u00e9 impulzy.<\/p>\n\n\n\n<hr class=\"wp-block-separator\"\/>\n\n\n\n<p>&#x1f1ed;&#x1f1fa; Tavaly okt\u00f3berben Ferenc p\u00e1pa megh\u00edv\u00e1s\u00e1ra\nbel\u00e9pt\u00fcnk a 2021-2023-as szin\u00f3dus egyh\u00e1zmegyei szakasz\u00e1ba. <\/p>\n\n\n\n<p>A szin\u00f3dusi folyamat\nm\u00e1r nem csup\u00e1n a p\u00fcsp\u00f6k\u00f6k gy\u00fclekezete, hanem minden h\u00edv\u0151 \u00fatja. <\/p>\n\n\n\n<p>Ebben minden helyi\negyh\u00e1z fontos szerepet j\u00e1tszik. <\/p>\n\n\n\n<p>A II. Vatik\u00e1ni Zsinat\nmeger\u0151s\u00edtette azt a tudatot, hogy minden megkeresztelt, mind a hierarchia\ntagjai, mind pedig a laikusok arra hivatottak, hogy akt\u00edvan vegyenek r\u00e9szt az\nEgyh\u00e1z \u00fcdv\u00f6z\u00edt\u0151 k\u00fcldet\u00e9s\u00e9ben. <\/p>\n\n\n\n<p>F\u0151egyh\u00e1zmegy\u00e9nkben a\npl\u00e9b\u00e1ni\u00e1k \u00e9s a k\u00fcl\u00f6nb\u00f6z\u0151 k\u00f6z\u00f6ss\u00e9gek fokozatosan bekapcsol\u00f3dnak ebbe a\nfolyamatba, melyben az \u00fan. koordin\u00e1torok seg\u00edtenek.<\/p>\n\n\n\n<p><strong>Egyh\u00e1zk\u00f6zs\u00e9g\u00fcnk m\u00e1r regisztr\u00e1lt a szin\u00f3dus egyh\u00e1zmegyei szakasz\u00e1ba. Pl\u00e9b\u00e1niak\u00f6z\u00f6ss\u00e9g\u00fcnkben a koordin\u00e1tori feladattal Michal Barabast \u00e9s \u0160illo Kiss Ivettet b\u00edztam meg. <\/strong><\/p>\n\n\n\n<p>K\u00f6sz\u00f6nj\u00fck, hogy\nv\u00e1llalt\u00e1k ezt a szolg\u00e1latot. Feladatuk az lesz, hogy lehet\u0151v\u00e9 tegy\u00e9k a h\u00edv\u0151k,\naz egyh\u00e1zk\u00f6zs\u00e9g \u00e9let\u00e9hez k\u00f6zel \u00e1ll\u00f3k \u00e9s az att\u00f3l t\u00e1voll\u00e9v\u0151k min\u00e9l sz\u00e9lesebb\nk\u00f6rben val\u00f3 r\u00e9szv\u00e9tel\u00e9t. <\/p>\n\n\n\n<p>El\u0151sz\u00f6r is megpr\u00f3b\u00e1lunk\negy sz\u00e9lesebb pl\u00e9b\u00e1niai szin\u00f3dusi csapatot l\u00e9trehozni. A szin\u00f3dus azt jelenti,\nhogy \u201eegy\u00fctt j\u00e1runk\u201d.<\/p>\n\n\n\n<p>A c\u00e9l a min\u00e9l nagyobb\nsz\u00e1m\u00fa \u00fan. kiscsoportos (maximum 10 f\u0151s) konzult\u00e1ci\u00f3s megbesz\u00e9l\u00e9sek szervez\u00e9se,\nahol mindenkit meg fogunk tudni hallgatni.<\/p>\n\n\n\n<p>Egy\u00fctt\nfogunk besz\u00e9lgetni arr\u00f3l, hogy hogyan haladunk a k\u00f6z\u00f6s \u00faton ma a helyi\nk\u00f6z\u00f6ss\u00e9gekben, illetve hogy milyen l\u00e9p\u00e9sekre h\u00edv minket a L\u00e9lek, hogy\nn\u00f6vekedhess\u00fcnk az egy\u00fctt halad\u00e1sban. <\/p>\n\n\n\n<p>Ezt a t\u00e9m\u00e1t az ehhez\nkapcsol\u00f3d\u00f3 10 k\u00e9rd\u00e9sk\u00f6rben fogjuk k\u00f6r\u00fclj\u00e1rni.&nbsp;\n<\/p>\n\n\n\n<p>A szin\u00f3dus c\u00e9lja <\/p>\n\n\n\n<ul class=\"wp-block-list\"><li><strong>HALLGATNI:<\/strong> Hallgatni&nbsp; Isten Ig\u00e9j\u00e9t, hallgatni egym\u00e1sra; meghallani a Szentl\u00e9lek sugallat\u00e1t. Egy\u00fctt hallgatni, mit mond a Szentl\u00e9lek az Egyh\u00e1znak, \u00e9s hov\u00e1 vezeti azt. <\/li><li><strong>R\u00c9SZT VENNI:<\/strong> A szin\u00f3dus c\u00e9lja, hogy fel\u00e9bressze a t\u00e1rsfelel\u0151ss\u00e9get, \u00e9s hogy mindenkit bevonjon az Egyh\u00e1z k\u00fcldet\u00e9s\u00e9be. Lehet\u0151s\u00e9g\u00fcnk van az egym\u00e1shoz k\u00f6zelis\u00e9g Egyh\u00e1z\u00e1v\u00e1 v\u00e1lni.<\/li><li><strong>K\u00dcL\u00d6NBS\u00c9GET TENNI: <\/strong>A Szin\u00f3dus a val\u00f3di lelki megk\u00fcl\u00f6nb\u00f6ztet\u00e9s \u00fatja, hogy felismerj\u00fck, hova vezet minket a Szentl\u00e9lek, hogy az mindenkinek a jav\u00e1ra legyen.<\/li><li><strong>MEG\u00daJ\u00cdTANI: <\/strong>A zsinat \u00faj \u00e9letet lehelhet az egyh\u00e1zi int\u00e9zm\u00e9nyekbe, k\u00f6z\u00f6ss\u00e9gekbe, imacsoportjainkba. \u00daj \u00e9bred\u00e9st ind\u00edthat el a pasztor\u00e1ci\u00f3s tan\u00e1csban vagy m\u00e1s pl\u00e9b\u00e1niai szolg\u00e1latokban, illetve \u00e9letre h\u00edvhatja azokat. <\/li><li><strong>KIMENNI A PERIF\u00c9RI\u00c1KRA:<\/strong> Buzd\u00edtson arra, hogy kil\u00e9pj\u00fcnk a t\u0151l\u00fcnk t\u00e1vol es\u0151kh\u00f6z, hogy meghallgassuk \u0151ket, \u00e9s keress\u00fck az evang\u00e9lium hat\u00e9kony \u00e1tad\u00e1s\u00e1nak m\u00f3dj\u00e1t, az \u00f6r\u00f6mh\u00edr\u00e9t, amely f\u00e9nyt visz az \u00e9let\u00fckbe.<\/li><\/ul>\n\n\n\n<p>Megh\u00edvjuk \u00d6n\u00f6ket, hogy\nkapcsol\u00f3djanak be a szin\u00f3dusi folyamatba. Megh\u00edvjuk arra, hogy egy\u00fctt haladjunk.<\/p>\n\n\n\n<p><a href=\"https:\/\/www.farakostolna.sk\/wp-content\/uploads\/2022\/02\/A-Szinodus-imaja-1.pdf\">Buzd\u00edtjuk \u00d6n\u00f6ket a k\u00f6z\u00f6s im\u00e1ra.<\/a> Jelentkezzenek koordin\u00e1torainkn\u00e1l, ha szeretn\u00e9nek bekapcsol\u00f3dni, seg\u00edteni. <\/p>\n\n\n\n<p>Egyh\u00e1zk\u00f6zs\u00e9g\u00fcnk\nszin\u00f3dusi folyamatainak el\u0151rehalad\u00e1s\u00e1r\u00f3l fokozatosan t\u00e1j\u00e9koztatjuk \u00d6n\u00f6ket.<\/p>\n\n\n\n<p>El\u0151re is k\u00f6sz\u00f6nj\u00fck\nmindazoknak, akik eleget tesznek J\u00e9zus megh\u00edv\u00e1s\u00e1nak, \u00e9s hissz\u00fck, hogy a\nSzentl\u00e9lek meg\u00fajult \u00e9lettel \u00e9s \u00faj impulzusokkal t\u00f6lti el pl\u00e9b\u00e1niak\u00f6z\u00f6ss\u00e9g\u00fcnket.<\/p>\n\t\t\t\t","protected":false},"excerpt":{"rendered":"<p>&#x1f1f8;&#x1f1f0; V okt\u00f3bri minul\u00e9ho roka sme na v\u00fdzvu p\u00e1pe\u017ea Franti\u0161ka vst\u00fapili do diec\u00e9znej f\u00e1zy Synody 2021-2023. Synod\u00e1lny proces u\u017e nie je len zhroma\u017edenie biskupov, ale cestou pre v\u0161etk\u00fdch veriacich. A ka\u017ed\u00e1 miestna cirkev v \u0148om zohr\u00e1va svoju d\u00f4le\u017eit\u00fa \u00falohu.<\/p>\n","protected":false},"author":7,"featured_media":6166,"comment_status":"closed","ping_status":"closed","sticky":false,"template":"","format":"standard","meta":{"footnotes":""},"categories":[20],"tags":[],"class_list":{"0":"entry","1":"post","2":"publish","3":"author-slado89gmail-com","4":"has-excerpt","5":"has-more-link","6":"post-6175","8":"format-standard","9":"has-post-thumbnail","10":"category-synoda"},"_links":{"self":[{"href":"https:\/\/www.farakostolna.sk\/index.php?rest_route=\/wp\/v2\/posts\/6175","targetHints":{"allow":["GET"]}}],"collection":[{"href":"https:\/\/www.farakostolna.sk\/index.php?rest_route=\/wp\/v2\/posts"}],"about":[{"href":"https:\/\/www.farakostolna.sk\/index.php?rest_route=\/wp\/v2\/types\/post"}],"author":[{"embeddable":true,"href":"https:\/\/www.farakostolna.sk\/index.php?rest_route=\/wp\/v2\/users\/7"}],"replies":[{"embeddable":true,"href":"https:\/\/www.farakostolna.sk\/index.php?rest_route=%2Fwp%2Fv2%2Fcomments&post=6175"}],"version-history":[{"count":0,"href":"https:\/\/www.farakostolna.sk\/index.php?rest_route=\/wp\/v2\/posts\/6175\/revisions"}],"wp:featuredmedia":[{"embeddable":true,"href":"https:\/\/www.farakostolna.sk\/index.php?rest_route=\/"}],"wp:attachment":[{"href":"https:\/\/www.farakostolna.sk\/index.php?rest_route=%2Fwp%2Fv2%2Fmedia&parent=6175"}],"wp:term":[{"taxonomy":"category","embeddable":true,"href":"https:\/\/www.farakostolna.sk\/index.php?rest_route=%2Fwp%2Fv2%2Fcategories&post=6175"},{"taxonomy":"post_tag","embeddable":true,"href":"https:\/\/www.farakostolna.sk\/index.php?rest_route=%2Fwp%2Fv2%2Ftags&post=6175"}],"curies":[{"name":"wp","href":"https:\/\/api.w.org\/{rel}","templated":true}]}}