{"id":6165,"date":"2022-02-11T21:19:57","date_gmt":"2022-02-11T21:19:57","guid":{"rendered":"http:\/\/kostolna.fara.sk\/?p=6165"},"modified":"2022-02-11T21:19:57","modified_gmt":"2022-02-11T21:19:57","slug":"synoda-v-bratislavskej-arcidieceze","status":"publish","type":"post","link":"https:\/\/www.farakostolna.sk\/?p=6165","title":{"rendered":"Synoda v Bratislavskej arcidiec\u00e9ze \/ Szin\u00f3dus a Pozsonyi F\u0151egyh\u00e1zmegy\u00e9ben"},"content":{"rendered":"\n\t\t\t\t\n\t\t\t\t\n<div class=\"wp-block-image\"><figure class=\"alignleft is-resized\"><img loading=\"lazy\" decoding=\"async\" src=\"https:\/\/www.farakostolna.sk\/wp-content\/uploads\/2022\/02\/image_6483441-2-1-2-2.jpg\" alt=\"\" class=\"wp-image-6167\" width=\"290\" height=\"267\"\/><\/figure><\/div>\n\n\n\n<p>&#x1f1f8;&#x1f1f0; V bratislavskej arcidiec\u00e9ze sa sp\u00fa\u0161\u0165aj\u00fa synod\u00e1lne procesy. U\u017e nieko\u013eko mesiacov prebiehaj\u00fa intenz\u00edvne pr\u00edpravy konzulta\u010dnej f\u00e1zy. Prebehli synod\u00e1lne stretnutia s k\u0148azmi diec\u00e9zy v jednotliv\u00fdch dekan\u00e1toch arcidiec\u00e9zy a v \u010fal\u0161\u00edch synod\u00e1lnych \u0161trukt\u00farach diec\u00e9zy. Prebieha registr\u00e1cia do synod\u00e1lnych procesov na\u0161ej arcidiec\u00e9zy. Pripravujeme intenz\u00edvne webin\u00e1re pre miestnych koordin\u00e1torov a rozli\u010dn\u00e9 form\u00e1ty konzulta\u010dn\u00fdch stretnut\u00ed. Tu je n\u00e1\u010drt harmonogramu v\u00fdvoja diec\u00e9znej f\u00e1zy pr\u00edpravy na Synodu 2023. <\/p>\n\n\n<p><!--more--><\/p>\n\n\n<p>&#x1f1ed;&#x1f1fa; A Pozsonyi F\u0151egyh\u00e1zmegy\u00e9ben elindultak a szin\u00f3dusi folyamatok. A konzult\u00e1ci\u00f3s szakasz intenz\u00edv el\u0151k\u00e9sz\u00fcletei t\u00f6bb h\u00f3napja folynak. A tal\u00e1lkoz\u00e1sokra sor ker\u00fclt a f\u0151egyh\u00e1zmegye egyes espereseinek papjaival \u00a0\u00e9s az egyh\u00e1zmegye egy\u00e9b zsinati fel\u00e9p\u00edt\u00e9seiben. F\u0151egyh\u00e1zmegy\u00e9nk zsinati folyamataira \u00a0a jelentkez\u00e9s folyamatban van. Intenz\u00edv webin\u00e1riumokat k\u00e9sz\u00edt\u00fcnk a helyi koordin\u00e1torok sz\u00e1m\u00e1ra, \u00e9s k\u00fcl\u00f6nf\u00e9le form\u00e1j\u00fa konzult\u00e1ci\u00f3s megbesz\u00e9l\u00e9seket. \u00cdme egy v\u00e1zlat a 2023-as zsinatra val\u00f3 felk\u00e9sz\u00fcl\u00e9sr\u0151l az \u00a0egyh\u00e1zmegyei szakasz\u00e1nak fejleszt\u00e9si \u00fctemterv\u00e9r\u0151l. <\/p>\n\n\n\n<div class=\"wp-block-image\"><figure class=\"aligncenter\"><img decoding=\"async\" src=\"https:\/\/www.farakostolna.sk\/wp-content\/uploads\/2022\/02\/image_6483441-2-1-2-1-1-719x1024.jpg\" alt=\"\" class=\"wp-image-6172\"\/><\/figure><\/div>\n\t\t\t\t","protected":false},"excerpt":{"rendered":"<p>&#x1f1f8;&#x1f1f0; V bratislavskej arcidiec\u00e9ze sa sp\u00fa\u0161\u0165aj\u00fa synod\u00e1lne procesy. U\u017e nieko\u013eko mesiacov prebiehaj\u00fa intenz\u00edvne pr\u00edpravy konzulta\u010dnej f\u00e1zy. Prebehli synod\u00e1lne stretnutia s k\u0148azmi diec\u00e9zy v jednotliv\u00fdch dekan\u00e1toch arcidiec\u00e9zy a v \u010fal\u0161\u00edch synod\u00e1lnych \u0161trukt\u00farach diec\u00e9zy. Prebieha registr\u00e1cia do synod\u00e1lnych procesov na\u0161ej arcidiec\u00e9zy. Pripravujeme intenz\u00edvne webin\u00e1re pre miestnych koordin\u00e1torov a rozli\u010dn\u00e9 form\u00e1ty konzulta\u010dn\u00fdch stretnut\u00ed. Tu je n\u00e1\u010drt harmonogramu v\u00fdvoja &#8230; <span class=\"more\"><a class=\"more-link\" href=\"https:\/\/www.farakostolna.sk\/?p=6165\">[\u010c\u00edta\u0165 \u010falej&#8230;]<\/a><\/span><\/p>\n","protected":false},"author":7,"featured_media":6166,"comment_status":"closed","ping_status":"closed","sticky":false,"template":"","format":"standard","meta":{"footnotes":""},"categories":[20],"tags":[],"class_list":{"0":"entry","1":"post","2":"publish","3":"author-slado89gmail-com","4":"has-excerpt","5":"has-more-link","6":"post-6165","8":"format-standard","9":"has-post-thumbnail","10":"category-synoda"},"_links":{"self":[{"href":"https:\/\/www.farakostolna.sk\/index.php?rest_route=\/wp\/v2\/posts\/6165","targetHints":{"allow":["GET"]}}],"collection":[{"href":"https:\/\/www.farakostolna.sk\/index.php?rest_route=\/wp\/v2\/posts"}],"about":[{"href":"https:\/\/www.farakostolna.sk\/index.php?rest_route=\/wp\/v2\/types\/post"}],"author":[{"embeddable":true,"href":"https:\/\/www.farakostolna.sk\/index.php?rest_route=\/wp\/v2\/users\/7"}],"replies":[{"embeddable":true,"href":"https:\/\/www.farakostolna.sk\/index.php?rest_route=%2Fwp%2Fv2%2Fcomments&post=6165"}],"version-history":[{"count":0,"href":"https:\/\/www.farakostolna.sk\/index.php?rest_route=\/wp\/v2\/posts\/6165\/revisions"}],"wp:featuredmedia":[{"embeddable":true,"href":"https:\/\/www.farakostolna.sk\/index.php?rest_route=\/"}],"wp:attachment":[{"href":"https:\/\/www.farakostolna.sk\/index.php?rest_route=%2Fwp%2Fv2%2Fmedia&parent=6165"}],"wp:term":[{"taxonomy":"category","embeddable":true,"href":"https:\/\/www.farakostolna.sk\/index.php?rest_route=%2Fwp%2Fv2%2Fcategories&post=6165"},{"taxonomy":"post_tag","embeddable":true,"href":"https:\/\/www.farakostolna.sk\/index.php?rest_route=%2Fwp%2Fv2%2Ftags&post=6165"}],"curies":[{"name":"wp","href":"https:\/\/api.w.org\/{rel}","templated":true}]}}