{"id":6153,"date":"2022-02-04T20:20:51","date_gmt":"2022-02-04T20:20:51","guid":{"rendered":"http:\/\/kostolna.fara.sk\/?p=6153"},"modified":"2022-02-04T20:20:51","modified_gmt":"2022-02-04T20:20:51","slug":"farske-oznamy-a-zamyslenie-06-02-2022","status":"publish","type":"post","link":"https:\/\/www.farakostolna.sk\/?p=6153","title":{"rendered":"Farsk\u00e9 oznamy a zamyslenie (06.02.2022)"},"content":{"rendered":"\n\t\t\t\t\n\t\t\t\t\n<div class=\"wp-block-image\"><figure class=\"alignleft\"><img decoding=\"async\" src=\"https:\/\/www.farakostolna.sk\/wp-content\/uploads\/2022\/02\/WhatsApp-Image-2022-02-04-at-20.57.50-1-1.jpeg\" alt=\"\" class=\"wp-image-6154\"\/><\/figure><\/div>\n\n\n\n<p>Je\u017ei\u0161 d\u00e1va Petrovi &#8220;lekciu&#8221; z chytania r\u00fdb. Peter vedel, \u017ee u\u017e ni\u010d nechyt\u00ed &#8211; Je\u017ei\u0161 v\u0161ak prekonal v\u0161etky o\u010dak\u00e1vania. Urob\u00ed to aj pre n\u00e1s, ak spust\u00edme siete. Peter reagoval trochu ne\u010dakane &#8211; pokorne a so strachom. Je\u017ei\u0161 mu ale hovor\u00ed: &#8220;Neboj sa&#8221;. Kedy kone\u010dne aj my spust\u00edme siete a zatiahneme na hlbinu?<\/p>\n\n\n<p><!--more--><\/p>\n\n\n<p><strong>Sv\u00e4t\u00e9 om\u0161e u n\u00e1s:<\/strong><\/p>\n\n\n\n<p><strong>sobota \u2013 5. febru\u00e1ra (s nede\u013enou platnos\u0165ou) <\/strong><\/p>\n\n\n\n<ul class=\"wp-block-list\"><li><strong>16:00 \u2013 Hrub\u00fd \u0160\u00far \u2013 (ma\u010f.)<\/strong><\/li><li><strong>17:00 \u2013 Hrub\u00e1 Bor\u0161a \u2013 (slov.\/ma\u010f.)<\/strong><\/li><li><strong>18:00 \u2013 Kostoln\u00e1 \u2013 (slov.)<\/strong><\/li><\/ul>\n\n\n\n<p><strong>nede\u013ea \u2013 6. febru\u00e1ra <\/strong><\/p>\n\n\n\n<ul class=\"wp-block-list\"><li><strong>7:00 \u2013 Kostoln\u00e1 \u2013 (slov.)<\/strong><\/li><li><strong>8:00 \u2013 Hrub\u00fd \u0160\u00far \u2013 (ma\u010f.)<\/strong><\/li><li><strong>9:30 \u2013 Kostoln\u00e1 \u2013 (ma\u010f.)<\/strong><\/li><li><strong>11:00 \u2013 Kostoln\u00e1 \u2013 (slov.)<\/strong><\/li><\/ul>\n\n\n\n<p>Ke\u010f\u017ee m\u00e1me tento t\u00fd\u017ede\u0148 svetov\u00fd de\u0148 chor\u00fdch, sviatos\u0165 pomazania chor\u00fdch budem vysluhova\u0165 v Kostolnej vo \u0161tvrtok na sv. om\u0161i o 17:00 a 18:00 a v Hrubom \u0160\u00fare v piatok o 16:00. V Hrubej Bor\u0161i vysl\u00fa\u017eim sviatos\u0165 o t\u00fd\u017ede\u0148 nesk\u00f4r vo \u0161tvrtok o 16:00. Spoveda\u0165 budem v stredu a vo \u0161tvrtok od 16:00 do 17:00 v Kostolnej pod pr\u00edstre\u0161kom. V piatok v Hrubom \u0160\u00fare od 15:30 do 16:00.<\/p>\n\n\n\n<p>Ador\u00e1cia bude v Kostolnej v stredu a vo \u0161tvrtok v kostole od 16:00 do 17:00 a v piatok od 15:15 do 17:00.<br><\/p>\n\n\n\n<p>Pon\u00fakam vo\u013en\u00e9 \u00famysly sv\u00e4t\u00fdch om\u0161\u00ed v najbli\u017e\u0161\u00edch t\u00fd\u017ed\u0148och.<\/p>\n\n\n\n<p><strong>Bud\u00facu nede\u013eu m\u00e1me pravideln\u00fa mesa\u010dn\u00fa zbierku na opravu farsk\u00e9ho kostola a prev\u00e1dzkov\u00e9 n\u00e1klady farnosti. Vopred \u010fakujem.<\/strong><\/p>\n\n\n\n<p>V Kostolnej s\u00fa v\u0161etky sv\u00e4t\u00e9 om\u0161e nazvu\u010den\u00e9 aj vonku na farskom dvore a pod pr\u00edstre\u0161kom, ktor\u00fd je z polovice chr\u00e1nen\u00fd od vetra. Sv\u00e4t\u00e9 prij\u00edmanie v\u00e1m r\u00e1d vynesiem aj pred kostol. Sv\u00e4t\u00e9 prij\u00edmanie mimo sv\u00e4tej om\u0161e rozd\u00e1vam v Kostolnej v\u017edy v \u010dase spovedania pod pr\u00edstre\u0161kom a v nede\u013eu po sv\u00e4t\u00fdch om\u0161iach od 12:00 do 12:30. Najmenej obsaden\u00e1 sv\u00e4t\u00e1 om\u0161a b\u00fdva v nedele r\u00e1no o 7:00 v Kostolnej, preto ktor\u00fdm sa d\u00e1, povzbudzujem k \u00fa\u010dasti. <\/p>\n\n\n\n<p>S \u00factou,<br>Pavol Gajdo\u0161, v\u00e1\u0161 far\u00e1r<\/p>\n\t\t\t\t","protected":false},"excerpt":{"rendered":"<p>Je\u017ei\u0161 d\u00e1va Petrovi &#8220;lekciu&#8221; z chytania r\u00fdb. Peter vedel, \u017ee u\u017e ni\u010d nechyt\u00ed &#8211; Je\u017ei\u0161 v\u0161ak prekonal v\u0161etky o\u010dak\u00e1vania. Urob\u00ed to aj pre n\u00e1s, ak spust\u00edme siete. Peter reagoval trochu ne\u010dakane &#8211; pokorne a so strachom. Je\u017ei\u0161 mu ale hovor\u00ed: &#8220;Neboj sa&#8221;. Kedy kone\u010dne aj my spust\u00edme siete a zatiahneme na hlbinu?<\/p>\n","protected":false},"author":7,"featured_media":6154,"comment_status":"closed","ping_status":"closed","sticky":false,"template":"","format":"standard","meta":{"footnotes":""},"categories":[13],"tags":[],"class_list":{"0":"entry","1":"post","2":"publish","3":"author-slado89gmail-com","4":"has-excerpt","5":"has-more-link","6":"post-6153","8":"format-standard","9":"has-post-thumbnail","10":"category-oznamy"},"_links":{"self":[{"href":"https:\/\/www.farakostolna.sk\/index.php?rest_route=\/wp\/v2\/posts\/6153","targetHints":{"allow":["GET"]}}],"collection":[{"href":"https:\/\/www.farakostolna.sk\/index.php?rest_route=\/wp\/v2\/posts"}],"about":[{"href":"https:\/\/www.farakostolna.sk\/index.php?rest_route=\/wp\/v2\/types\/post"}],"author":[{"embeddable":true,"href":"https:\/\/www.farakostolna.sk\/index.php?rest_route=\/wp\/v2\/users\/7"}],"replies":[{"embeddable":true,"href":"https:\/\/www.farakostolna.sk\/index.php?rest_route=%2Fwp%2Fv2%2Fcomments&post=6153"}],"version-history":[{"count":0,"href":"https:\/\/www.farakostolna.sk\/index.php?rest_route=\/wp\/v2\/posts\/6153\/revisions"}],"wp:featuredmedia":[{"embeddable":true,"href":"https:\/\/www.farakostolna.sk\/index.php?rest_route=\/"}],"wp:attachment":[{"href":"https:\/\/www.farakostolna.sk\/index.php?rest_route=%2Fwp%2Fv2%2Fmedia&parent=6153"}],"wp:term":[{"taxonomy":"category","embeddable":true,"href":"https:\/\/www.farakostolna.sk\/index.php?rest_route=%2Fwp%2Fv2%2Fcategories&post=6153"},{"taxonomy":"post_tag","embeddable":true,"href":"https:\/\/www.farakostolna.sk\/index.php?rest_route=%2Fwp%2Fv2%2Ftags&post=6153"}],"curies":[{"name":"wp","href":"https:\/\/api.w.org\/{rel}","templated":true}]}}