{"id":5888,"date":"2022-01-20T08:59:20","date_gmt":"2022-01-20T08:59:20","guid":{"rendered":"http:\/\/kostolna.fara.sk\/?p=5888"},"modified":"2022-01-20T08:59:20","modified_gmt":"2022-01-20T08:59:20","slug":"tanzania-2022","status":"publish","type":"post","link":"https:\/\/www.farakostolna.sk\/?p=5888","title":{"rendered":"Tanz\u00e1nia 2022 &#8211; aktualizovan\u00e9 20.01.2022"},"content":{"rendered":"\n\t\t\t\t\n\t\t\t\t\n<p><\/p>\n\n\n\n<h3 class=\"wp-block-heading\">De\u0148 11 \u2014 20.01.2022   <\/h3>\n\n\n\n<p>Dne\u0161n\u00fd posledn\u00fd spolo\u010dn\u00fd cel\u00fd de\u0148 v Afrike sa niesol v duchu rozl\u00fa\u010dky s t\u00fdmto kult\u00farne i soci\u00e1lne rozdielnym svetom. \u010eakujeme za va\u0161u priaze\u0148, podporu a modlitby. Na z\u00e1ver prin\u00e1\u0161ame od ka\u017ed\u00e9ho jednu my\u0161lienku:<\/p>\n\n\n<p><!--more--><\/p>\n\n\n<p><strong>O. Benjam\u00edn: <\/strong>Posilni\u0165 existuj\u00face priate\u013estv\u00e1, te\u0161i\u0165 sa z progresu, za\u017ei\u0165 jednotliv\u00e9 miesta o\u010dami prvoprich\u00e1dzaj\u00facich a vidie\u0165 vz\u00e1jomn\u00e9 obohatenie je d\u00f4vodom, pre\u010do prich\u00e1dzam skoro ka\u017ed\u00fd rok. <\/p>\n\n\n\n<p><strong>O. Pavol: <\/strong>Op\u00e4tovne som sa presved\u010dil, \u017ee je ve\u013emi d\u00f4le\u017eit\u00e9 podporovan\u00e9 projekty a farnosti osobne nav\u0161tevova\u0165. Vo v\u00e4\u010d\u0161ine pr\u00edpadov sme boli ve\u013emi spokojn\u00ed, niekedy v\u0161ak nie. V tieto dni sme prerozdelili 20500 \u20ac. Preto je d\u00f4le\u017eit\u00e9, aby sme si boli ist\u00ed, \u017ee prostriedky dobrodincov s\u00fa \u010do najlep\u0161ie vyu\u017eit\u00e9.<\/p>\n\n\n\n<p><strong>Filip:<\/strong> Spoznanie skuto\u010dn\u00e9ho africk\u00e9ho sveta bolo neuverite\u013enou sk\u00fasenos\u0165ou. Ma\u0165 mo\u017enos\u0165 vidie\u0165 ka\u017edodenn\u00fa realitu, s ktorou sa miestni \u013eudia pot\u00fdkaj\u00fa, sa zdalo ako zl\u00fd sen, z ktor\u00e9ho sa chcem ale neviem zobudi\u0165. Domov si nesiem t\u00fa\u017ebu, ktor\u00fa ani neviem vyjadri\u0165 slovami\u2026, len slzou te\u010d\u00facou po tv\u00e1ri. Neviem \u010di sa do Tanz\u00e1nie e\u0161te niekedy dostanem, ale v\u010faka tejto sk\u00fasenosti bude nav\u017edy v mojom srdci. \u0160peci\u00e1lne by som chcel po\u010fakova\u0165 otcovi Pavlovi a otcovi Benjam\u00ednovi, \u017ee s\u00fa nosite\u013emi tejto n\u00e1ro\u010dnej misie, ale hlavne v\u0161etk\u00fdm \u013eudom \u010do podporuj\u00fa ich pr\u00e1cu v Afrike, lebo Vy d\u00e1vate t\u00fdmto \u013eudom \u017eivot.<\/p>\n\n\n\n<p><strong>Noemi:<\/strong> U\u017e po\u010das z\u00e1kladnej a strednej \u0161koly vo mne zahorela my\u0161lienka na misie v Afrike, v\u010faka stretku vo farnosti, ktor\u00e9 som nav\u0161tevovala. Nikdy by mi v\u0161ak nenapadlo, \u017ee do Afriky skuto\u010dne p\u00f4jdem. Bola som vyslan\u00e1 z LUX communication na dva t\u00fd\u017edne do Tanz\u00e1nie s cie\u013eom nato\u010di\u0165 dokument o slovenskom mision\u00e1rovi Petrovi Majern\u00edkovi, o jeho diele a Mari\u00e1nskom p\u00fatnickom mieste, ktor\u00e9 buduje v dedinke s n\u00e1zvom Sukamahela. V\u0161etky momenty, z\u00e1\u017eitky, o\u010di det\u00ed nastavuj\u00face dlane pre cukr\u00edk mi zostan\u00fa nav\u017edy hlboko v srdci. Ver\u00edm, \u017ee aj pripravovan\u00fdm dokumentom podpor\u00edme mision\u00e1rske dielo v Tanz\u00e1nii.<\/p>\n\n\n\n<p><strong>Pavol:<\/strong> Nav\u0161t\u00edvi\u0165 Afriku bol m\u00f4j sen. Pri\u0161lo to ako blesk z jasn\u00e9ho neba. Uchopil som pr\u00edle\u017eitos\u0165 za pa\u010desy a i\u0161iel do toho. Cesta do Afriky s pr\u00edle\u017eitos\u0165ou by\u0165 u\u017eito\u010dn\u00fd a pom\u00f4c\u0165 mision\u00e1rom, pom\u00f4c\u0165 kres\u0165anom v Afrike a by\u0165 \u00fa\u010dastn\u00fd na roz\u0161irovan\u00ed kres\u0165anstva v Afrike a vo svete je nie\u010do, \u010do d\u00e1va tejto dobrodru\u017enej v\u00fdprave nadpozemsk\u00fd rozmer. Som ve\u013emi r\u00e1d, \u017ee som sa toho mohol z\u00fa\u010dastni\u0165. <\/p>\n\n\n\n<p><strong>J\u00falia: <\/strong>Boli to neskuto\u010dn\u00e9 dni pln\u00e9 z\u00e1\u017eitkov, nov\u00fdch priate\u013estiev, spozn\u00e1vanie Bo\u017eej tvorivosti poh\u013eadom na kr\u00e1sy pr\u00edrody, ale aj fascinuj\u00facej africkej kult\u00fary a srde\u010dnosti miestnych \u013eud\u00ed. Nav\u0161t\u00edvili sme najchudobnej\u0161\u00edch z chudobn\u00fdch, ktor\u00ed rozhodne potrebuj\u00fa aj na\u010falej va\u0161u podporu a modlitby. Ver\u00edm, \u017ee sa mi kamerou podarilo zachyti\u0165 aspo\u0148 \u010das\u0165 z toho, \u010do sme videli a za\u017eili a \u017ee v\u010faka LUX communication prispejeme k roz\u0161\u00edreniu kres\u0165anstva v Afrike.<\/p>\n\n\n\n<p><strong>Juraj:<\/strong> Som r\u00e1d, \u017ee som mohol nav\u0161t\u00edvi\u0165 Tanz\u00e1niu druh\u00fd kr\u00e1t. Doteraj\u0161ie peniaze boli dobre investovan\u00e9 a do bud\u00facnosti r\u00e1d podpor\u00edm dobr\u00fd projekt. A partia, ak\u00e1 sa tu stretla, bola na jednotku.<\/p>\n\n\n\n<p><strong>Imro: <\/strong>Spozn\u00e1va\u0165 tento pre n\u00e1s tak odli\u0161n\u00fd svet je kr\u00e1sne, dobrodru\u017en\u00e9 aj smutn\u00e9 z\u00e1rove\u0148. Tu si ka\u017ed\u00fd ve\u013emi r\u00fdchlo uvedom\u00ed ako ve\u013emi vie t\u00fdmto \u013eu\u010fom pom\u00f4c\u0165 aj mal\u00fd finan\u010dn\u00fd, pre n\u00e1s zanedbate\u013en\u00fd dar. Ke\u010f odch\u00e1dzam, nesiem si so sebou dobr\u00fd pocit a z\u00e1rove\u0148 chu\u0165 pom\u00e1ha\u0165 na\u010falej.<\/p>\n\n\n\n<div class=\"wp-block-image\"><figure class=\"aligncenter\"><img decoding=\"async\" src=\"https:\/\/www.farakostolna.sk\/wp-content\/uploads\/2022\/01\/WhatsApp-Image-2022-01-20-at-19.15.13-1-1024x768.jpeg\" alt=\"\" class=\"wp-image-6131\"\/><\/figure><\/div>\n\n\n\n<div class=\"wp-block-image\"><figure class=\"aligncenter\"><a href=\"https:\/\/drive.google.com\/file\/d\/1U3xJyHOR_4zlv3OtamWj6ExUa3idCwLU\/view?usp=sharing\" target=\"_blank\" rel=\"noreferrer noopener\"><img decoding=\"async\" src=\"http:\/\/kostolna.fara.sk\/wp-content\/uploads\/2022\/01\/V\u00fdst\u0159i\u017eek123-1-1024x580.png\" alt=\"\" class=\"wp-image-6137\"\/><\/a><\/figure><\/div>\n\n\n\n<div class=\"wp-block-image\"><figure class=\"aligncenter\"><a href=\"https:\/\/drive.google.com\/file\/d\/17mheHNTnGsXLYN2Q1kzbx1ec9XtUj3nI\/view?usp=sharing\" target=\"_blank\" rel=\"noreferrer noopener\"><img decoding=\"async\" src=\"http:\/\/kostolna.fara.sk\/wp-content\/uploads\/2022\/01\/V\u00fdst\u0159i\u017eek1234-579x1024.png\" alt=\"\" class=\"wp-image-6138\"\/><\/a><\/figure><\/div>\n\n\n\n<p><\/p>\n\n\n\n<hr class=\"wp-block-separator\"\/>\n\n\n\n<p><\/p>\n\n\n\n<h3 class=\"wp-block-heading\">De\u0148 10 \u2014 19.01.2022  <\/h3>\n\n\n\n<p>Kres\u0165anstvo a islam na Zanzibare<\/p>\n\n\n\n<p>U\u017e sme sa zmienili o tom, \u017ee na Zanzibare je 98 % moslimov a 2 % kres\u0165anov. Tieto pomery vpl\u00fdvaj\u00fa aj na ostatn\u00e9 str\u00e1nky \u017eivota na ostrove.<br>Pri rozhovore s otcom Damazom sme sa dozvedeli mnoho zauj\u00edmavost\u00ed. Prekvapiv\u00e9 bolo u\u017e to, ako kupoval pozemok, kde dnes stoj\u00ed mal\u00e1 fara a otvoren\u00fd alt\u00e1nok, v ktorom sl\u00fa\u017ei sv\u00e4t\u00e9 om\u0161e. Ke\u010f\u017ee priestor patril moslimsk\u00e9mu spoluob\u010danovi, p\u00e1ter Damaz sa nemohol osobne uk\u00e1za\u0165 po\u010das k\u00fapy pozemku. Moslimovia by toti\u017e nedovolili, aby v oblasti vybudoval farnos\u0165. Preto v de\u0148 k\u00fapy poslal za seba vyjedn\u00e1va\u010da a s\u00e1m st\u00e1l a schov\u00e1val sa ob\u010fale\u010d, aby mohol sledova\u0165 ako to prebieha. Pri k\u00fape museli poveda\u0165, \u017ee pozemok chc\u00fa k\u00fapi\u0165 na reziden\u010dn\u00e9 \u00fa\u010dely, ke\u010f\u017ee sa nach\u00e1dza v bl\u00edzkosti pl\u00e1\u017eovej oblasti. K\u00fapa sa podarila, av\u0161ak p\u00e1ter na pozemok nevst\u00fapil, a\u017e pok\u00fdm nebol dookola obohnan\u00fd vysok\u00fdm murovan\u00fdm plotom a br\u00e1nou. <br>Farn\u00edci vo farnosti p\u00e1tra Damaza s\u00fa preva\u017ene mlad\u00ed \u013eudia, ktor\u00ed pracuj\u00fa v hoteloch v okol\u00ed z kontinent\u00e1lnej Tanz\u00e1nie, ktor\u00ed sem pri\u0161li za robotou. Sv\u00e4t\u00e9 om\u0161e po\u010das t\u00fd\u017ed\u0148a b\u00fdvaj\u00fa v alt\u00e1nku ka\u017ed\u00e9 r\u00e1no o 6:30 a z\u00fa\u010dast\u0148uje sa asi pribli\u017ene 5-6 farn\u00edkov. Na nede\u013en\u00fa bohoslu\u017ebu pravidelne prich\u00e1dza 100 \u013eud\u00ed. A \u010do sa stane ak niekto konvertuje z islamu na kres\u0165anstvo? Mus\u00ed od\u00eds\u0165 z ostrova na pevninu, aby sa predi\u0161lo nepokojom. <br>Po\u010das d\u0148a sme absolvovali PCR testovanie, ktor\u00e9 je nevyhnutn\u00e9 k n\u00e1vratu domov.<\/p>\n\n\n\n<div class=\"wp-block-image\"><figure class=\"aligncenter\"><a href=\"https:\/\/drive.google.com\/file\/d\/1Q6IBva3iLkVD7P1LVfBQQPshWoZpEHEB\/view?usp=sharing\" target=\"_blank\" rel=\"noreferrer noopener\"><img decoding=\"async\" src=\"http:\/\/kostolna.fara.sk\/wp-content\/uploads\/2022\/01\/V\u00fdst\u0159i\u017eek99-1024x577.png\" alt=\"\" class=\"wp-image-6128\"\/><\/a><\/figure><\/div>\n\n\n\n<div class=\"wp-block-image\"><figure class=\"aligncenter\"><img decoding=\"async\" src=\"https:\/\/www.farakostolna.sk\/wp-content\/uploads\/2022\/01\/WhatsApp-Image-2022-01-19-at-18.30.24-1-768x1024.jpeg\" alt=\"\" class=\"wp-image-6123\"\/><\/figure><\/div>\n\n\n\n<div class=\"wp-block-image\"><figure class=\"aligncenter\"><img decoding=\"async\" src=\"https:\/\/www.farakostolna.sk\/wp-content\/uploads\/2022\/01\/WhatsApp-Image-2022-01-19-at-18.31.08-1-1024x768.jpeg\" alt=\"\" class=\"wp-image-6124\"\/><\/figure><\/div>\n\n\n\n<p><\/p>\n\n\n\n<hr class=\"wp-block-separator\"\/>\n\n\n\n<p><\/p>\n\n\n\n<h3 class=\"wp-block-heading\">De\u0148 9 \u2014 18.01.2022  <\/h3>\n\n\n\n<p>Na Zanzibare sme u\u017e druh\u00fd de\u0148, ale pri mori sme e\u0161te neboli. Na tomto ostrove \u017eije len 2 % kres\u0165anov. Preto sme prim\u00e1rne pri\u0161li podpori\u0165 zanzibarsk\u00fa diec\u00e9zu v silne moslimskom prostred\u00ed a nav\u0161t\u00edvi\u0165 p\u00e1tra Damaza, ktor\u00e9ho podporujeme u\u017e tri roky. <\/p>\n\n\n\n<p>R\u00e1no sme si prehliadli Stone town v meste Zanzibar a nav\u0161t\u00edvili miesto, kde sa nach\u00e1dza pam\u00e4tn\u00edk otrokov. Zanzibar bol toti\u017e miestom, kde otrokov zhroma\u017e\u010fovali, preto\u017ee z ostrova nemohli utiec\u0165. Prehliadka s v\u00fdkladom od miestneho Fredyho n\u00e1s v\u0161etk\u00fdch silno zasiahla. Dozvedeli sme sa, \u017ee na mieste, kde sa nach\u00e1dzal trh otrokov, stoj\u00ed anglik\u00e1nska katedr\u00e1la. Cena otroka sa odv\u00edjala v\u017edy od jeho sily a t\u00fa krut\u00fdm sp\u00f4sobom sk\u00fa\u0161ali presne na mieste, kde dnes stoj\u00ed olt\u00e1r katedr\u00e1ly. Otrokov dr\u017eali v stiesnen\u00fdch tmav\u00fdch pivni\u010dn\u00fdch priestoroch len s jedn\u00fdm oknom. V jednom podzemnom priestore dr\u017eali 50 mu\u017eov navz\u00e1jom posp\u00e1jan\u00fdch re\u0165azami a okovami. V druhej oddelenej podzemnej izbe 50 \u017eien aj s de\u0165mi. Ke\u010f\u017ee trh b\u00fdval len v stredy a piatky, otroci po cel\u00fd \u010das pre\u017e\u00edvali v t\u00fdchto podmienkach.<\/p>\n\n\n\n<p>Na\u0161a prehliadka mestom pokra\u010dovala n\u00e1v\u0161tevou trhu s \u010derstv\u00fdmi rybami, ovoc\u00edm a koreninami. Nakoniec sme sa vydali autom na jeden a pol hodinov\u00fa cestu do obce Nungvi, kde sme sa stretli a patrom Damazom. Odovzdali sme mu nov\u00fa mon\u0161tranciu aj kr\u00ed\u017eov\u00fa cestu od otca Luigiho Gabri\u0161a a futbalov\u00e9 lopty. Toto miesto sa od na\u0161ej poslednej n\u00e1v\u0161tevy ve\u013emi zmenilo, \u010do n\u00e1s op\u00e4\u0165 povzbudilo v tom, \u017ee finan\u010dn\u00e1 pomoc adresovan\u00e1 do spr\u00e1vnych r\u00fak prin\u00e1\u0161a ovocie, napriek \u0165a\u017ek\u00fdm podmienkam, ktor\u00e9 miestny k\u0148az m\u00e1 v tejto moslimskej \u010dasti krajiny.<\/p>\n\n\n\n<div class=\"wp-block-image\"><figure class=\"aligncenter\"><img decoding=\"async\" src=\"https:\/\/www.farakostolna.sk\/wp-content\/uploads\/2022\/01\/WhatsApp-Image-2022-01-18-at-18.50.05-3-768x1024.jpeg\" alt=\"\" class=\"wp-image-6111\"\/><\/figure><\/div>\n\n\n\n<figure class=\"wp-block-image\"><img decoding=\"async\" src=\"https:\/\/www.farakostolna.sk\/wp-content\/uploads\/2022\/01\/WhatsApp-Image-2022-01-18-at-18.50.05-3-1-1-1024x768.jpeg\" alt=\"\" class=\"wp-image-6112\"\/><\/figure>\n\n\n\n<div class=\"wp-block-image\"><figure class=\"aligncenter\"><img decoding=\"async\" src=\"https:\/\/www.farakostolna.sk\/wp-content\/uploads\/2022\/01\/WhatsApp-Image-2022-01-18-at-18.50.05-3-2-1-768x1024.jpeg\" alt=\"\" class=\"wp-image-6113\"\/><\/figure><\/div>\n\n\n\n<div class=\"wp-block-image\"><figure class=\"aligncenter\"><img decoding=\"async\" src=\"https:\/\/www.farakostolna.sk\/wp-content\/uploads\/2022\/01\/WhatsApp-Image-2022-01-18-at-18.51.28-1-1024x576.jpeg\" alt=\"\" class=\"wp-image-6114\"\/><\/figure><\/div>\n\n\n\n<div class=\"wp-block-image\"><figure class=\"aligncenter\"><img decoding=\"async\" src=\"https:\/\/www.farakostolna.sk\/wp-content\/uploads\/2022\/01\/WhatsApp-Image-2022-01-18-at-18.53.08-1-1024x768.jpeg\" alt=\"\" class=\"wp-image-6115\"\/><\/figure><\/div>\n\n\n\n<div class=\"wp-block-image\"><figure class=\"aligncenter\"><img decoding=\"async\" src=\"https:\/\/www.farakostolna.sk\/wp-content\/uploads\/2022\/01\/WhatsApp-Image-2022-01-18-at-18.53.10-1-1024x768.jpeg\" alt=\"\" class=\"wp-image-6116\"\/><\/figure><\/div>\n\n\n\n<div class=\"wp-block-image\"><figure class=\"aligncenter\"><img decoding=\"async\" src=\"https:\/\/www.farakostolna.sk\/wp-content\/uploads\/2022\/01\/WhatsApp-Image-2022-01-18-at-18.53.11-1-1024x768.jpeg\" alt=\"\" class=\"wp-image-6117\"\/><\/figure><\/div>\n\n\n\n<div class=\"wp-block-image\"><figure class=\"aligncenter\"><img decoding=\"async\" src=\"https:\/\/www.farakostolna.sk\/wp-content\/uploads\/2022\/01\/WhatsApp-Image-2022-01-18-at-18.54.24-1-1024x768.jpeg\" alt=\"\" class=\"wp-image-6118\"\/><\/figure><\/div>\n\n\n\n<div class=\"wp-block-image\"><figure class=\"aligncenter\"><img decoding=\"async\" src=\"https:\/\/www.farakostolna.sk\/wp-content\/uploads\/2022\/01\/WhatsApp-Image-2022-01-18-at-18.59.59-1-768x1024.jpeg\" alt=\"\" class=\"wp-image-6120\"\/><\/figure><\/div>\n\n\n\n<div class=\"wp-block-image\"><figure class=\"aligncenter\"><img decoding=\"async\" src=\"https:\/\/www.farakostolna.sk\/wp-content\/uploads\/2022\/01\/WhatsApp-Image-2022-01-18-at-19.00.06-1-1024x768.jpeg\" alt=\"\" class=\"wp-image-6119\"\/><\/figure><\/div>\n\n\n\n<p><\/p>\n\n\n\n<hr class=\"wp-block-separator\"\/>\n\n\n\n<p><\/p>\n\n\n\n<h3 class=\"wp-block-heading\">De\u0148 8 \u2014 17.01.2022 <\/h3>\n\n\n\n<p>Dne\u0161n\u00fd de\u0148 bol cestovn\u00fd. Kahama &#8211; Mwanza &#8211; 5 hodinov\u00e1 cesta autom. Mwanza &#8211; Dar es Salaam s kr\u00e1tkym medziprist\u00e1t\u00edm na Kilimand\u017e\u00e1re &#8211; 2,5 hodinov\u00fd let. Dar es Salaam &#8211; Zanzibar &#8211; p\u00f3l hodinov\u00fd let. <\/p>\n\n\n\n<p>V\u00fdbornou spr\u00e1vou pre n\u00e1s v\u0161etk\u00fdch, ktor\u00fa sme sa dozvedeli po\u010das dne\u0161nej cesty autom z Kahamy je, \u017ee pr\u00e1ce na \u0161kole sa rozbehli. Sestry ur\u0161ulinky n\u00e1s pred troma d\u0148ami prosili o finan\u010dn\u00fa pomoc na omietnutie \u0161kolsk\u00fdch vn\u00fatorn\u00fdch i vonkaj\u0161\u00edch priestorov. Je dobr\u00fd pocit vedie\u0165, \u017ee na\u0161a spolo\u010dn\u00e1 pomoc je re\u00e1lna a vysoko efekt\u00edvna. V\u010faka v\u00e1m, mil\u00ed dobrodinci, m\u00f4\u017eeme podporova\u0165 najm\u00e4 tie projekty a farnosti, kde vid\u00edme snahu aj zo strany prosiacich. Cestou do Mwanzy sme videli Vikt\u00f3riino jazero. V neskor\u00fdch ve\u010dern\u00fdch hodin\u00e1ch sme po dlh\u00fdch hodin\u00e1ch presunov a letov kone\u010dne dorazili do zanzinbarskej diec\u00e9zy, kde sa za\u010d\u00edna tretia \u010das\u0165 na\u0161ej misie.<\/p>\n\n\n\n<div class=\"wp-block-image\"><figure class=\"aligncenter\"><img decoding=\"async\" src=\"https:\/\/www.farakostolna.sk\/wp-content\/uploads\/2022\/01\/WhatsApp-Image-2022-01-17-at-18.52.54-1-1024x768.jpeg\" alt=\"\" class=\"wp-image-6102\"\/><\/figure><\/div>\n\n\n\n<div class=\"wp-block-image\"><figure class=\"aligncenter\"><img decoding=\"async\" src=\"https:\/\/www.farakostolna.sk\/wp-content\/uploads\/2022\/01\/WhatsApp-Image-2022-01-17-at-18.53.32-1-1024x768.jpeg\" alt=\"\" class=\"wp-image-6103\"\/><\/figure><\/div>\n\n\n\n<div class=\"wp-block-image\"><figure class=\"aligncenter\"><img decoding=\"async\" src=\"https:\/\/www.farakostolna.sk\/wp-content\/uploads\/2022\/01\/WhatsApp-Image-2022-01-17-at-18.53.59-1-1.jpeg\" alt=\"\" class=\"wp-image-6104\"\/><\/figure><\/div>\n\n\n\n<div class=\"wp-block-image\"><figure class=\"aligncenter\"><img decoding=\"async\" src=\"https:\/\/www.farakostolna.sk\/wp-content\/uploads\/2022\/01\/WhatsApp-Image-2022-01-17-at-18.54.30-1-1024x768.jpeg\" alt=\"\" class=\"wp-image-6105\"\/><\/figure><\/div>\n\n\n\n<div class=\"wp-block-image\"><figure class=\"aligncenter\"><img decoding=\"async\" src=\"https:\/\/www.farakostolna.sk\/wp-content\/uploads\/2022\/01\/WhatsApp-Image-2022-01-17-at-18.55.17-1-1024x768.jpeg\" alt=\"\" class=\"wp-image-6106\"\/><\/figure><\/div>\n\n\n\n<p><\/p>\n\n\n\n<hr class=\"wp-block-separator\"\/>\n\n\n\n<p><\/p>\n\n\n\n<h3 class=\"wp-block-heading\" id=\"mce_6\">De\u0148 7 \u2014 16.01.2022<\/h3>\n\n\n\n<p>Nede\u013ea je ve\u013ek\u00fdm sviatkom pre kres\u0165anov v Tanz\u00e1nii. Na tento de\u0148 sme mali napl\u00e1novan\u00fa n\u00e1v\u0161tevu farnosti v Bulige a n\u00e1sledne jej fili\u00e1lky Mwabusuka. Napriek vzdialenosti (cca 50 km od mesta Kahama) n\u00e1m cesta autom trvala viac ako hodinu a pol. V tejto u\u017e funguj\u00facej farnosti za\u010dal otec Salvatore svoju pastora\u010dn\u00fa \u010dinnos\u0165 pred tromi rokmi. V tom \u010dase boli miestni obyvatelia najm\u00e4 vyzn\u00e1va\u010dmi r\u00f4znych duchov, predmetov a \u0161amanov. Je dobr\u00e9 podotkn\u00fa\u0165, \u017ee preva\u017en\u00e1 \u010das\u0165 miestnych \u013eud\u00ed nikdy neopust\u00ed svoju dedinu a do najbli\u017e\u0161ieho mesta sa nedostane. Toto plat\u00ed aj o v\u00e4\u010d\u0161ine tanz\u00e1nijskeho obyvate\u013estva. <\/p>\n\n\n\n<p>Vyv\u0155tanie studne s pitnou vodou vo farnosti v Bulige bolo obrovskou udalos\u0165ou pre tamoj\u0161\u00edch \u013eud\u00ed. V \u010fal\u0161ej f\u00e1ze sa za\u010dali budova\u0165 \u0161kolsk\u00e9 priestory (triedy, jed\u00e1le\u0148), v ktor\u00fdch sa aktu\u00e1lne pokra\u010duje. Ni\u010d z toho by sa nepodarilo zrealizova\u0165 bez finan\u010dnej pomoci jednotlivcov zo Slovenska a farnosti  Bernol\u00e1kovo pod veden\u00edm vdp. Branislava \u010canigu. Veriaci, s ktor\u00fdmi sme sa dnes stretli, si to plne uvedomuj\u00fa a svoju v\u010faku n\u00e1m prejavili t\u00fdm najsrde\u010dnej\u0161\u00edm sp\u00f4sobom, ktor\u00fd im je vlastn\u00fd. Po spolo\u010dnom sl\u00e1ven\u00ed sv\u00e4tej om\u0161e plnej spevu a tanca sme odovzdali vecn\u00e9 a finan\u010dn\u00e9 dary. Na opl\u00e1tku sme boli obdarovan\u00ed \u017eiv\u00fdm capom a sliepkou, ako aj in\u00fdmi miestnymi darmi. \u0164a\u017eko op\u00edsa\u0165 cestu do Mwabusuka. Cesta, ktor\u00e1 do nej viedla, bola zah\u00e1dzan\u00e1 vybagrovanou zeminou. Po zva\u017eovan\u00ed, \u00eds\u0165, \u010di ne\u00eds\u0165 s mo\u017enos\u0165ou zapadnutia do ry\u017eov\u00e9ho po\u013ea, si n\u00e1\u0161 \u0161of\u00e9r prehliadol \u00fasek cesty a tr\u00fafol si prejs\u0165. V\u00edtaj\u00face a spievaj\u00face spolo\u010denstvo n\u00e1s doviedlo ku studni vyv\u0155tanej na po\u010des\u0165 zosnulej Mariky Gavendovej, matky Mons. Mari\u00e1na Gavendu, far\u00e1ra v Bratislave &#8211; Dev\u00edn. Pokra\u010dovali sme sv\u00e4tou om\u0161ou v rozostavanom a nezastre\u0161enom kostole, na ktorej konci sme odovzdali finan\u010dn\u00e9 a vecn\u00e9 dary. V tento de\u0148 sa odovzdala finan\u010dn\u00e1 pomoc 2300 \u20ac. Rozl\u00fa\u010dkov\u00fa ve\u010deru v kahamskej diec\u00e9ze sme str\u00e1vili s bud\u00facimi bohoslovcami vo forma\u010dnom zariaden\u00ed.<\/p>\n\n\n\n<div class=\"wp-block-image\"><figure class=\"aligncenter\"><a href=\"https:\/\/drive.google.com\/file\/d\/1iGXD1T1gDqORPCm_ur781YqmUorL5gch\/view?usp=sharing\" target=\"_blank\" rel=\"noreferrer noopener\"><img decoding=\"async\" src=\"http:\/\/kostolna.fara.sk\/wp-content\/uploads\/2022\/01\/V\u00fdst\u0159i\u017eek72-1024x557.png\" alt=\"\" class=\"wp-image-6065\"\/><\/a><\/figure><\/div>\n\n\n\n<div class=\"wp-block-image\"><figure class=\"aligncenter\"><a href=\"https:\/\/drive.google.com\/file\/d\/1mImW7SIXKmN9oXGDtEVyhTlj-OgSpHKe\/view?usp=sharing\" target=\"_blank\" rel=\"noreferrer noopener\"><img decoding=\"async\" src=\"http:\/\/kostolna.fara.sk\/wp-content\/uploads\/2022\/01\/V\u00fdst\u0159i\u017eek73-1024x566.png\" alt=\"\" class=\"wp-image-6066\"\/><\/a><\/figure><\/div>\n\n\n\n<div class=\"wp-block-image\"><figure class=\"aligncenter\"><img decoding=\"async\" src=\"https:\/\/www.farakostolna.sk\/wp-content\/uploads\/2022\/01\/WhatsApp-Image-2022-01-16-at-17.13.11-1-1024x768.jpeg\" alt=\"\" class=\"wp-image-6051\"\/><\/figure><\/div>\n\n\n\n<div class=\"wp-block-image\"><figure class=\"aligncenter\"><img decoding=\"async\" src=\"https:\/\/www.farakostolna.sk\/wp-content\/uploads\/2022\/01\/WhatsApp-Image-2022-01-16-at-16.38.08-1-1024x576.jpeg\" alt=\"\" class=\"wp-image-6049\"\/><\/figure><\/div>\n\n\n\n<div class=\"wp-block-image\"><figure class=\"aligncenter\"><img decoding=\"async\" src=\"https:\/\/www.farakostolna.sk\/wp-content\/uploads\/2022\/01\/WhatsApp-Image-2022-01-16-at-17.07.53-1-1024x768.jpeg\" alt=\"\" class=\"wp-image-6050\"\/><\/figure><\/div>\n\n\n\n<div class=\"wp-block-image\"><figure class=\"aligncenter\"><a href=\"https:\/\/drive.google.com\/file\/d\/12Yse3kPNTLfEw6kOTlbzWM4CmTB6dgqS\/view?usp=sharing\" target=\"_blank\" rel=\"noreferrer noopener\"><img decoding=\"async\" src=\"http:\/\/kostolna.fara.sk\/wp-content\/uploads\/2022\/01\/V\u00fdst\u0159i\u017eek74-1024x561.png\" alt=\"\" class=\"wp-image-6073\"\/><\/a><\/figure><\/div>\n\n\n\n<div class=\"wp-block-image\"><figure class=\"aligncenter is-resized\"><a href=\"https:\/\/drive.google.com\/file\/d\/1WuZIBF5pVVmBZxb-gg7ydfZXYwvs78Kf\/view?usp=sharing\" target=\"_blank\" rel=\"noreferrer noopener\"><img decoding=\"async\" src=\"http:\/\/kostolna.fara.sk\/wp-content\/uploads\/2022\/01\/V\u00fdst\u0159i\u017eek78-1024x585.png\" alt=\"\" class=\"wp-image-6089\" width=\"1024\"\/><\/a><\/figure><\/div>\n\n\n\n<figure class=\"wp-block-image\"><a href=\"https:\/\/drive.google.com\/file\/d\/11hKXIuynLFAEVFp17tP572NkjFPqdBJp\/view?usp=sharing\" target=\"_blank\" rel=\"noreferrer noopener\"><img decoding=\"async\" src=\"http:\/\/kostolna.fara.sk\/wp-content\/uploads\/2022\/01\/V\u00fdst\u0159i\u017eek79-1-1024x572.png\" alt=\"\" class=\"wp-image-6097\"\/><\/a><\/figure>\n\n\n\n<div class=\"wp-block-image\"><figure class=\"aligncenter\"><a href=\"https:\/\/drive.google.com\/file\/d\/1q7_lP-cVGNjsQyCq5mWJJqLkRkRDkGFD\/view?usp=sharing\" target=\"_blank\" rel=\"noreferrer noopener\"><img decoding=\"async\" src=\"http:\/\/kostolna.fara.sk\/wp-content\/uploads\/2022\/01\/V\u00fdst\u0159i\u017eek75-1024x560.png\" alt=\"\" class=\"wp-image-6075\"\/><\/a><\/figure><\/div>\n\n\n\n<div class=\"wp-block-image\"><figure class=\"aligncenter\"><a href=\"https:\/\/drive.google.com\/file\/d\/18ucR6QzPnEMC2_qjew97tMMcJpqTkIg8\/view?usp=sharing\" target=\"_blank\" rel=\"noreferrer noopener\"><img decoding=\"async\" src=\"http:\/\/kostolna.fara.sk\/wp-content\/uploads\/2022\/01\/V\u00fdst\u0159i\u017eek76-1024x564.png\" alt=\"\" class=\"wp-image-6082\"\/><\/a><\/figure><\/div>\n\n\n\n<div class=\"wp-block-image\"><figure class=\"aligncenter\"><img decoding=\"async\" src=\"https:\/\/www.farakostolna.sk\/wp-content\/uploads\/2022\/01\/WhatsApp-Image-2022-01-16-at-17.15.33-1-1024x768.jpeg\" alt=\"\" class=\"wp-image-6052\"\/><\/figure><\/div>\n\n\n\n<div class=\"wp-block-image\"><figure class=\"aligncenter\"><img decoding=\"async\" src=\"https:\/\/www.farakostolna.sk\/wp-content\/uploads\/2022\/01\/WhatsApp-Image-2022-01-16-at-17.16.42-1-1024x768.jpeg\" alt=\"\" class=\"wp-image-6053\"\/><\/figure><\/div>\n\n\n\n<div class=\"wp-block-image\"><figure class=\"aligncenter\"><img decoding=\"async\" src=\"https:\/\/www.farakostolna.sk\/wp-content\/uploads\/2022\/01\/WhatsApp-Image-2022-01-16-at-17.19.00-1-1024x576.jpeg\" alt=\"\" class=\"wp-image-6054\"\/><\/figure><\/div>\n\n\n\n<figure class=\"wp-block-image\"><a href=\"https:\/\/drive.google.com\/file\/d\/1d97TvxUrqLx_O5o9Hv55HmBcaRu3egyx\/view?usp=sharing\" target=\"_blank\" rel=\"noreferrer noopener\"><img decoding=\"async\" src=\"http:\/\/kostolna.fara.sk\/wp-content\/uploads\/2022\/01\/V\u00fdst\u0159i\u017eek71-1024x577.png\" alt=\"\" class=\"wp-image-6059\"\/><\/a><\/figure>\n\n\n\n<div class=\"wp-block-image\"><figure class=\"aligncenter\"><a href=\"https:\/\/drive.google.com\/file\/d\/1sZ6mbI2pvdip58gT42EV9_yRw1yIWf60\/view?usp=sharing\" target=\"_blank\" rel=\"noreferrer noopener\"><img decoding=\"async\" src=\"http:\/\/kostolna.fara.sk\/wp-content\/uploads\/2022\/01\/V\u00fdst\u0159i\u017eek77-1024x577.png\" alt=\"\" class=\"wp-image-6091\"\/><\/a><\/figure><\/div>\n\n\n\n<p><\/p>\n\n\n\n<hr class=\"wp-block-separator\"\/>\n\n\n\n<p><\/p>\n\n\n\n<h3 class=\"wp-block-heading\">De\u0148 6 \u2014 15.01.2022<\/h3>\n\n\n\n<p>Po troch hodin\u00e1ch trm\u00e1cania po po\u013en\u00fdch cest\u00e1ch sme do\u0161li do Mwaningi. Na\u0161a \u00fanava n\u00e1s opustila v momente ako sme zapo\u010duli spev a tanec miestnych veriacich, ktor\u00fdm n\u00e1s doprev\u00e1dzali ku studni a ku kostolu. Elektrika \u0161iroko-\u010faleko nikde, ale v\u010faka individu\u00e1lnym dobrodincom zo Slovenska u\u017e nepou\u017e\u00edvaj\u00fa len da\u017e\u010fov\u00fa vodu, ale maj\u00fa aj \u010dist\u00fa a hlavne pitn\u00fa vodu z 90 metrov hlbokej studne. <\/p>\n\n\n\n<p>Od vyv\u0155tania studne v marci 2021, do Ve\u013ekej noci 2022 sa za vodu neplat\u00ed. Potom sa bude plati\u0165 1 liter za 1 \u0161iling. Teda 2600 litrov za 1 euro. Pre porovnanie: pol litrov\u00e1 f\u013ea\u0161a oby\u010dajnej pitnej vody v obchode stoj\u00ed 500 \u0161ilingov (pribli\u017ene 20 centov). Star\u00ed \u013eudia nebud\u00fa plati\u0165 ani potom. Za ich mal\u00fd pr\u00edspevok zaplatia str\u00e1\u017enika a \u00fadr\u017ebu studne. Pr\u00edstup k vode bude pre v\u0161etk\u00fdch bez rozdielu viery. Svoju v\u010fa\u010dnos\u0165 n\u00e1m prejavili darmi \u017eivej kozy a sliepky. Po ofici\u00e1lnom otvoren\u00ed studne Bo\u017eieho milosrdenstva sme sa presunuli v sprievode do miestneho kostol\u00edka, kde sme sl\u00e1vili sv\u00e4t\u00fa om\u0161u. Op\u00e4\u0165 sme odovzdali dary vr\u00e1tane finan\u010dn\u00e9ho pr\u00edspevku (350 \u20ac) na stavbu nov\u00e9ho kostola. \u010ealej sme nav\u0161t\u00edvili miesto Jomu, kde je napl\u00e1novan\u00e9 v\u0155tanie \u010fal\u0161ej studne, ktor\u00fa financuj\u00fa farn\u00edci z bratislavsk\u00e9ho Dev\u00edna (cca 8000 \u20ac) . Zatia\u013e sa \u010dak\u00e1 na obdobie sucha, v ktorom s\u00fa najvhodnej\u0161ie podmienky na realiz\u00e1ciu. De\u0148 sme zakon\u010dili sv\u00e4tou om\u0161ou v malej kres\u0165anskej komunite v meste Kahama, ktor\u00e1 je jednou z mnoh\u00fdch. V malej kres\u0165anskej komunite sa zdru\u017euje pribli\u017ene dvan\u00e1s\u0165 rod\u00edn a db\u00e1 sa v nej na spr\u00e1vnu duchovn\u00fa form\u00e1ciu pod veden\u00edm katech\u00e9tu a miestneho k\u0148aza.<\/p>\n\n\n\n<div class=\"wp-block-image\"><figure class=\"aligncenter\"><a href=\"https:\/\/drive.google.com\/file\/d\/1DFK1-MkvpoMb9TxAOcmAXRbCRjsFUNSP\/view?usp=sharing\" target=\"_blank\" rel=\"noreferrer noopener\"><img decoding=\"async\" src=\"http:\/\/kostolna.fara.sk\/wp-content\/uploads\/2022\/01\/V\u00fdst\u0159i\u017eek41-1024x553.png\" alt=\"\" class=\"wp-image-6023\"\/><\/a><\/figure><\/div>\n\n\n\n<figure class=\"wp-block-image\"><a href=\"https:\/\/drive.google.com\/file\/d\/1XlDMWP0eJNIiu8lzoLVoPpqL7bKno61K\/view?usp=sharinghttps:\/\/drive.google.com\/file\/d\/1XlDMWP0eJNIiu8lzoLVoPpqL7bKno61K\/view?usp=sharing\" target=\"_blank\" rel=\"noreferrer noopener\"><img decoding=\"async\" src=\"http:\/\/kostolna.fara.sk\/wp-content\/uploads\/2022\/01\/V\u00fdst\u0159i\u017eek42-1024x581.png\" alt=\"\" class=\"wp-image-6028\"\/><\/a><\/figure>\n\n\n\n<div class=\"wp-block-image\"><figure class=\"aligncenter\"><img decoding=\"async\" src=\"https:\/\/www.farakostolna.sk\/wp-content\/uploads\/2022\/01\/WhatsApp-Image-2022-01-15-at-14.28.23-1-768x1024.jpeg\" alt=\"\" class=\"wp-image-6012\"\/><\/figure><\/div>\n\n\n\n<div class=\"wp-block-image\"><figure class=\"aligncenter\"><img decoding=\"async\" src=\"https:\/\/www.farakostolna.sk\/wp-content\/uploads\/2022\/01\/WhatsApp-Image-2022-01-15-at-14.59.24-1-1024x768.jpeg\" alt=\"\" class=\"wp-image-6013\"\/><\/figure><\/div>\n\n\n\n<div class=\"wp-block-image\"><figure class=\"aligncenter\"><img decoding=\"async\" src=\"https:\/\/www.farakostolna.sk\/wp-content\/uploads\/2022\/01\/WhatsApp-Image-2022-01-15-at-14.32.29-1-768x1024.jpeg\" alt=\"\" class=\"wp-image-6014\"\/><\/figure><\/div>\n\n\n\n<div class=\"wp-block-image\"><figure class=\"aligncenter\"><a href=\"https:\/\/drive.google.com\/file\/d\/1tg5cDGQ_JsnViMS2xg90pUjJ8doQkyyJ\/view?usp=sharinghttps:\/\/drive.google.com\/file\/d\/1tg5cDGQ_JsnViMS2xg90pUjJ8doQkyyJ\/view?usp=sharinghttps:\/\/drive.google.com\/file\/d\/1tg5cDGQ_JsnViMS2xg90pUjJ8doQkyyJ\/view?usp=sharing\" target=\"_blank\" rel=\"noreferrer noopener\"><img decoding=\"async\" src=\"http:\/\/kostolna.fara.sk\/wp-content\/uploads\/2022\/01\/V\u00fdst\u0159i\u017eek44-1024x579.png\" alt=\"\" class=\"wp-image-6033\"\/><\/a><\/figure><\/div>\n\n\n\n<div class=\"wp-block-image\"><figure class=\"aligncenter\"><img decoding=\"async\" src=\"https:\/\/www.farakostolna.sk\/wp-content\/uploads\/2022\/01\/WhatsApp-Image-2022-01-15-at-14.30.32-1-1024x768.jpeg\" alt=\"\" class=\"wp-image-6016\"\/><\/figure><\/div>\n\n\n\n<div class=\"wp-block-image\"><figure class=\"aligncenter\"><a href=\"https:\/\/drive.google.com\/file\/d\/1NOHqq5oF1DSKxWwJXPCKshaCP2WtAc9V\/view?usp=sharing\" target=\"_blank\" rel=\"noreferrer noopener\"><img decoding=\"async\" src=\"http:\/\/kostolna.fara.sk\/wp-content\/uploads\/2022\/01\/V\u00fdst\u0159i\u017eek45-1024x579.png\" alt=\"\" class=\"wp-image-6041\"\/><\/a><\/figure><\/div>\n\n\n\n<div class=\"wp-block-image\"><figure class=\"aligncenter\"><a href=\"https:\/\/drive.google.com\/file\/d\/1HniYKgeMJc1LGik985Wyd-ng4r1zZ0Bw\/view?usp=sharinghttps:\/\/drive.google.com\/file\/d\/1HniYKgeMJc1LGik985Wyd-ng4r1zZ0Bw\/view?usp=sharinghttps:\/\/drive.google.com\/file\/d\/1HniYKgeMJc1LGik985Wyd-ng4r1zZ0Bw\/view?usp=sharing\" target=\"_blank\" rel=\"noreferrer noopener\"><img decoding=\"async\" src=\"http:\/\/kostolna.fara.sk\/wp-content\/uploads\/2022\/01\/V\u00fdst\u0159i\u017eek43-1024x558.png\" alt=\"\" class=\"wp-image-6027\"\/><\/a><\/figure><\/div>\n\n\n\n<div class=\"wp-block-image\"><figure class=\"aligncenter\"><img decoding=\"async\" src=\"https:\/\/www.farakostolna.sk\/wp-content\/uploads\/2022\/01\/WhatsApp-Image-2022-01-15-at-17.27.58-1-1024x768.jpeg\" alt=\"\" class=\"wp-image-6015\"\/><\/figure><\/div>\n\n\n\n<div class=\"wp-block-image\"><figure class=\"aligncenter\"><img decoding=\"async\" src=\"https:\/\/www.farakostolna.sk\/wp-content\/uploads\/2022\/01\/WhatsApp-Image-2022-01-15-at-17.30.37-1-1024x768.jpeg\" alt=\"\" class=\"wp-image-6017\"\/><\/figure><\/div>\n\n\n\n<p><\/p>\n\n\n\n<hr class=\"wp-block-separator\"\/>\n\n\n\n<p><\/p>\n\n\n\n<h3 class=\"wp-block-heading\"> De\u0148 5 \u2014 14.01.2022 <\/h3>\n\n\n\n<p>Dnes sme sa vydali do farnosti sv. J\u00e1na Pavla II. v Namonge. Toto miesto je pre n\u00e1s \u0161peci\u00e1lne t\u00fdm, \u017ee dobrodinci a priatelia na\u0161ej farnosti &#8211; Kostoln\u00e1 pri Dunaji, ju pravidelne podporuj\u00fa u\u017e \u0161tvrt\u00fd rok a za ten \u010das sa v\u010faka vyzbieran\u00fdm financi\u00e1m podarila vyv\u0155ta\u0165 110 metrov hlbok\u00e1 stud\u0148a s pitnou vodou, dokon\u010di\u0165 miestny kostol (kde sme dnes boli) a pom\u00f4c\u0165 postavi\u0165 \u0161kolsk\u00e9 triedy. <\/p>\n\n\n\n<p>V sprievode miestneho k\u0148aza otca Rog\u00e1ta sme nav\u0161t\u00edvili miestnych veriacich v ich kostole, kde sme im odovzdali vecn\u00e9 a finan\u010dn\u00e9 dary, ktor\u00e9 boli prijat\u00e9 s obrovskou v\u010fakou. \u010eal\u0161ou zast\u00e1vkou bola nemocnica Dr. Baraku v Kabuhime. Nesmierne sa pote\u0161il dvom pln\u00fdm kufrom zdravotn\u00edckych potrieb (detsk\u00e1 v\u00e1ha, p\u00f4rodn\u00edcke misky, kat\u00e9tre, strieka\u010dky, rukavice, obv\u00e4zy a pod.), ktor\u00e9 sme tu doniesli. O doktorovi Barakovi je zn\u00e1me, \u017ee lie\u010di v\u0161etk\u00fdch, ale vyh\u013ead\u00e1vaj\u00fa ho hlavne chudobn\u00ed, ktor\u00ed m\u00f4\u017eu zaplati\u0165 m\u00e1lo, alebo v\u00f4bec ni\u010d. Pozn\u00e1mka na okraj: bezplatn\u00e1 zdravotn\u00e1 starostlivos\u0165 v Tanz\u00e1nii neexistuje. Po r\u00fdchlej obhliadke skromn\u00fdch nemocni\u010dn\u00fdch priestorov sme sa presunuli do Upendo Katika Matendo, \u010do je eduka\u010dn\u00e9 zariadenie. Na starosti ho maj\u00fa sestry ur\u0161ul\u00ednky. Na ich prosbu o pomoc sme v\u010faka v\u00e1m mil\u00ed dobrodinci, prispeli na \u00fapln\u00e9 dokon\u010denie \u0161kolskej jed\u00e1lne vr\u00e1tane zastre\u0161enia a omietnutia vonkaj\u0161\u00edch i vn\u00fatorn\u00fdch priestorov, ktor\u00e9 bud\u00fa sl\u00fa\u017ei\u0165 ako intern\u00e1t pre \u017eiakov. Hodnota dne\u0161n\u00fdch finan\u010dn\u00fdch darov, ktor\u00e9 sme dnes odovzdali, bola vo v\u00fd\u0161ke 4650 \u20ac.<\/p>\n\n\n\n<div class=\"wp-block-image\"><figure class=\"aligncenter\"><img decoding=\"async\" src=\"https:\/\/www.farakostolna.sk\/wp-content\/uploads\/2022\/01\/WhatsApp-Image-2022-01-14-at-17.46.18-1-1024x768.jpeg\" alt=\"\" class=\"wp-image-5992\"\/><\/figure><\/div>\n\n\n\n<div class=\"wp-block-image\"><figure class=\"aligncenter\"><img decoding=\"async\" src=\"https:\/\/www.farakostolna.sk\/wp-content\/uploads\/2022\/01\/WhatsApp-Image-2022-01-14-at-17.04.23-1-1024x768.jpeg\" alt=\"\" class=\"wp-image-5993\"\/><\/figure><\/div>\n\n\n\n<div class=\"wp-block-image\"><figure class=\"aligncenter\"><img decoding=\"async\" src=\"https:\/\/www.farakostolna.sk\/wp-content\/uploads\/2022\/01\/WhatsApp-Image-2022-01-14-at-17.06.48-1-768x1024.jpeg\" alt=\"\" class=\"wp-image-5994\"\/><\/figure><\/div>\n\n\n\n<figure class=\"wp-block-image\"><img decoding=\"async\" src=\"https:\/\/www.farakostolna.sk\/wp-content\/uploads\/2022\/01\/WhatsApp-Image-2022-01-14-at-17.06.49-1-768x1024.jpeg\" alt=\"\" class=\"wp-image-5995\"\/><\/figure>\n\n\n\n<div class=\"wp-block-image\"><figure class=\"aligncenter\"><img decoding=\"async\" src=\"https:\/\/www.farakostolna.sk\/wp-content\/uploads\/2022\/01\/WhatsApp-Image-2022-01-14-at-17.13.17-1-1024x768.jpeg\" alt=\"\" class=\"wp-image-5998\"\/><\/figure><\/div>\n\n\n\n<div class=\"wp-block-image\"><figure class=\"aligncenter\"><img decoding=\"async\" src=\"https:\/\/www.farakostolna.sk\/wp-content\/uploads\/2022\/01\/WhatsApp-Image-2022-01-14-at-17.09.18-1-1024x768.jpeg\" alt=\"\" class=\"wp-image-5999\"\/><\/figure><\/div>\n\n\n\n<div class=\"wp-block-image\"><figure class=\"aligncenter\"><img decoding=\"async\" src=\"https:\/\/www.farakostolna.sk\/wp-content\/uploads\/2022\/01\/WhatsApp-Image-2022-01-14-at-17.10.20-1-1024x768.jpeg\" alt=\"\" class=\"wp-image-6000\"\/><\/figure><\/div>\n\n\n\n<div class=\"wp-block-image\"><figure class=\"aligncenter\"><img decoding=\"async\" src=\"https:\/\/www.farakostolna.sk\/wp-content\/uploads\/2022\/01\/WhatsApp-Image-2022-01-14-at-17.10.19-1-1024x768.jpeg\" alt=\"\" class=\"wp-image-6001\"\/><\/figure><\/div>\n\n\n\n<div class=\"wp-block-image\"><figure class=\"aligncenter\"><img decoding=\"async\" src=\"https:\/\/www.farakostolna.sk\/wp-content\/uploads\/2022\/01\/WhatsApp-Image-2022-01-14-at-17.12.06-1-1024x768.jpeg\" alt=\"\" class=\"wp-image-5996\"\/><\/figure><\/div>\n\n\n\n<div class=\"wp-block-image\"><figure class=\"aligncenter\"><img decoding=\"async\" src=\"https:\/\/www.farakostolna.sk\/wp-content\/uploads\/2022\/01\/WhatsApp-Image-2022-01-14-at-17.10.55-1-1024x768.jpeg\" alt=\"\" class=\"wp-image-5997\"\/><\/figure><\/div>\n\n\n\n<p><\/p>\n\n\n\n<hr class=\"wp-block-separator\"\/>\n\n\n\n<p><\/p>\n\n\n\n<h3 class=\"wp-block-heading\"> De\u0148 4 \u2014 13.01.2022<\/h3>\n\n\n\n<p>Sme v pol mili\u00f3novom meste Kahama, v ktorom str\u00e1vime najbli\u017e\u0161\u00edch 5 dn\u00ed a z ktor\u00e9ho budeme absolvova\u0165 v\u00fdjazdy do pri\u013eahl\u00fdch farnost\u00ed. Doobedie sa nieslo v znamen\u00ed triedenia darov, ktor\u00e9 sme priniesli. V\u00e4\u010d\u0161inu budeme odovzd\u00e1va\u0165 osobne, ale niektor\u00e9 s\u00fa odovzdan\u00e9 prostredn\u00edctvom k\u0148azov, s ktor\u00fdmi sa priebe\u017ene stret\u00e1vame. <\/p>\n\n\n\n<p>V poobedn\u00fdch hodin\u00e1ch sme sa z\u00fa\u010dastnili sv\u00e4tej om\u0161e vo farnosti Busoka. T\u00e1to farnos\u0165 le\u017e\u00ed na predmest\u00ed mesta Kahama a patr\u00ed medzi jej chudobnej\u0161ie \u010dasti. Napriek skromn\u00fdm podmienkam sa n\u00e1m dostalo vr\u00facne priv\u00edtanie miestneho duchovn\u00e9ho otca Abrah\u00e1ma ako aj tamoj\u0161\u00edch veriacich. Na konci sv\u00e4tej om\u0161e sme odovzdali vecn\u00e9 dary a finan\u010dn\u00e9 prostriedky, ktor\u00e9 prispej\u00fa na dostavbu kostola v tejto farnosti.<\/p>\n\n\n\n<p>Doposia\u013e sme v\u010faka dobrodincom odovzdali: 10 000 \u20ac slovensk\u00e9mu k\u0148azovi Petrovi Majern\u00edkovi na zastre\u0161enie kostola a 4600 \u20ac na rozli\u010dn\u00e9 potreby miestnych farnost\u00ed.<\/p>\n\n\n\n<p style=\"color:red\"><strong>V pr\u00edpade z\u00e1ujmu o podporu misi\u00ed v Tanz\u00e1nii priklad\u00e1me aj \u010d\u00edslo \u00fa\u010dtu:<br>otec Benjamin Kosn\u00e1\u010d<br>SK79 1100 0000 0080 1011 9693<br>Do pozn\u00e1mky dajte pros\u00edm: Tanz\u00e1nia<\/strong><\/p>\n\n\n\n<div class=\"wp-block-image\"><figure class=\"aligncenter\"><img decoding=\"async\" src=\"https:\/\/www.farakostolna.sk\/wp-content\/uploads\/2022\/01\/WhatsApp-Image-2022-01-13-at-16.56.30-1-1024x768.jpeg\" alt=\"\" class=\"wp-image-5979\"\/><\/figure><\/div>\n\n\n\n<div class=\"wp-block-image\"><figure class=\"aligncenter\"><img decoding=\"async\" src=\"https:\/\/www.farakostolna.sk\/wp-content\/uploads\/2022\/01\/WhatsApp-Image-2022-01-13-at-18.05.02-1-768x1024.jpeg\" alt=\"\" class=\"wp-image-5980\"\/><\/figure><\/div>\n\n\n\n<figure class=\"wp-block-image\"><img decoding=\"async\" src=\"https:\/\/www.farakostolna.sk\/wp-content\/uploads\/2022\/01\/WhatsApp-Image-2022-01-13-at-18.04.23-1-1024x768.jpeg\" alt=\"\" class=\"wp-image-5981\"\/><\/figure>\n\n\n\n<div class=\"wp-block-image\"><figure class=\"aligncenter\"><a href=\"https:\/\/drive.google.com\/file\/d\/1lDs_YEFnPTyfPaXdJISWx_u9xW3naHMI\/view?usp=sharing\" target=\"_blank\" rel=\"noreferrer noopener\"><img decoding=\"async\" src=\"http:\/\/kostolna.fara.sk\/wp-content\/uploads\/2022\/01\/V\u00fdst\u0159i\u017eek13-1024x577.png\" alt=\"\" class=\"wp-image-5988\"\/><\/a><\/figure><\/div>\n\n\n\n<div class=\"wp-block-image\"><figure class=\"aligncenter\"><a href=\"https:\/\/drive.google.com\/file\/d\/1C08XZOMYAtmOA6Qidr-6p88sWrKkD6EV\/view?usp=sharing\" target=\"_blank\" rel=\"noreferrer noopener\"><img decoding=\"async\" src=\"http:\/\/kostolna.fara.sk\/wp-content\/uploads\/2022\/01\/V\u00fdst\u0159i\u017eek14-1024x565.png\" alt=\"\" class=\"wp-image-5989\"\/><\/a><\/figure><\/div>\n\n\n\n<div class=\"wp-block-image\"><figure class=\"aligncenter\"><img decoding=\"async\" src=\"https:\/\/www.farakostolna.sk\/wp-content\/uploads\/2022\/01\/WhatsApp-Image-2022-01-13-at-18.00.55-1-1024x768.jpeg\" alt=\"\" class=\"wp-image-5984\"\/><\/figure><\/div>\n\n\n\n<div class=\"wp-block-image\"><figure class=\"aligncenter\"><img decoding=\"async\" src=\"https:\/\/www.farakostolna.sk\/wp-content\/uploads\/2022\/01\/WhatsApp-Image-2022-01-13-at-18.02.03-1-1024x768.jpeg\" alt=\"\" class=\"wp-image-5985\"\/><\/figure><\/div>\n\n\n\n<p><\/p>\n\n\n\n<hr class=\"wp-block-separator\"\/>\n\n\n\n<p><\/p>\n\n\n\n<h3 class=\"wp-block-heading\"> De\u0148 3 \u2014 12.01.2022  <\/h3>\n\n\n\n<p>\u010cas\u0165 na\u0161ej skupiny &#8211; Lux communication (troj\u010dlenn\u00fd t\u00edm) pod\u013ea pl\u00e1nu ost\u00e1va u otca Petra Majern\u00edka v Sukamahele, aby pokra\u010dovali v nat\u00e1\u010dan\u00ed dokument\u00e1rneho filmu. Ostatn\u00ed piati sa po n\u00e1v\u0161teve miestneho biskupa v Singide vyd\u00e1vame na 5 hodinov\u00fa cestu do Kahamy.<\/p>\n\n\n\n<div class=\"wp-block-image\"><figure class=\"aligncenter\"><img decoding=\"async\" src=\"https:\/\/www.farakostolna.sk\/wp-content\/uploads\/2022\/01\/WhatsApp-Image-2022-01-12-at-13.13.51-1-1024x768.jpeg\" alt=\"\" class=\"wp-image-5935\"\/><\/figure><\/div>\n\n\n\n<figure class=\"wp-block-image\"><a href=\"https:\/\/drive.google.com\/file\/d\/1nALYpAkk_BGrmr2Em-clQnPpnplXnlW_\/view?usp=sharing\" target=\"_blank\" rel=\"noreferrer noopener\"><img decoding=\"async\" src=\"http:\/\/kostolna.fara.sk\/wp-content\/uploads\/2022\/01\/V\u00fdst\u0159i\u017ee10k-1024x556.png\" alt=\"\" class=\"wp-image-5955\"\/><\/a><\/figure>\n\n\n\n<figure class=\"wp-block-image\"><a href=\"https:\/\/drive.google.com\/file\/d\/1V3SkEQo7fIGD4UAbLfgRbAQcPlDRbvOf\/view?usp=sharing\" target=\"_blank\" rel=\"noreferrer noopener\"><img decoding=\"async\" src=\"http:\/\/kostolna.fara.sk\/wp-content\/uploads\/2022\/01\/V\u00fdst\u0159i\u017eek9-1024x563.png\" alt=\"\" class=\"wp-image-5953\"\/><\/a><\/figure>\n\n\n\n<figure class=\"wp-block-image\"><a href=\"https:\/\/drive.google.com\/file\/d\/1F2JlgdIYqGX0Cn2C8G8MR51k1DZY0Xtd\/view?usp=sharing\" target=\"_blank\" rel=\"noreferrer noopener\"><img decoding=\"async\" src=\"http:\/\/kostolna.fara.sk\/wp-content\/uploads\/2022\/01\/V\u00fdst\u0159i\u017eek11-1024x564.png\" alt=\"\" class=\"wp-image-5969\"\/><\/a><\/figure>\n\n\n\n<div class=\"wp-block-image\"><figure class=\"aligncenter\"><img decoding=\"async\" src=\"https:\/\/www.farakostolna.sk\/wp-content\/uploads\/2022\/01\/WhatsApp-Image-2022-01-12-at-20.42.47-1-1024x768.jpeg\" alt=\"\" class=\"wp-image-5972\"\/><\/figure><\/div>\n\n\n\n<div class=\"wp-block-image\"><figure class=\"aligncenter\"><a href=\"https:\/\/drive.google.com\/file\/d\/1i3WqdTlds_pz3jsKAOsXXH565VlZY0lQ\/view?usp=sharing\" target=\"_blank\" rel=\"noreferrer noopener\"><img decoding=\"async\" src=\"http:\/\/kostolna.fara.sk\/wp-content\/uploads\/2022\/01\/V\u00fdst\u0159i\u017eek12-1024x568.png\" alt=\"\" class=\"wp-image-5975\"\/><\/a><figcaption>Na ceste stopovali pavi\u00e1ni. P\u00e1ter Salvatore n\u00e1s srde\u010dne priv\u00edtal.<\/figcaption><\/figure><\/div>\n\n\n\n<p><\/p>\n\n\n\n<hr class=\"wp-block-separator\"\/>\n\n\n\n<p><\/p>\n\n\n\n<h3 class=\"wp-block-heading\"> De\u0148 2 \u2014 11.01.2022 <\/h3>\n\n\n\n<p>Otec Peter Majernik zo Slovenska m\u00e1 v Tanz\u00e1nii ve\u013ek\u00e9 pl\u00e1ny. V geografickom centre krajiny, v Sukamahele, ho miestny otec biskup Eduard Mapunda poveril vybudovan\u00edm ve\u013ek\u00e9ho mari\u00e1nskeho centra. Kr\u00ed\u017e a socha Panny M\u00e1rie v nad\u017eivotnej ve\u013ekosti s\u00fa dominantami novovznikaj\u00faceho p\u00fatnick\u00e9ho miesta. Pred 12-mi mesiacmi sme videli rozostavan\u00fa faru, kostol a ru\u017eencov\u00fd chodn\u00edk. Teraz je fara a chodn\u00edk s ru\u017eencov\u00fdmi zastaveniami dokon\u010den\u00e1, hrub\u00e1 stavba kostola s kapacitou 2000 \u013eud\u00ed tie\u017e a \u010dak\u00e1 na zastre\u0161enie. V bud\u00facom \u0161kolskom komplexe teraz bet\u00f3nuj\u00fa z\u00e1klady prvej u\u010debne. Vzdel\u00e1vanie bud\u00fa ma\u0165 na starosti reho\u013en\u00e9 sestry sv. Jozefa, ktor\u00fdm bude treba postavi\u0165 mal\u00fd dom\u010dek. V are\u00e1li  sa pripravuje aj ve\u013ek\u00fd pr\u00edstre\u0161ok na sl\u00e1venie sv\u00e4t\u00fdch om\u0161\u00ed pod hol\u00fdm nebom. Do bud\u00facna chce otec Peter prida\u0165 3,5 km chodn\u00edk so zastaveniami kr\u00ed\u017eovej cesty, ktor\u00e1 bude symbolicky kon\u010di\u0165 v spom\u00ednanom geografickom centre Tanz\u00e1nie.<\/p>\n\n\n\n<div class=\"wp-block-image\"><figure class=\"aligncenter\"><img decoding=\"async\" src=\"https:\/\/www.farakostolna.sk\/wp-content\/uploads\/2022\/01\/WhatsApp-Image-2022-01-11-at-12.55.16-1-1024x768.jpeg\" alt=\"\" class=\"wp-image-5913\"\/><\/figure><\/div>\n\n\n\n<figure class=\"wp-block-image\"><img decoding=\"async\" src=\"https:\/\/www.farakostolna.sk\/wp-content\/uploads\/2022\/01\/WhatsApp-Image-2022-01-11-at-16.58.20-1-1024x768.jpeg\" alt=\"\" class=\"wp-image-5925\"\/><\/figure>\n\n\n\n<figure class=\"wp-block-image\"><a href=\"https:\/\/drive.google.com\/file\/d\/1jL8mKuAHcmD0c80lykk95R1tV0h6P8uz\/view?usp=sharing\" target=\"_blank\" rel=\"noreferrer noopener\"><img decoding=\"async\" src=\"http:\/\/kostolna.fara.sk\/wp-content\/uploads\/2022\/01\/V\u00fdst\u0159i\u017eek8-1024x582.png\" alt=\"\" class=\"wp-image-5958\"\/><\/a><\/figure>\n\n\n\n<figure class=\"wp-block-image\"><a href=\"https:\/\/drive.google.com\/file\/d\/1fFXAQ03jbdmKUGOJz9AU6Qg96KN_nPWW\/view?usp=sharing\" target=\"_blank\" rel=\"noreferrer noopener\"><img decoding=\"async\" src=\"http:\/\/kostolna.fara.sk\/wp-content\/uploads\/2022\/01\/V\u00fdst\u0159i\u017eek7-1024x561.png\" alt=\"\" class=\"wp-image-5954\"\/><\/a><\/figure>\n\n\n\n<figure class=\"wp-block-image\"><a href=\"https:\/\/drive.google.com\/file\/d\/1JsJZ-CufJlNgsB9mNPGk1mNlk0MLwOhd\/view?usp=sharing\" target=\"_blank\" rel=\"noreferrer noopener\"><img decoding=\"async\" src=\"http:\/\/kostolna.fara.sk\/wp-content\/uploads\/2022\/01\/V\u00fdst\u0159i\u017eek6-1024x559.png\" alt=\"\" class=\"wp-image-5952\"\/><\/a><\/figure>\n\n\n\n<figure class=\"wp-block-image\"><a href=\"https:\/\/drive.google.com\/file\/d\/14K_TxD8kPdleBSfdBmhZAMxnHGEIdFn7\/view?usp=sharing\" target=\"_blank\" rel=\"noreferrer noopener\"><img decoding=\"async\" src=\"http:\/\/kostolna.fara.sk\/wp-content\/uploads\/2022\/01\/V\u00fdst\u0159i\u017eek4-1024x574.png\" alt=\"\" class=\"wp-image-5950\"\/><\/a><\/figure>\n\n\n\n<figure class=\"wp-block-image\"><a href=\"https:\/\/drive.google.com\/file\/d\/1rCrLHNUJQO4BoL7m8MTYAWk0K5ozDrUa\/view?usp=sharing\" target=\"_blank\" rel=\"noreferrer noopener\"><img decoding=\"async\" src=\"http:\/\/kostolna.fara.sk\/wp-content\/uploads\/2022\/01\/V\u00fdst\u0159i\u017eek3-1024x568.png\" alt=\"\" class=\"wp-image-5949\"\/><\/a><\/figure>\n\n\n\n<figure class=\"wp-block-image\"><img decoding=\"async\" src=\"https:\/\/www.farakostolna.sk\/wp-content\/uploads\/2022\/01\/WhatsApp-Image-2022-01-11-at-16.58.13-1-1024x768.jpeg\" alt=\"\" class=\"wp-image-5926\"\/><\/figure>\n\n\n\n<figure class=\"wp-block-image\"><img decoding=\"async\" src=\"https:\/\/www.farakostolna.sk\/wp-content\/uploads\/2022\/01\/WhatsApp-Image-2022-01-11-at-16.58.22-1-1024x768.jpeg\" alt=\"\" class=\"wp-image-5927\"\/><\/figure>\n\n\n\n<figure class=\"wp-block-image\"><img decoding=\"async\" src=\"https:\/\/www.farakostolna.sk\/wp-content\/uploads\/2022\/01\/WhatsApp-Image-2022-01-11-at-16.58.18-1-1024x768.jpeg\" alt=\"\" class=\"wp-image-5928\"\/><\/figure>\n\n\n\n<figure class=\"wp-block-image\"><img decoding=\"async\" src=\"https:\/\/www.farakostolna.sk\/wp-content\/uploads\/2022\/01\/WhatsApp-Image-2022-01-11-at-16.58.23-1-1024x576.jpeg\" alt=\"\" class=\"wp-image-5929\"\/><\/figure>\n\n\n\n<figure class=\"wp-block-image\"><img decoding=\"async\" src=\"https:\/\/www.farakostolna.sk\/wp-content\/uploads\/2022\/01\/WhatsApp-Image-2022-01-11-at-17.07.23-1-1024x768.jpeg\" alt=\"\" class=\"wp-image-5930\"\/><\/figure>\n\n\n\n<figure class=\"wp-block-image\"><a href=\"https:\/\/drive.google.com\/file\/d\/1ZY355UCQ78Y0mk-NbuGK2HamnqNp3RNx\/view?usp=sharing\" target=\"_blank\" rel=\"noreferrer noopener\"><img decoding=\"async\" src=\"http:\/\/kostolna.fara.sk\/wp-content\/uploads\/2022\/01\/V\u00fdst\u0159i\u017eek2-1024x581.png\" alt=\"\" class=\"wp-image-5948\"\/><\/a><\/figure>\n\n\n\n<p><\/p>\n\n\n\n<hr class=\"wp-block-separator\"\/>\n\n\n\n<p><\/p>\n\n\n\n<h3 class=\"wp-block-heading\"> De\u0148 1 \u2014 10.01.2022 <\/h3>\n\n\n\n<p>Prist\u00e1li sme v Dare. Priv\u00edtalo n\u00e1s pr\u00edjemn\u00e9 teplo, 32 \u00b0C. Letiskov\u00e9 formality (clo, v\u00edza, formul\u00e1re, otla\u010dky prstov\u2026 ) i\u0161li ve\u013emi svi\u017ene oproti minul\u00fdm rokom. Pred letiskom n\u00e1s \u010dakalo pristaven\u00e9 auto, ktor\u00e9 sme nalo\u017eili bato\u017einou pre diec\u00e9zu Kahama. Jeho dvaja vodi\u010di ju za 16 hod\u00edn (1020km) dovez\u00fa na miesto ur\u010denia. My tam doraz\u00edme o 4 dni. Od\u013eah\u010den\u00ed o polovicu vec\u00ed za p\u00e1r min\u00fat vyr\u00e1\u017eame letecky vn\u00fatro\u0161t\u00e1tnu linkou do Dodomy. Po dvoch hodin\u00e1ch autom z Dodomy kone\u010dne doraz\u00edme do Sukamahely, prv\u00e9ho miesta na\u0161ej cesty.<\/p>\n\n\n\n<div class=\"wp-block-image\"><figure class=\"aligncenter\"><img decoding=\"async\" src=\"https:\/\/www.farakostolna.sk\/wp-content\/uploads\/2022\/01\/WhatsApp-Image-2022-01-10-at-13.57.12-1-1024x768.jpeg\" alt=\"\" class=\"wp-image-5899\"\/><\/figure><\/div>\n\n\n\n<div class=\"wp-block-image\"><figure class=\"aligncenter\"><img decoding=\"async\" src=\"http:\/\/kostolna.fara.sk\/wp-content\/uploads\/2022\/01\/73C17C6C-B34C-4FE9-A3B3-3DB2A344A6D4-1-1024x768.jpeg\" alt=\"\" class=\"wp-image-5906\"\/><\/figure><\/div>\n\n\n\n<figure class=\"wp-block-image\"><a href=\"https:\/\/drive.google.com\/file\/d\/1ZrTu__f3n-d2V_5Kpcp_mifjAJ-LSgCO\/view?usp=sharing\" target=\"_blank\" rel=\"noreferrer noopener\"><img decoding=\"async\" src=\"http:\/\/kostolna.fara.sk\/wp-content\/uploads\/2022\/01\/V\u00fdst\u0159i\u017eek-1024x558.png\" alt=\"\" class=\"wp-image-5947\"\/><\/a><\/figure>\n\n\n\n<p><\/p>\n\n\n\n<hr class=\"wp-block-separator\"\/>\n\n\n\n<p><\/p>\n\n\n\n<h3 class=\"wp-block-heading\">De\u0148 0 \u2014 09.01.2022<\/h3>\n\n\n\n<p>Mil\u00ed priatelia, vyr\u00e1\u017eame zo Schwechatu. Je n\u00e1s 8. Odovzdali sme pribli\u017ene 400 kg materi\u00e1lu pre misie do podpalubia a odlietame do Dar es Salaam, s prestupom Addis Abeba v Eti\u00f3pii. Kontroly boli minim\u00e1lne, na letisku vo Viedni si covid pass, alebo PCR test od n\u00e1s nikto nep\u00fdtal. Ozveme sa \u010doskoro.<\/p>\n\n\n\n<div class=\"wp-block-image\"><figure class=\"aligncenter\"><img decoding=\"async\" src=\"https:\/\/www.farakostolna.sk\/wp-content\/uploads\/2022\/01\/WhatsApp-Image-2022-01-09-at-19.37.47-1-1024x768.jpeg\" alt=\"\" class=\"wp-image-5890\"\/><\/figure><\/div>\n\n\n\n<div class=\"wp-block-image\"><figure class=\"aligncenter\"><img decoding=\"async\" src=\"https:\/\/www.farakostolna.sk\/wp-content\/uploads\/2022\/01\/WhatsApp-Image-2022-01-09-at-21.07.24-1-1024x768.jpeg\" alt=\"\" class=\"wp-image-5891\"\/><\/figure><\/div>\n\n\n\n<div class=\"wp-block-image\"><figure class=\"aligncenter\"><img decoding=\"async\" src=\"https:\/\/www.farakostolna.sk\/wp-content\/uploads\/2022\/01\/WhatsApp-Image-2022-01-09-at-21.48.44-1-1024x768.jpeg\" alt=\"\" class=\"wp-image-5889\"\/><\/figure><\/div>\n\t\t\t\t","protected":false},"excerpt":{"rendered":"<p>De\u0148 11 \u2014 20.01.2022 Dne\u0161n\u00fd posledn\u00fd spolo\u010dn\u00fd cel\u00fd de\u0148 v Afrike sa niesol v duchu rozl\u00fa\u010dky s t\u00fdmto kult\u00farne i soci\u00e1lne rozdielnym svetom. \u010eakujeme za va\u0161u priaze\u0148, podporu a modlitby. Na z\u00e1ver prin\u00e1\u0161ame od ka\u017ed\u00e9ho jednu my\u0161lienku:<\/p>\n","protected":false},"author":7,"featured_media":6131,"comment_status":"closed","ping_status":"closed","sticky":false,"template":"","format":"standard","meta":{"footnotes":""},"categories":[3],"tags":[],"class_list":{"0":"entry","1":"post","2":"publish","3":"author-slado89gmail-com","4":"has-excerpt","5":"has-more-link","6":"post-5888","8":"format-standard","9":"has-post-thumbnail","10":"category-afrika"},"_links":{"self":[{"href":"https:\/\/www.farakostolna.sk\/index.php?rest_route=\/wp\/v2\/posts\/5888","targetHints":{"allow":["GET"]}}],"collection":[{"href":"https:\/\/www.farakostolna.sk\/index.php?rest_route=\/wp\/v2\/posts"}],"about":[{"href":"https:\/\/www.farakostolna.sk\/index.php?rest_route=\/wp\/v2\/types\/post"}],"author":[{"embeddable":true,"href":"https:\/\/www.farakostolna.sk\/index.php?rest_route=\/wp\/v2\/users\/7"}],"replies":[{"embeddable":true,"href":"https:\/\/www.farakostolna.sk\/index.php?rest_route=%2Fwp%2Fv2%2Fcomments&post=5888"}],"version-history":[{"count":0,"href":"https:\/\/www.farakostolna.sk\/index.php?rest_route=\/wp\/v2\/posts\/5888\/revisions"}],"wp:featuredmedia":[{"embeddable":true,"href":"https:\/\/www.farakostolna.sk\/index.php?rest_route=\/"}],"wp:attachment":[{"href":"https:\/\/www.farakostolna.sk\/index.php?rest_route=%2Fwp%2Fv2%2Fmedia&parent=5888"}],"wp:term":[{"taxonomy":"category","embeddable":true,"href":"https:\/\/www.farakostolna.sk\/index.php?rest_route=%2Fwp%2Fv2%2Fcategories&post=5888"},{"taxonomy":"post_tag","embeddable":true,"href":"https:\/\/www.farakostolna.sk\/index.php?rest_route=%2Fwp%2Fv2%2Ftags&post=5888"}],"curies":[{"name":"wp","href":"https:\/\/api.w.org\/{rel}","templated":true}]}}