{"id":5883,"date":"2022-01-07T20:35:29","date_gmt":"2022-01-07T20:35:29","guid":{"rendered":"http:\/\/kostolna.fara.sk\/?p=5883"},"modified":"2022-01-07T20:35:29","modified_gmt":"2022-01-07T20:35:29","slug":"farske-oznamy-a-zamyslenie-09-01-2022","status":"publish","type":"post","link":"https:\/\/www.farakostolna.sk\/?p=5883","title":{"rendered":"Farsk\u00e9 oznamy a zamyslenie (09.01.2022)"},"content":{"rendered":"\n\t\t\t\t\n\t\t\t\t\n<div class=\"wp-block-image\"><figure class=\"alignleft is-resized\"><img loading=\"lazy\" decoding=\"async\" src=\"https:\/\/www.farakostolna.sk\/wp-content\/uploads\/2022\/01\/WhatsApp-Image-2022-01-07-at-20.56.24-1-1024x683.jpeg\" alt=\"\" class=\"wp-image-5884\" width=\"451\" height=\"300\"\/><\/figure><\/div>\n\n\n\n<p>&#8220;V\u00fdmena hlavn\u00fdch post\u00e1v.&#8221; Aj takto by sme mohli nazva\u0165 za\u010diatok Je\u017ei\u0161ovho verejn\u00e9ho \u00fa\u010dinkovania. Obaja mu\u017ei n\u00e1m op\u00e4\u0165 d\u00e1vaj\u00fa lekciu z pokory. J\u00e1n pokorne ustupuje zo sc\u00e9ny a Je\u017ei\u0161 sa nech\u00e1va pokrsti\u0165 \u010dlovekom. Sme ochotn\u00ed aj my ust\u00fapi\u0165 Je\u017ei\u0161ovi, aby On bol Bohom n\u00e1\u0161ho \u017eivota?<\/p>\n\n\n<p><!--more--><\/p>\n\n\n<p><strong>Sv\u00e4t\u00e9 om\u0161e u n\u00e1s:<\/strong><\/p>\n\n\n\n<p><strong>sobota \u2013 8. janu\u00e1ra (s nede\u013enou platnos\u0165ou) <\/strong><\/p>\n\n\n\n<ul class=\"wp-block-list\"><li><strong>16:00 \u2013 Hrub\u00fd \u0160\u00far \u2013 (ma\u010f.)<\/strong><\/li><li><strong>17:00 \u2013 Hrub\u00e1 Bor\u0161a \u2013 (slov.\/ma\u010f.)<\/strong><\/li><li><strong>18:00 \u2013 Kostoln\u00e1 \u2013 (slov.)<\/strong><\/li><\/ul>\n\n\n\n<p><strong>nede\u013ea \u2013 9. janu\u00e1ra <\/strong><\/p>\n\n\n\n<ul class=\"wp-block-list\"><li><strong>7:00 \u2013 Kostoln\u00e1 \u2013 (slov.)<\/strong><\/li><li><strong>8:00 \u2013 Hrub\u00fd \u0160\u00far \u2013 (ma\u010f.)<\/strong><\/li><li><strong>9:30 \u2013 Kostoln\u00e1 \u2013 (ma\u010f.)<\/strong><\/li><li><strong>11:00 \u2013 Kostoln\u00e1 \u2013 (slov.)<\/strong><\/li><\/ul>\n\n\n\n<p>V\u0161etky sv\u00e4t\u00e9 om\u0161e v Kostolnej s\u00fa nazvu\u010den\u00e9 aj na farskom dvore a pod pr\u00edstre\u0161kom, ktor\u00fd je z polovice chr\u00e1nen\u00fd od vetra. Sv\u00e4t\u00e9 prij\u00edmanie v\u00e1m r\u00e1d vynesiem aj pred kostol. <\/p>\n\n\n\n<p>Sv\u00e4t\u00e9 prij\u00edmanie mimo sv\u00e4t\u00fdch om\u0161\u00ed v\u00e1m m\u00f4\u017eem vysl\u00fa\u017ei\u0165 v nede\u013eu v Kostolnej od 12:00  do 12:30. <\/p>\n\n\n\n<p>S \u00factou,<br>Pavol Gajdo\u0161, v\u00e1\u0161 far\u00e1r<\/p>\n\t\t\t\t","protected":false},"excerpt":{"rendered":"<p>&#8220;V\u00fdmena hlavn\u00fdch post\u00e1v.&#8221; Aj takto by sme mohli nazva\u0165 za\u010diatok Je\u017ei\u0161ovho verejn\u00e9ho \u00fa\u010dinkovania. Obaja mu\u017ei n\u00e1m op\u00e4\u0165 d\u00e1vaj\u00fa lekciu z pokory. J\u00e1n pokorne ustupuje zo sc\u00e9ny a Je\u017ei\u0161 sa nech\u00e1va pokrsti\u0165 \u010dlovekom. Sme ochotn\u00ed aj my ust\u00fapi\u0165 Je\u017ei\u0161ovi, aby On bol Bohom n\u00e1\u0161ho \u017eivota?<\/p>\n","protected":false},"author":7,"featured_media":5884,"comment_status":"closed","ping_status":"closed","sticky":false,"template":"","format":"standard","meta":{"footnotes":""},"categories":[13],"tags":[],"class_list":{"0":"entry","1":"post","2":"publish","3":"author-slado89gmail-com","4":"has-excerpt","5":"has-more-link","6":"post-5883","8":"format-standard","9":"has-post-thumbnail","10":"category-oznamy"},"_links":{"self":[{"href":"https:\/\/www.farakostolna.sk\/index.php?rest_route=\/wp\/v2\/posts\/5883","targetHints":{"allow":["GET"]}}],"collection":[{"href":"https:\/\/www.farakostolna.sk\/index.php?rest_route=\/wp\/v2\/posts"}],"about":[{"href":"https:\/\/www.farakostolna.sk\/index.php?rest_route=\/wp\/v2\/types\/post"}],"author":[{"embeddable":true,"href":"https:\/\/www.farakostolna.sk\/index.php?rest_route=\/wp\/v2\/users\/7"}],"replies":[{"embeddable":true,"href":"https:\/\/www.farakostolna.sk\/index.php?rest_route=%2Fwp%2Fv2%2Fcomments&post=5883"}],"version-history":[{"count":0,"href":"https:\/\/www.farakostolna.sk\/index.php?rest_route=\/wp\/v2\/posts\/5883\/revisions"}],"wp:featuredmedia":[{"embeddable":true,"href":"https:\/\/www.farakostolna.sk\/index.php?rest_route=\/"}],"wp:attachment":[{"href":"https:\/\/www.farakostolna.sk\/index.php?rest_route=%2Fwp%2Fv2%2Fmedia&parent=5883"}],"wp:term":[{"taxonomy":"category","embeddable":true,"href":"https:\/\/www.farakostolna.sk\/index.php?rest_route=%2Fwp%2Fv2%2Fcategories&post=5883"},{"taxonomy":"post_tag","embeddable":true,"href":"https:\/\/www.farakostolna.sk\/index.php?rest_route=%2Fwp%2Fv2%2Ftags&post=5883"}],"curies":[{"name":"wp","href":"https:\/\/api.w.org\/{rel}","templated":true}]}}