{"id":5870,"date":"2022-01-04T21:32:03","date_gmt":"2022-01-04T21:32:03","guid":{"rendered":"http:\/\/kostolna.fara.sk\/?p=5870"},"modified":"2022-01-04T21:32:03","modified_gmt":"2022-01-04T21:32:03","slug":"farske-oznamy-a-zamyslenie-06-01-2022","status":"publish","type":"post","link":"https:\/\/www.farakostolna.sk\/?p=5870","title":{"rendered":"Farsk\u00e9 oznamy a zamyslenie (06.01.2022)"},"content":{"rendered":"\n\t\t\t\t\n\t\t\t\t\n<div class=\"wp-block-image\"><figure class=\"aligncenter is-resized\"><img loading=\"lazy\" decoding=\"async\" src=\"https:\/\/www.farakostolna.sk\/wp-content\/uploads\/2022\/01\/WhatsApp-Image-2022-01-04-at-22.03.18-1-1024x683.jpeg\" alt=\"\" class=\"wp-image-5871\" width=\"592\" height=\"394\"\/><\/figure><\/div>\n\n\n\n<p>Cesta a obeta. Traja &#8220;kr\u00e1li&#8221; priniesli seba a aj dary. Prejavili vieru, vytrvalos\u0165, obetavos\u0165, \u0161tedros\u0165 a pokoru. <\/p>\n\n\n\n<ul><li>Museli ma\u0165 vieru, \u017ee naozaj n\u00e1jdu Kr\u00e1\u013ea. <\/li><li>Vytrvalos\u0165 na dlhej ceste. <\/li><li>Obetavos\u0165 &#8211; ke\u010f\u017ee dary priniesli osobne.<\/li><li>\u0160tedros\u0165 &#8211; cesta ur\u010dite nebola lacn\u00e1 a dary boli naozaj hodn\u00e9 kr\u00e1\u013ea.<\/li><li>A nakoniec pokoru &#8211; skloni\u0165 sa pred nemluv\u0148a\u0165om v ma\u0161tali (nie v pal\u00e1ci) chcelo iste nielen vieru, ale najm\u00e4 pokoru.<\/li><\/ul>V tomto s\u00fa n\u00e1m dodnes ve\u013ek\u00fdm vzorom. Napodob\u0148ujeme ich? \u010co a ako prin\u00e1\u0161ame Je\u017ei\u0161ovi my?\n\n\n<p><!--more--><\/p>\n\n\n<p><strong>Sv\u00e4t\u00e9 om\u0161e u n\u00e1s:<\/strong><\/p>\n\n\n\n<p><strong>streda \u2013 5. janu\u00e1ra (u\u017e zo sviatku) <\/strong><\/p>\n\n\n\n<ul class=\"wp-block-list\"><li><strong>16:00 \u2013 Hrub\u00fd \u0160\u00far \u2013 (ma\u010f.)<\/strong><\/li><li><strong>17:00 \u2013 Hrub\u00e1 Bor\u0161a \u2013 (slov.\/ma\u010f.)<\/strong><\/li><li><strong>18:00 \u2013 Kostoln\u00e1 \u2013 (slov.)<\/strong><\/li><\/ul>\n\n\n\n<p><strong>\u0161tvrtok \u2013 6. janu\u00e1ra <\/strong><\/p>\n\n\n\n<ul class=\"wp-block-list\"><li><strong>7:00 \u2013 Kostoln\u00e1 \u2013 (slov.)<\/strong><\/li><li><strong>8:00 \u2013 Hrub\u00fd \u0160\u00far \u2013 (ma\u010f.)<\/strong><\/li><li><strong>9:30 \u2013 Kostoln\u00e1 \u2013 (ma\u010f.)<\/strong><\/li><li><strong>11:00 \u2013 Kostoln\u00e1 \u2013 (slov.)<\/strong><\/li><\/ul>\n\n\n\n<p>V\u0161etky sv\u00e4t\u00e9 om\u0161e v Kostolnej s\u00fa nazvu\u010den\u00e9 aj na farskom dvore a pod pr\u00edstre\u0161kom, ktor\u00fd je z polovice chr\u00e1nen\u00fd od vetra. Sv\u00e4t\u00e9 prij\u00edmanie v\u00e1m r\u00e1d vynesiem aj pred kostol. <\/p>\n\n\n\n<p><strong>Na\u0161u farnos\u0165 nav\u0161t\u00edvia dvaja vz\u00e1cni hostia. Otec J\u00fada Tade\u00e1\u0161 Naachocharuwa z Tanz\u00e1nie<\/strong>, p\u00f4sobil ako biskupsk\u00fd sekret\u00e1r u otca biskupa Jozefa \u013dudov\u00edta Mindeho v Tanz\u00e1nii, teraz \u0161tuduje filoz\u00f3fiu v R\u00edme na univerzite Santa Croce. Prihovor\u00ed sa n\u00e1m<strong> na sv\u00e4t\u00fdch om\u0161iach teraz v stredu o 16:00, 17:00 a 18:00 a vo \u0161tvrtok o 7:00 a 11:00<\/strong>. Druh\u00fdm vz\u00e1cnym hos\u0165om je <strong>dlhoro\u010dn\u00fd mision\u00e1r don Jozef T\u00f3th, salezi\u00e1n. Sv\u00e4t\u00e9 om\u0161e bude sl\u00fa\u017ei\u0165 6. 1. o 8:00 a 9:30. <\/strong>Najbli\u017e\u0161ie e\u0161te otec Jozef bude sl\u00fa\u017ei\u0165 <strong>sv\u00e4t\u00e9 om\u0161e v sobotu 15. 1. o 16:00 a 18:00. <\/strong>Pr\u00ed\u010fte sa povzbudi\u0165. <\/p>\n\n\n\n<p>K&nbsp;sv\u00e4tej spovedi budem dispoz\u00edcii e\u0161te v tento piatok (7.1.) od 16:00 do 17:00 v&nbsp;Kostolnej pod pr\u00edstre\u0161kom.<\/p>\n\n\n\n<p>Sv\u00e4t\u00e9 prij\u00edmanie mimo sv\u00e4t\u00fdch om\u0161\u00ed v\u00e1m viem vysl\u00fa\u017ei\u0165 v&nbsp;najbli\u017e\u0161\u00edch d\u0148och nasledovne: <\/p>\n\n\n\n<ul class=\"wp-block-list\"><li>5.1. (v stredu) 15:00 &#8211; 15:30,<\/li><li>6.1. (vo \u0161tvrtok) 12:00 &#8211; 12:30, <\/li><li>7.1. (v piatok) 16:00 &#8211; 17:00,<\/li><li>8.1. (v sobotu) 15:00 &#8211; 15:30, <\/li><li>9.1. (v nede\u013eu) 12:00 &#8211; 12:30. <\/li><\/ul>\n\n\n\n<p>V pr\u00edpade potreby ma nev\u00e1hajte kontaktova\u0165 aj telefonicky: 0902 359 859. <\/p>\n\n\n\n<p>Som tu pre V\u00c1S! <\/p>\n\n\n\n<p>S \u00factou,<br>Pavol Gajdo\u0161, v\u00e1\u0161 far\u00e1r<\/p>\n\t\t\t\t","protected":false},"excerpt":{"rendered":"<p>Cesta a obeta. Traja &#8220;kr\u00e1li&#8221; priniesli seba a aj dary. Prejavili vieru, vytrvalos\u0165, obetavos\u0165, \u0161tedros\u0165 a pokoru. Museli ma\u0165 vieru, \u017ee naozaj n\u00e1jdu Kr\u00e1\u013ea. Vytrvalos\u0165 na dlhej ceste. Obetavos\u0165 &#8211; ke\u010f\u017ee dary priniesli osobne. \u0160tedros\u0165 &#8211; cesta ur\u010dite nebola lacn\u00e1 a dary boli naozaj hodn\u00e9 kr\u00e1\u013ea. A nakoniec pokoru &#8211; skloni\u0165 sa pred nemluv\u0148a\u0165om v &#8230; <span class=\"more\"><a class=\"more-link\" href=\"https:\/\/www.farakostolna.sk\/?p=5870\">[\u010c\u00edta\u0165 \u010falej&#8230;]<\/a><\/span><\/p>\n","protected":false},"author":7,"featured_media":5871,"comment_status":"closed","ping_status":"closed","sticky":false,"template":"","format":"standard","meta":{"footnotes":""},"categories":[13],"tags":[],"class_list":{"0":"entry","1":"post","2":"publish","3":"author-slado89gmail-com","4":"has-excerpt","5":"has-more-link","6":"post-5870","8":"format-standard","9":"has-post-thumbnail","10":"category-oznamy"},"_links":{"self":[{"href":"https:\/\/www.farakostolna.sk\/index.php?rest_route=\/wp\/v2\/posts\/5870","targetHints":{"allow":["GET"]}}],"collection":[{"href":"https:\/\/www.farakostolna.sk\/index.php?rest_route=\/wp\/v2\/posts"}],"about":[{"href":"https:\/\/www.farakostolna.sk\/index.php?rest_route=\/wp\/v2\/types\/post"}],"author":[{"embeddable":true,"href":"https:\/\/www.farakostolna.sk\/index.php?rest_route=\/wp\/v2\/users\/7"}],"replies":[{"embeddable":true,"href":"https:\/\/www.farakostolna.sk\/index.php?rest_route=%2Fwp%2Fv2%2Fcomments&post=5870"}],"version-history":[{"count":0,"href":"https:\/\/www.farakostolna.sk\/index.php?rest_route=\/wp\/v2\/posts\/5870\/revisions"}],"wp:featuredmedia":[{"embeddable":true,"href":"https:\/\/www.farakostolna.sk\/index.php?rest_route=\/"}],"wp:attachment":[{"href":"https:\/\/www.farakostolna.sk\/index.php?rest_route=%2Fwp%2Fv2%2Fmedia&parent=5870"}],"wp:term":[{"taxonomy":"category","embeddable":true,"href":"https:\/\/www.farakostolna.sk\/index.php?rest_route=%2Fwp%2Fv2%2Fcategories&post=5870"},{"taxonomy":"post_tag","embeddable":true,"href":"https:\/\/www.farakostolna.sk\/index.php?rest_route=%2Fwp%2Fv2%2Ftags&post=5870"}],"curies":[{"name":"wp","href":"https:\/\/api.w.org\/{rel}","templated":true}]}}