{"id":5863,"date":"2021-12-31T11:36:53","date_gmt":"2021-12-31T11:36:53","guid":{"rendered":"http:\/\/kostolna.fara.sk\/?p=5863"},"modified":"2021-12-31T11:36:53","modified_gmt":"2021-12-31T11:36:53","slug":"novy-rok-slavnost-panny-marie-bohorodicky-a-farske-oznamy","status":"publish","type":"post","link":"https:\/\/www.farakostolna.sk\/?p=5863","title":{"rendered":"Nov\u00fd rok \u2013 Sl\u00e1vnos\u0165 Panny M\u00e1rie Bohorodi\u010dky a farsk\u00e9 oznamy"},"content":{"rendered":"\n\t\t\t\t\n\t\t\t\t\n<div class=\"wp-block-image\"><figure class=\"alignleft is-resized\"><img loading=\"lazy\" decoding=\"async\" src=\"http:\/\/kostolna.fara.sk\/wp-content\/uploads\/2021\/12\/bible_video_christ_presentation_temple-2-1024x683.jpeg\" alt=\"\" class=\"wp-image-5864\" width=\"489\" height=\"325\"\/><\/figure><\/div>\n\n\n\n<p>M\u00e1rii bolo zvestovan\u00e9 Slovo. Ona ho uchov\u00e1vala vo svojom srdci. Boh vedel komu m\u00f4\u017ee tak\u00e9to tajomstvo zveri\u0165 &#8211; \u017eene, ktor\u00fa pov\u00fd\u0161il nad v\u0161etk\u00fdch anjelov. M\u00e1ria nesklamala. M\u00e1me ju aj s jej Synom v \u00facte? Nesieme toto Slovo \u010falej alebo ho zneva\u017eujeme a nech\u00e1vame zapada\u0165 prachom?<\/p>\n\n\n<p><!--more--><\/p>\n\n\n<p>Farsk\u00fd kostol bude teraz 31. decembra na z\u00e1ver roka otvoren\u00fd od 23:00 do 24:00 k tichej poklone pred Sviatos\u0165ou. <\/p>\n\n\n\n<p><strong>Sv\u00e4t\u00e9 om\u0161e u n\u00e1s:<\/strong><\/p>\n\n\n\n<p><strong>piatok \u2013 31. decembra (u\u017e zo sviatku) <\/strong><\/p>\n\n\n\n<ul class=\"wp-block-list\"><li><strong>15:00 \u2013 Hrub\u00fd \u0160\u00far \u2013 (ma\u010f.)<\/strong><\/li><li><strong>16:30 \u2013 Kostoln\u00e1 \u2013 (ma\u010f.)<\/strong><\/li><li><strong>18:00 \u2013 Kostoln\u00e1 \u2013 (slov.)<\/strong><\/li><\/ul>\n\n\n\n<p><strong>sobota \u2013 1. janu\u00e1ra 2022<\/strong><\/p>\n\n\n\n<ul class=\"wp-block-list\"><li><strong>7:00 \u2013 Kostoln\u00e1 \u2013 (slov.)<\/strong><\/li><li><strong>8:00 \u2013 Hrub\u00fd \u0160\u00far \u2013 (ma\u010f.)<\/strong><\/li><li><strong>9:30 \u2013 Kostoln\u00e1 \u2013 (ma\u010f.)<\/strong><\/li><li><strong>11:00 \u2013 Kostoln\u00e1 \u2013 (slov.)<\/strong><\/li><li><strong>16:00 \u2013 Hrub\u00fd \u0160\u00far \u2013 (ma\u010f.)<\/strong><\/li><li><strong>17:00 \u2013 Hrub\u00e1 Bor\u0161a \u2013 (slov.\/ma\u010f.)<\/strong><\/li><li><strong>18:00 \u2013 Kostoln\u00e1 \u2013 (slov.)<\/strong><\/li><\/ul>\n\n\n\n<p><strong>nede\u013ea \u2013 2. janu\u00e1ra 2022<\/strong><\/p>\n\n\n\n<ul class=\"wp-block-list\"><li><strong>7:00 \u2013 Kostoln\u00e1 \u2013 (slov.)<\/strong><\/li><li><strong>8:00 \u2013 Hrub\u00fd \u0160\u00far \u2013 (ma\u010f.)<\/strong><\/li><li><strong>9:30 \u2013 Kostoln\u00e1 \u2013 (ma\u010f.)<\/strong><\/li><li><strong>11:00 \u2013 Kostoln\u00e1 \u2013 (slov.)<\/strong><\/li><\/ul>\n\n\n\n<p>V\u0161etky sv\u00e4t\u00e9 om\u0161e v Kostolnej s\u00fa nazvu\u010den\u00e9 aj na farskom dvore a pod pr\u00edstre\u0161kom, ktor\u00fd je z polovice chr\u00e1nen\u00fd od vetra. Sv\u00e4t\u00e9 prij\u00edmanie v\u00e1m r\u00e1d vynesiem aj pred kostol. <\/p>\n\n\n\n<p>K&nbsp;sv\u00e4tej spovedi budem dispoz\u00edcii nast\u00e1vaj\u00faci t\u00fd\u017ede\u0148 v utorok a v piatok (4. 1. a 7.1.) od 16:00 do 17:00 v&nbsp;Kostolnej pod pr\u00edstre\u0161kom.<\/p>\n\n\n\n<p>Sv\u00e4t\u00e9 prij\u00edmanie mimo sv\u00e4t\u00fdch om\u0161\u00ed v\u00e1m viem vysl\u00fa\u017ei\u0165 v najbli\u017e\u0161\u00edch d\u0148och nasledovne: <\/p>\n\n\n\n<ul class=\"wp-block-list\"><li>31.12 (v piatok) 17:40 &#8211; 17:55,<\/li><li>1.1. (v sobotu) 15:00 &#8211; 15:30,<\/li><li>2.1. (v nede\u013eu) 12:00 &#8211; 12:30,<\/li><li>4.1. (v utorok) 16:00 &#8211; 17:00, <\/li><li>5.1. (v stredu) 15:00 &#8211; 15:30,<\/li><li>6.1. (vo \u0161tvrtok) 12:00 &#8211; 12:30, <\/li><li>7.1. (v piatok) 16:00 &#8211; 17:00. <\/li><\/ul>\n\n\n\n<p>V pr\u00edpade potreby ma nev\u00e1hajte kontaktova\u0165 aj telefonicky: 0902 359 859. <\/p>\n\n\n\n<p>Som tu pre V\u00c1S! <br>Po\u017eehnan\u00fd Nov\u00fd rok 2022! <br>V novom roku do \u00fatoku spolo\u010dne k sv\u00e4tosti! <br><br>S \u00factou,<br>Pavol Gajdo\u0161, v\u00e1\u0161 far\u00e1r<\/p>\n\t\t\t\t","protected":false},"excerpt":{"rendered":"<p>M\u00e1rii bolo zvestovan\u00e9 Slovo. Ona ho uchov\u00e1vala vo svojom srdci. Boh vedel komu m\u00f4\u017ee tak\u00e9to tajomstvo zveri\u0165 &#8211; \u017eene, ktor\u00fa pov\u00fd\u0161il nad v\u0161etk\u00fdch anjelov. M\u00e1ria nesklamala. M\u00e1me ju aj s jej Synom v \u00facte? Nesieme toto Slovo \u010falej alebo ho zneva\u017eujeme a nech\u00e1vame zapada\u0165 prachom?<\/p>\n","protected":false},"author":7,"featured_media":5864,"comment_status":"closed","ping_status":"closed","sticky":false,"template":"","format":"standard","meta":{"footnotes":""},"categories":[13],"tags":[],"class_list":{"0":"entry","1":"post","2":"publish","3":"author-slado89gmail-com","4":"has-excerpt","5":"has-more-link","6":"post-5863","8":"format-standard","9":"has-post-thumbnail","10":"category-oznamy"},"_links":{"self":[{"href":"https:\/\/www.farakostolna.sk\/index.php?rest_route=\/wp\/v2\/posts\/5863","targetHints":{"allow":["GET"]}}],"collection":[{"href":"https:\/\/www.farakostolna.sk\/index.php?rest_route=\/wp\/v2\/posts"}],"about":[{"href":"https:\/\/www.farakostolna.sk\/index.php?rest_route=\/wp\/v2\/types\/post"}],"author":[{"embeddable":true,"href":"https:\/\/www.farakostolna.sk\/index.php?rest_route=\/wp\/v2\/users\/7"}],"replies":[{"embeddable":true,"href":"https:\/\/www.farakostolna.sk\/index.php?rest_route=%2Fwp%2Fv2%2Fcomments&post=5863"}],"version-history":[{"count":0,"href":"https:\/\/www.farakostolna.sk\/index.php?rest_route=\/wp\/v2\/posts\/5863\/revisions"}],"wp:featuredmedia":[{"embeddable":true,"href":"https:\/\/www.farakostolna.sk\/index.php?rest_route=\/"}],"wp:attachment":[{"href":"https:\/\/www.farakostolna.sk\/index.php?rest_route=%2Fwp%2Fv2%2Fmedia&parent=5863"}],"wp:term":[{"taxonomy":"category","embeddable":true,"href":"https:\/\/www.farakostolna.sk\/index.php?rest_route=%2Fwp%2Fv2%2Fcategories&post=5863"},{"taxonomy":"post_tag","embeddable":true,"href":"https:\/\/www.farakostolna.sk\/index.php?rest_route=%2Fwp%2Fv2%2Ftags&post=5863"}],"curies":[{"name":"wp","href":"https:\/\/api.w.org\/{rel}","templated":true}]}}