{"id":5856,"date":"2021-12-23T18:36:49","date_gmt":"2021-12-23T18:36:49","guid":{"rendered":"http:\/\/kostolna.fara.sk\/?p=5856"},"modified":"2021-12-23T18:36:49","modified_gmt":"2021-12-23T18:36:49","slug":"vianocne-farske-oznamy-a-zamyslenie","status":"publish","type":"post","link":"https:\/\/www.farakostolna.sk\/?p=5856","title":{"rendered":"Viano\u010dn\u00e9 farsk\u00e9 oznamy a zamyslenie"},"content":{"rendered":"\n\t\t\t\t\n\t\t\t\t\n<div class=\"wp-block-image\"><figure class=\"alignleft\"><img decoding=\"async\" src=\"http:\/\/kostolna.fara.sk\/wp-content\/uploads\/2021\/12\/nativity_mary_joseph_bethlehem-1024x683.jpeg\" alt=\"\" class=\"wp-image-5857\"\/><\/figure><\/div>\n\n\n\n<p>Boh je majstrom prekvapen\u00ed. Cel\u00e9 st\u00e1ro\u010dia \u017didia o\u010dak\u00e1vali d\u00f4sledne Mesi\u00e1\u0161a &#8211; kr\u00e1\u013ea, z\u00e1chrancu, vykupite\u013ea. Prich\u00e1dza ale mal\u00e9 bezbrann\u00e9 die\u0165a, ktor\u00e9 treba prija\u0165 a stara\u0165 sa o\u0148. M\u00e1 v\u0161ak pre n\u00e1s e\u0161te \u010fal\u0161ie prekvapenia. Sme pripraven\u00ed? Neodmietneme ho?<\/p>\n\n\n<p><!--more--><\/p>\n\n\n<p><strong>Betlehemsk\u00e9 svetlo si m\u00f4\u017eete prevzia\u0165 teraz v piatok 24. decembra 2021 od na\u0161ich skautov v Kostolnej a Hrubom \u0160\u00fare pred kostolom v \u010dase od 9:00 do 12:00 a v Hrubej Bor\u0161i v kaplnke od 12:00 do 13:00. <\/strong><\/p>\n\n\n\n<p><strong>Sv\u00e4t\u00e9 om\u0161e u n\u00e1s:<\/strong><\/p>\n\n\n\n<p><strong>piatok \u2013 24. decembra<\/strong><\/p>\n\n\n\n<ul class=\"wp-block-list\"><li><strong>21:00 \u2013 Kostoln\u00e1 \u2013 (ma\u010f.)<\/strong><\/li><li><strong>22:30 \u2013 Kostoln\u00e1 \u2013 (slov.)<\/strong><\/li><\/ul>\n\n\n\n<p><strong>sobota \u2013 25. decembra<\/strong><\/p>\n\n\n\n<ul class=\"wp-block-list\"><li><strong>7:00 \u2013 Kostoln\u00e1 \u2013 (slov.)<\/strong><\/li><li><strong>8:00 \u2013 Hrub\u00fd \u0160\u00far \u2013 (ma\u010f.)<\/strong><\/li><li><strong>9:30 \u2013 Kostoln\u00e1 \u2013 (ma\u010f.)<\/strong><\/li><li><strong>11:00 \u2013 Kostoln\u00e1 \u2013 (slov.)<\/strong><\/li><li><strong>16:00 \u2013 Hrub\u00fd \u0160\u00far \u2013 (ma\u010f.)<\/strong><\/li><li><strong>17:00 \u2013 Hrub\u00e1 Bor\u0161a \u2013 (slov.\/ma\u010f.)<\/strong><\/li><li><strong>18:00 \u2013 Kostoln\u00e1 \u2013 (slov.)<\/strong><\/li><\/ul>\n\n\n\n<p><strong>nede\u013ea \u2013 26. decembra <\/strong><\/p>\n\n\n\n<ul class=\"wp-block-list\"><li><strong>7:00 \u2013 Kostoln\u00e1 \u2013 (slov.)<\/strong><\/li><li><strong>8:00 \u2013 Hrub\u00fd \u0160\u00far \u2013 (ma\u010f.)<\/strong><\/li><li><strong>9:30 \u2013 Kostoln\u00e1 \u2013 (ma\u010f.)<\/strong><\/li><li><strong>11:00 \u2013 Kostoln\u00e1 \u2013 (slov.)<\/strong><\/li><\/ul>\n\n\n\n<p>V\u0161etky sv\u00e4t\u00e9 om\u0161e v Kostolnej s\u00fa nazvu\u010den\u00e9 aj na farskom dvore a pod pr\u00edstre\u0161kom, ktor\u00fd je u\u017e z polovice chr\u00e1nen\u00fd od vetra. Sv\u00e4t\u00e9 prij\u00edmanie v\u00e1m r\u00e1d vynesiem aj pred kostol. Sv\u00e4t\u00e9 om\u0161e sa z na\u0161ej farnosti tentoraz nebud\u00fa vysiela\u0165 online. <\/p>\n\n\n\n<p>K&nbsp;sv\u00e4tej spovedi budem dispoz\u00edcii a\u017e od stredy (29.12) od 16:00 do 17:00 v&nbsp;Kostolnej pod pr\u00edstre\u0161kom.<\/p>\n\n\n\n<p>Sv\u00e4t\u00e9 prij\u00edmanie mimo sv\u00e4t\u00fdch om\u0161\u00ed v\u00e1m viem vysl\u00fa\u017ei\u0165 v najbli\u017e\u0161\u00edch d\u0148och nasledovne: <\/p>\n\n\n\n<ul class=\"wp-block-list\"><li>24.12 (v piatok) 8:30 &#8211; 9:00, <\/li><li>25.12 (v sobotu) 15:00 &#8211; 15:30,<\/li><li>26.12 (v nede\u013eu) 12:00 &#8211; 12:30,<\/li><li>29.-30. (streda, \u0161tvrtok) 16:00 &#8211; 17:00. <\/li><\/ul>\n\n\n\n<p>Na z\u00e1ver ob\u010dianskeho roka (31.12) bude v Kostolnej kostol otvoren\u00fd pre s\u00fakromn\u00fa, tich\u00fa ador\u00e1ciu (23:30 &#8211; 24:00). <\/p>\n\n\n\n<p>Chor\u00fdch m\u00f4\u017eem nav\u0161t\u00edvi\u0165 po domoch v sobotu 25. decembra 2021, aby som im priniesol sv. prij\u00edmanie v \u010dase od 13:30 do 14:30. Treba mi v\u0161ak da\u0165 vedie\u0165 telefonicky (0902 359 859), alebo cez mojich kostoln\u00edkov.<\/p>\n\n\n\n<p>Som tu pre V\u00c1S! <br>Po\u017eehnan\u00e9 viano\u010dn\u00e9 sviatky! <br><br>S \u00factou,<br>Pavol Gajdo\u0161, v\u00e1\u0161 far\u00e1r<\/p>\n\t\t\t\t","protected":false},"excerpt":{"rendered":"<p>Boh je majstrom prekvapen\u00ed. Cel\u00e9 st\u00e1ro\u010dia \u017didia o\u010dak\u00e1vali d\u00f4sledne Mesi\u00e1\u0161a &#8211; kr\u00e1\u013ea, z\u00e1chrancu, vykupite\u013ea. Prich\u00e1dza ale mal\u00e9 bezbrann\u00e9 die\u0165a, ktor\u00e9 treba prija\u0165 a stara\u0165 sa o\u0148. M\u00e1 v\u0161ak pre n\u00e1s e\u0161te \u010fal\u0161ie prekvapenia. Sme pripraven\u00ed? Neodmietneme ho?<\/p>\n","protected":false},"author":7,"featured_media":5857,"comment_status":"closed","ping_status":"closed","sticky":false,"template":"","format":"standard","meta":{"footnotes":""},"categories":[13],"tags":[],"class_list":{"0":"entry","1":"post","2":"publish","3":"author-slado89gmail-com","4":"has-excerpt","5":"has-more-link","6":"post-5856","8":"format-standard","9":"has-post-thumbnail","10":"category-oznamy"},"_links":{"self":[{"href":"https:\/\/www.farakostolna.sk\/index.php?rest_route=\/wp\/v2\/posts\/5856","targetHints":{"allow":["GET"]}}],"collection":[{"href":"https:\/\/www.farakostolna.sk\/index.php?rest_route=\/wp\/v2\/posts"}],"about":[{"href":"https:\/\/www.farakostolna.sk\/index.php?rest_route=\/wp\/v2\/types\/post"}],"author":[{"embeddable":true,"href":"https:\/\/www.farakostolna.sk\/index.php?rest_route=\/wp\/v2\/users\/7"}],"replies":[{"embeddable":true,"href":"https:\/\/www.farakostolna.sk\/index.php?rest_route=%2Fwp%2Fv2%2Fcomments&post=5856"}],"version-history":[{"count":0,"href":"https:\/\/www.farakostolna.sk\/index.php?rest_route=\/wp\/v2\/posts\/5856\/revisions"}],"wp:featuredmedia":[{"embeddable":true,"href":"https:\/\/www.farakostolna.sk\/index.php?rest_route=\/"}],"wp:attachment":[{"href":"https:\/\/www.farakostolna.sk\/index.php?rest_route=%2Fwp%2Fv2%2Fmedia&parent=5856"}],"wp:term":[{"taxonomy":"category","embeddable":true,"href":"https:\/\/www.farakostolna.sk\/index.php?rest_route=%2Fwp%2Fv2%2Fcategories&post=5856"},{"taxonomy":"post_tag","embeddable":true,"href":"https:\/\/www.farakostolna.sk\/index.php?rest_route=%2Fwp%2Fv2%2Ftags&post=5856"}],"curies":[{"name":"wp","href":"https:\/\/api.w.org\/{rel}","templated":true}]}}