{"id":5836,"date":"2021-12-17T21:00:46","date_gmt":"2021-12-17T21:00:46","guid":{"rendered":"http:\/\/kostolna.fara.sk\/?p=5836"},"modified":"2021-12-17T21:00:46","modified_gmt":"2021-12-17T21:00:46","slug":"farske-oznamy-a-zamyslenie-19-12-2021","status":"publish","type":"post","link":"https:\/\/www.farakostolna.sk\/?p=5836","title":{"rendered":"Farsk\u00e9 oznamy a zamyslenie (19.12.2021)"},"content":{"rendered":"\n\t\t\t\t\n\t\t\t\t\n<div class=\"wp-block-image\"><figure class=\"aligncenter is-resized\"><img loading=\"lazy\" decoding=\"async\" src=\"http:\/\/kostolna.fara.sk\/wp-content\/uploads\/2021\/12\/WhatsApp-Image-2021-12-17-at-21.49.52-943x1024.jpeg\" alt=\"\" class=\"wp-image-5837\" width=\"535\" height=\"580\"\/><\/figure><\/div>\n\n\n\n<p>Matka Bo\u017eia ako pomocnica &#8211; tak si ju pam\u00e4t\u00e1 nielen Al\u017ebeta, ale cel\u00fd kres\u0165ansk\u00fd svet. Do Zachari\u00e1\u0161ovho domu v\u0161ak nepriniesla iba osobn\u00fa pomoc, ale nie\u010do ove\u013ea d\u00f4le\u017eitej\u0161ie &#8211; Ducha Sv\u00e4t\u00e9ho. To je v\u00fdzva aj pre n\u00e1s. Prin\u00e1\u0161a\u0165 Bo\u017eieho Ducha. Sme ochotn\u00ed &#8220;ihne\u010f&#8221; a osobne pom\u00f4c\u0165? Nehanb\u00edme sa prinies\u0165 Bo\u017eieho Ducha medzi \u013eud\u00ed?<\/p>\n\n\n<p><!--more--><\/p>\n\n\n<p><strong>Sv\u00e4t\u00e9 om\u0161e u n\u00e1s:<\/strong><\/p>\n\n\n\n<p><strong>sobota \u2013 18. decembra (s nede\u013enou platnos\u0165ou)<\/strong><\/p>\n\n\n\n<ul class=\"wp-block-list\"><li><strong>16:00 \u2013 Hrub\u00fd \u0160\u00far \u2013 (ma\u010f.)<\/strong><\/li><li><strong>17:00 \u2013 Hrub\u00e1 Bor\u0161a \u2013 (slov.\/ma\u010f.)<\/strong><\/li><li><strong>18:00 \u2013 Kostoln\u00e1 \u2013 (slov.)<\/strong><\/li><\/ul>\n\n\n\n<p><strong>nede\u013ea \u2013 19. decembra <\/strong><\/p>\n\n\n\n<ul class=\"wp-block-list\"><li><strong>7:00 \u2013 Kostoln\u00e1 \u2013 (slov.)<\/strong><\/li><li><strong>8:00 \u2013 Hrub\u00fd \u0160\u00far \u2013 (ma\u010f.)<\/strong><\/li><li><strong>9:30 \u2013 Kostoln\u00e1 \u2013 (ma\u010f.)<\/strong><\/li><li><strong>11:00 \u2013 Kostoln\u00e1 \u2013 (slov.)<\/strong><\/li><\/ul>\n\n\n\n<p>V\u0161etky sv\u00e4t\u00e9 om\u0161e v Kostolnej s\u00fa nazvu\u010den\u00e9 aj na farskom dvore a pod pr\u00edstre\u0161kom, ktor\u00fd je u\u017e z polovice chr\u00e1nen\u00fd od vetra. Sv\u00e4t\u00e9 prij\u00edmanie v\u00e1m r\u00e1d vynesiem aj pred kostol. Sv\u00e4t\u00e9 om\u0161e sa ani v t\u00fato nede\u013eu z na\u0161ej farnosti nebud\u00fa vysiela\u0165. <\/p>\n\n\n\n<p>Tento t\u00fd\u017ede\u0148 v\u00e1m budem k&nbsp;sv\u00e4tej spovedi dispoz\u00edcii v utorok, stredu a vo \u0161tvrtok od 15:00 do 17:00 v&nbsp;Kostolnej pod pr\u00edstre\u0161kom. V piatok (24.12.) na \u0161tedr\u00fd de\u0148 u\u017e nebudem spoveda\u0165. <\/p>\n\n\n\n<p><strong>Sv\u00e4t\u00e9 prij\u00edmanie v\u00e1m okrem \u010dasu spovedania viem vysl\u00fa\u017ei\u0165 v najbli\u017e\u0161\u00edch d\u0148och nasledovne: <\/strong><\/p>\n\n\n\n<ul class=\"wp-block-list\"><li><strong>18.12 (v sobotu) 15:00 &#8211; 15:30, <\/strong><\/li><li><strong>19.12 (v nede\u013eu) 11:45 &#8211; 12:30, <\/strong><\/li><li><strong>25.12 (v sobotu) 15:00 &#8211; 16:00,<\/strong><\/li><li><strong>26.12 (v nede\u013eu) 12:00 &#8211; 12:30. <\/strong><\/li><\/ul>\n\n\n\n<p>Chor\u00fdch m\u00f4\u017eem nav\u0161t\u00edvi\u0165 po domoch v sobotu 25. decembra 2021, aby som im priniesol sv. prij\u00edmanie v \u010dase od 13:30 do 14:30. Treba mi v\u0161ak da\u0165 vedie\u0165 telefonicky (0902 359 859), alebo cez mojich kostoln\u00edkov.<\/p>\n\n\n\n<p>V uplynul\u00fdch d\u0148och ste si mohli mnoh\u00ed n\u00e1js\u0165 vo svojich po\u0161tov\u00fdch schr\u00e1nkach na\u0161e <strong>Farsk\u00e9 noviny &#8211; Mi \u00dajs\u00e1g?.<\/strong> T\u00fdmto \u00faprimne \u010fakujem v\u0161etk\u00fdm, ktor\u00fd sa na tvorbe podie\u013eali a\u00a0pomohli ich roznies\u0165 po okol\u00ed. Kto ich e\u0161te nem\u00e1te, alebo chcete podarova\u0165 zn\u00e1mym, zoberte si vzadu v\u00a0kostole. Svoj dobrovo\u013en\u00fd pr\u00edspevok m\u00f4\u017eete kedyko\u013evek vlo\u017ei\u0165 do pokladni\u010dky na noviny.<\/p>\n\n\n\n<p>Som tu pre V\u00c1S! <br>S \u00factou,<br>Pavol Gajdo\u0161, v\u00e1\u0161 far\u00e1r<\/p>\n\t\t\t\t","protected":false},"excerpt":{"rendered":"<p>Matka Bo\u017eia ako pomocnica &#8211; tak si ju pam\u00e4t\u00e1 nielen Al\u017ebeta, ale cel\u00fd kres\u0165ansk\u00fd svet. Do Zachari\u00e1\u0161ovho domu v\u0161ak nepriniesla iba osobn\u00fa pomoc, ale nie\u010do ove\u013ea d\u00f4le\u017eitej\u0161ie &#8211; Ducha Sv\u00e4t\u00e9ho. To je v\u00fdzva aj pre n\u00e1s. Prin\u00e1\u0161a\u0165 Bo\u017eieho Ducha. Sme ochotn\u00ed &#8220;ihne\u010f&#8221; a osobne pom\u00f4c\u0165? Nehanb\u00edme sa prinies\u0165 Bo\u017eieho Ducha medzi \u013eud\u00ed?<\/p>\n","protected":false},"author":7,"featured_media":5837,"comment_status":"closed","ping_status":"closed","sticky":false,"template":"","format":"standard","meta":{"footnotes":""},"categories":[13],"tags":[],"class_list":{"0":"entry","1":"post","2":"publish","3":"author-slado89gmail-com","4":"has-excerpt","5":"has-more-link","6":"post-5836","8":"format-standard","9":"has-post-thumbnail","10":"category-oznamy"},"_links":{"self":[{"href":"https:\/\/www.farakostolna.sk\/index.php?rest_route=\/wp\/v2\/posts\/5836","targetHints":{"allow":["GET"]}}],"collection":[{"href":"https:\/\/www.farakostolna.sk\/index.php?rest_route=\/wp\/v2\/posts"}],"about":[{"href":"https:\/\/www.farakostolna.sk\/index.php?rest_route=\/wp\/v2\/types\/post"}],"author":[{"embeddable":true,"href":"https:\/\/www.farakostolna.sk\/index.php?rest_route=\/wp\/v2\/users\/7"}],"replies":[{"embeddable":true,"href":"https:\/\/www.farakostolna.sk\/index.php?rest_route=%2Fwp%2Fv2%2Fcomments&post=5836"}],"version-history":[{"count":0,"href":"https:\/\/www.farakostolna.sk\/index.php?rest_route=\/wp\/v2\/posts\/5836\/revisions"}],"wp:featuredmedia":[{"embeddable":true,"href":"https:\/\/www.farakostolna.sk\/index.php?rest_route=\/"}],"wp:attachment":[{"href":"https:\/\/www.farakostolna.sk\/index.php?rest_route=%2Fwp%2Fv2%2Fmedia&parent=5836"}],"wp:term":[{"taxonomy":"category","embeddable":true,"href":"https:\/\/www.farakostolna.sk\/index.php?rest_route=%2Fwp%2Fv2%2Fcategories&post=5836"},{"taxonomy":"post_tag","embeddable":true,"href":"https:\/\/www.farakostolna.sk\/index.php?rest_route=%2Fwp%2Fv2%2Ftags&post=5836"}],"curies":[{"name":"wp","href":"https:\/\/api.w.org\/{rel}","templated":true}]}}