{"id":5829,"date":"2021-12-10T21:03:32","date_gmt":"2021-12-10T21:03:32","guid":{"rendered":"http:\/\/kostolna.fara.sk\/?p=5829"},"modified":"2021-12-10T21:03:32","modified_gmt":"2021-12-10T21:03:32","slug":"farske-oznamy-a-zamyslenie-12-12-2021","status":"publish","type":"post","link":"https:\/\/www.farakostolna.sk\/?p=5829","title":{"rendered":"Farsk\u00e9 oznamy a zamyslenie (12.12.2021)"},"content":{"rendered":"\n\t\t\t\t\n\t\t\t\t\n<div class=\"wp-block-image\"><figure class=\"alignleft is-resized\"><img loading=\"lazy\" decoding=\"async\" src=\"http:\/\/kostolna.fara.sk\/wp-content\/uploads\/2021\/12\/WhatsApp-Image-2021-12-10-at-20.55.55.jpeg\" alt=\"\" class=\"wp-image-5830\" width=\"441\" height=\"247\"\/><\/figure><\/div>\n\n\n\n<p>Mno\u017estvo \u013eud\u00ed prich\u00e1dzalo za J\u00e1nom Krstite\u013eom a p\u00fdtali sa ho: \u201eA \u010do m\u00e1me robi\u0165 my?\u201c Odpovede v sebe maj\u00fa vn\u00fatorn\u00fd poriadok hodn\u00f4t: Boh \u2013 svedomie \u2013 autorita. Zlo nast\u00e1va vtedy, ak to poprehadzujeme. <br>P\u00fdtame sa dnes Boha, \u010do m\u00e1me robi\u0165? Ak\u00e9 m\u00e1me priority? Nem\u00e1me ich poprehadzovan\u00e9? Ak je Boh na prvom mieste, v\u0161etko je na spr\u00e1vnom mieste. Ale ak Boh nie je na prvom mieste, ni\u010d nie je na spr\u00e1vnom mieste.<\/p>\n\n\n<p><!--more--><\/p>\n\n\n<p><strong>Sv\u00e4t\u00e9 om\u0161e u n\u00e1s:<\/strong><\/p>\n\n\n\n<p><strong>sobota \u2013 11. decembra (s nede\u013enou platnos\u0165ou)<\/strong><\/p>\n\n\n\n<ul class=\"wp-block-list\"><li><strong>16:00 \u2013 Hrub\u00fd \u0160\u00far \u2013 (ma\u010f.)<br><\/strong><\/li><li><strong>17:00 \u2013 Hrub\u00e1 Bor\u0161a \u2013 (slov.\/ma\u010f.)<\/strong><\/li><li><strong>18:00 \u2013 Kostoln\u00e1 \u2013 (slov.)<\/strong><\/li><\/ul>\n\n\n\n<p><strong>nede\u013ea \u2013 12. decembra <\/strong><\/p>\n\n\n\n<ul class=\"wp-block-list\"><li><strong>7:00 \u2013 Kostoln\u00e1 \u2013 (slov.)<\/strong><\/li><li><strong>8:00 \u2013 Hrub\u00fd \u0160\u00far \u2013 (ma\u010f.)<\/strong><\/li><li><strong>9:30 \u2013 Kostoln\u00e1 \u2013 (ma\u010f.)<\/strong><\/li><li><strong>11:00 \u2013 Kostoln\u00e1 \u2013 (slov.)<\/strong><\/li><\/ul>\n\n\n\n<p>V\u0161etky sv\u00e4t\u00e9 om\u0161e v Kostolnej s\u00fa nazvu\u010den\u00e9 aj na farskom dvore a pod pr\u00edstre\u0161kom.<\/p>\n\n\n\n<p>Online prenos v t\u00fato nede\u013eu z na\u0161ej farnosti nebude. <\/p>\n\n\n\n<p>Tento t\u00fd\u017ede\u0148 v\u00e1m budem k&nbsp;sv\u00e4tej spovedi dispoz\u00edcii v utorok, stredu, \u0161tvrtok a&nbsp;v&nbsp;piatok od 15:30 do 16:50 v&nbsp;Kostolnej pod pr\u00edstre\u0161kom. Okrem toho budem ma\u0165 denne vonku pod pr\u00edstre\u0161kom aj Najsv\u00e4tej\u0161iu Sviatos\u0165 Olt\u00e1rnu. Sv\u00e4t\u00e9 prij\u00edmanie v\u00e1m viem vysl\u00fa\u017ei\u0165 v&nbsp;najbli\u017e\u0161\u00edch t\u00fd\u017ed\u0148och aj vonku: utorok a\u017e piatok 15:30-17:00, v soboty 15:00-15:30 a v nedele 11:45-12:30. <\/p>\n\n\n\n<p>Ador\u00e1cia v&nbsp;kostole bude od utorka do piatku od 15:30 do 17:00. <\/p>\n\n\n\n<p>Som tu pre V\u00c1S! <br><br>S \u00factou,<br>Pavol Gajdo\u0161, v\u00e1\u0161 far\u00e1r<\/p>\n\t\t\t\t","protected":false},"excerpt":{"rendered":"<p>Mno\u017estvo \u013eud\u00ed prich\u00e1dzalo za J\u00e1nom Krstite\u013eom a p\u00fdtali sa ho: \u201eA \u010do m\u00e1me robi\u0165 my?\u201c Odpovede v sebe maj\u00fa vn\u00fatorn\u00fd poriadok hodn\u00f4t: Boh \u2013 svedomie \u2013 autorita. Zlo nast\u00e1va vtedy, ak to poprehadzujeme. P\u00fdtame sa dnes Boha, \u010do m\u00e1me robi\u0165? Ak\u00e9 m\u00e1me priority? Nem\u00e1me ich poprehadzovan\u00e9? Ak je Boh na prvom mieste, v\u0161etko je na &#8230; <span class=\"more\"><a class=\"more-link\" href=\"https:\/\/www.farakostolna.sk\/?p=5829\">[\u010c\u00edta\u0165 \u010falej&#8230;]<\/a><\/span><\/p>\n","protected":false},"author":7,"featured_media":5830,"comment_status":"closed","ping_status":"closed","sticky":false,"template":"","format":"standard","meta":{"footnotes":""},"categories":[17],"tags":[],"class_list":{"0":"entry","1":"post","2":"publish","3":"author-slado89gmail-com","4":"has-excerpt","5":"has-more-link","6":"post-5829","8":"format-standard","9":"has-post-thumbnail","10":"category-sv-omsa"},"_links":{"self":[{"href":"https:\/\/www.farakostolna.sk\/index.php?rest_route=\/wp\/v2\/posts\/5829","targetHints":{"allow":["GET"]}}],"collection":[{"href":"https:\/\/www.farakostolna.sk\/index.php?rest_route=\/wp\/v2\/posts"}],"about":[{"href":"https:\/\/www.farakostolna.sk\/index.php?rest_route=\/wp\/v2\/types\/post"}],"author":[{"embeddable":true,"href":"https:\/\/www.farakostolna.sk\/index.php?rest_route=\/wp\/v2\/users\/7"}],"replies":[{"embeddable":true,"href":"https:\/\/www.farakostolna.sk\/index.php?rest_route=%2Fwp%2Fv2%2Fcomments&post=5829"}],"version-history":[{"count":0,"href":"https:\/\/www.farakostolna.sk\/index.php?rest_route=\/wp\/v2\/posts\/5829\/revisions"}],"wp:featuredmedia":[{"embeddable":true,"href":"https:\/\/www.farakostolna.sk\/index.php?rest_route=\/"}],"wp:attachment":[{"href":"https:\/\/www.farakostolna.sk\/index.php?rest_route=%2Fwp%2Fv2%2Fmedia&parent=5829"}],"wp:term":[{"taxonomy":"category","embeddable":true,"href":"https:\/\/www.farakostolna.sk\/index.php?rest_route=%2Fwp%2Fv2%2Fcategories&post=5829"},{"taxonomy":"post_tag","embeddable":true,"href":"https:\/\/www.farakostolna.sk\/index.php?rest_route=%2Fwp%2Fv2%2Ftags&post=5829"}],"curies":[{"name":"wp","href":"https:\/\/api.w.org\/{rel}","templated":true}]}}