{"id":5815,"date":"2021-12-06T20:57:40","date_gmt":"2021-12-06T20:57:40","guid":{"rendered":"http:\/\/kostolna.fara.sk\/?p=5815"},"modified":"2021-12-06T20:57:40","modified_gmt":"2021-12-06T20:57:40","slug":"navsteva-svateho-mikulasa","status":"publish","type":"post","link":"https:\/\/www.farakostolna.sk\/?p=5815","title":{"rendered":"N\u00e1v\u0161teva sv\u00e4t\u00e9ho Mikul\u00e1\u0161a"},"content":{"rendered":"\n\t\t\t\t\n\t\t\t\t\n<div class=\"wp-block-image\"><figure class=\"alignleft is-resized\"><img loading=\"lazy\" decoding=\"async\" src=\"http:\/\/kostolna.fara.sk\/wp-content\/uploads\/2021\/12\/IMG_20211205_145225-1024x576.jpg\" alt=\"\" class=\"wp-image-5816\" width=\"430\" height=\"241\"\/><\/figure><\/div>\n\n\n\n<p>\u201eMikul\u00e1\u0161ku, dobr\u00fd str\u00fd\u010dku,<br> modl\u00edm sa ti modlitbi\u010dku,<br> zlo\u017e t\u00fa svoju pln\u00fa ta\u0161ku,<br> daj n\u00e1m z darov tvojich tro\u0161ku,<br> \u010di kol\u00e1\u010da makov\u00e9ho,<br> \u010di kon\u00edka medov\u00e9ho.<br> Ve\u010f ty sv\u00e4t\u00fd Mikul\u00e1\u0161,<br> ve\u013ea dobr\u00fdch darov m\u00e1\u0161.\u201c<\/p>\n\n\n<p><!--more--><\/p>\n\n\n<p>Op\u00e4\u0165 pri\u0161iel ten de\u0148, ktor\u00fd zna\u010d\u00ed, \u017ee Vianoce s\u00fa za dverami. Pr\u00e1ve 6. december, kedy sl\u00e1vime sviatok sv. Mikul\u00e1\u0161a je d\u0148om, na ktor\u00fd netrpezlivo \u010dakaj\u00fa v\u0161etky deti. N\u00e1v\u0161teva sv\u00e4t\u00e9ho Mikul\u00e1\u0161a v na\u0161ej farnosti v\u0161ak pote\u0161ila nielen deti\u010dky, ale aj n\u00e1s, rodi\u010dov. <\/p>\n\n\n\n<p>Chceme sa po\u010fakova\u0165 p\u00e1novi far\u00e1rovi, \u017ee aj v takejto n\u00e1ro\u010dnej dobe, ktor\u00e1 n\u00e1s su\u017euje u\u017e nieko\u013eko mesiacov, na\u0161iel silu a \u010das a zorganizoval t\u00fato mil\u00fa akciu. \u010eakujeme za bohat\u00e9 bal\u00ed\u010dky, ktor\u00e9 deti\u010dky dostali a za mo\u017enos\u0165 tichej ador\u00e1cie v chr\u00e1me. Aspo\u0148 na chv\u00ed\u013eku sme zabudli na ten v\u0161edn\u00fd \u201ez\u00e1kazov\u00fd\u201c \u017eivot a mohli sa spolu te\u0161i\u0165 z vec\u00ed, ktor\u00e9 boli pre n\u00e1s kedysi samozrejmos\u0165ou.<\/p>\n\n\n\n<p style=\"text-align:right\"><strong><em>Katar\u00edna Kav\u010d\u00e1kov\u00e1,<\/em><\/strong><br><em>Kostoln\u00e1 pri Dunaji<\/em><br><\/p>\n\n\n\n<figure class=\"wp-block-image\"><img decoding=\"async\" src=\"http:\/\/kostolna.fara.sk\/wp-content\/uploads\/2021\/12\/IMG_20211205_145840_1-1024x768.jpg\" alt=\"\" class=\"wp-image-5821\"\/><\/figure>\n\n\n\n<figure class=\"wp-block-image\"><img decoding=\"async\" src=\"http:\/\/kostolna.fara.sk\/wp-content\/uploads\/2021\/12\/IMG_20211205_150018-1024x768.jpg\" alt=\"\" class=\"wp-image-5822\"\/><\/figure>\n\n\n\n<figure class=\"wp-block-image\"><img decoding=\"async\" src=\"http:\/\/kostolna.fara.sk\/wp-content\/uploads\/2021\/12\/IMG_20211205_142609-1024x768.jpg\" alt=\"\" class=\"wp-image-5823\"\/><\/figure>\n\n\n\n<figure class=\"wp-block-image\"><img decoding=\"async\" src=\"http:\/\/kostolna.fara.sk\/wp-content\/uploads\/2021\/12\/IMG_20211205_144753-1024x576.jpg\" alt=\"\" class=\"wp-image-5824\"\/><\/figure>\n\n\n\n<figure class=\"wp-block-image\"><img decoding=\"async\" src=\"http:\/\/kostolna.fara.sk\/wp-content\/uploads\/2021\/12\/IMG_20211205_145152-1024x576.jpg\" alt=\"\" class=\"wp-image-5825\"\/><\/figure>\n\n\n\n<figure class=\"wp-block-image\"><img decoding=\"async\" src=\"http:\/\/kostolna.fara.sk\/wp-content\/uploads\/2021\/12\/IMG_20211205_145750-1024x576.jpg\" alt=\"\" class=\"wp-image-5826\"\/><\/figure>\n\t\t\t\t","protected":false},"excerpt":{"rendered":"<p>\u201eMikul\u00e1\u0161ku, dobr\u00fd str\u00fd\u010dku, modl\u00edm sa ti modlitbi\u010dku, zlo\u017e t\u00fa svoju pln\u00fa ta\u0161ku, daj n\u00e1m z darov tvojich tro\u0161ku, \u010di kol\u00e1\u010da makov\u00e9ho, \u010di kon\u00edka medov\u00e9ho. Ve\u010f ty sv\u00e4t\u00fd Mikul\u00e1\u0161, ve\u013ea dobr\u00fdch darov m\u00e1\u0161.\u201c<\/p>\n","protected":false},"author":7,"featured_media":5816,"comment_status":"closed","ping_status":"closed","sticky":false,"template":"","format":"standard","meta":{"footnotes":""},"categories":[4],"tags":[],"class_list":{"0":"entry","1":"post","2":"publish","3":"author-slado89gmail-com","4":"has-excerpt","5":"has-more-link","6":"post-5815","8":"format-standard","9":"has-post-thumbnail","10":"category-akcie"},"_links":{"self":[{"href":"https:\/\/www.farakostolna.sk\/index.php?rest_route=\/wp\/v2\/posts\/5815","targetHints":{"allow":["GET"]}}],"collection":[{"href":"https:\/\/www.farakostolna.sk\/index.php?rest_route=\/wp\/v2\/posts"}],"about":[{"href":"https:\/\/www.farakostolna.sk\/index.php?rest_route=\/wp\/v2\/types\/post"}],"author":[{"embeddable":true,"href":"https:\/\/www.farakostolna.sk\/index.php?rest_route=\/wp\/v2\/users\/7"}],"replies":[{"embeddable":true,"href":"https:\/\/www.farakostolna.sk\/index.php?rest_route=%2Fwp%2Fv2%2Fcomments&post=5815"}],"version-history":[{"count":0,"href":"https:\/\/www.farakostolna.sk\/index.php?rest_route=\/wp\/v2\/posts\/5815\/revisions"}],"wp:featuredmedia":[{"embeddable":true,"href":"https:\/\/www.farakostolna.sk\/index.php?rest_route=\/"}],"wp:attachment":[{"href":"https:\/\/www.farakostolna.sk\/index.php?rest_route=%2Fwp%2Fv2%2Fmedia&parent=5815"}],"wp:term":[{"taxonomy":"category","embeddable":true,"href":"https:\/\/www.farakostolna.sk\/index.php?rest_route=%2Fwp%2Fv2%2Fcategories&post=5815"},{"taxonomy":"post_tag","embeddable":true,"href":"https:\/\/www.farakostolna.sk\/index.php?rest_route=%2Fwp%2Fv2%2Ftags&post=5815"}],"curies":[{"name":"wp","href":"https:\/\/api.w.org\/{rel}","templated":true}]}}