{"id":5812,"date":"2021-12-08T20:56:06","date_gmt":"2021-12-08T20:56:06","guid":{"rendered":"http:\/\/kostolna.fara.sk\/?p=5812"},"modified":"2021-12-08T20:56:06","modified_gmt":"2021-12-08T20:56:06","slug":"sv-omsa-z-kostolnej-pri-dunaji-08-12-2021","status":"publish","type":"post","link":"https:\/\/www.farakostolna.sk\/?p=5812","title":{"rendered":"Sv. om\u0161a z Kostolnej pri Dunaji (08.12.2021)"},"content":{"rendered":"\n\t\t\t\t\n\t\t\t\t\n<div class=\"wp-block-image\"><figure class=\"alignleft is-resized\"><img loading=\"lazy\" decoding=\"async\" src=\"http:\/\/kostolna.fara.sk\/wp-content\/uploads\/2020\/12\/WhatsApp-Image-2020-12-08-at-20.36.07.jpeg\" alt=\"\" class=\"wp-image-5098\" width=\"270\" height=\"382\"\/><\/figure><\/div>\n\n\n\n<p>Prin\u00e1\u0161ame V\u00e1m obrazov\u00fd z\u00e1znam sv. om\u0161e, ktor\u00e1 bola sl\u00e1ven\u00e1 08.12.2021 na Sl\u00e1vnos\u0165 Nepo\u0161kvrnen\u00e9ho po\u010datia Panny M\u00e1rie v na\u0161om farskom kostole v Kostolnej pri Dunaji:<br><br><a href=\"https:\/\/www.facebook.com\/fara.kostolna\/videos\/315198643625232\/\">\u2013 o 18:00 v slovenskom jazyku<\/a><\/p>\n\t\t\t\t","protected":false},"excerpt":{"rendered":"<p>Prin\u00e1\u0161ame V\u00e1m obrazov\u00fd z\u00e1znam sv. om\u0161e, ktor\u00e1 bola sl\u00e1ven\u00e1 08.12.2021 na Sl\u00e1vnos\u0165 Nepo\u0161kvrnen\u00e9ho po\u010datia Panny M\u00e1rie v na\u0161om farskom kostole v Kostolnej pri Dunaji: \u2013 o 18:00 v slovenskom jazyku<\/p>\n","protected":false},"author":7,"featured_media":5098,"comment_status":"closed","ping_status":"closed","sticky":false,"template":"","format":"standard","meta":{"footnotes":""},"categories":[17],"tags":[],"class_list":{"0":"entry","1":"post","2":"publish","3":"author-slado89gmail-com","4":"has-excerpt","5":"post-5812","7":"format-standard","8":"has-post-thumbnail","9":"category-sv-omsa"},"_links":{"self":[{"href":"https:\/\/www.farakostolna.sk\/index.php?rest_route=\/wp\/v2\/posts\/5812","targetHints":{"allow":["GET"]}}],"collection":[{"href":"https:\/\/www.farakostolna.sk\/index.php?rest_route=\/wp\/v2\/posts"}],"about":[{"href":"https:\/\/www.farakostolna.sk\/index.php?rest_route=\/wp\/v2\/types\/post"}],"author":[{"embeddable":true,"href":"https:\/\/www.farakostolna.sk\/index.php?rest_route=\/wp\/v2\/users\/7"}],"replies":[{"embeddable":true,"href":"https:\/\/www.farakostolna.sk\/index.php?rest_route=%2Fwp%2Fv2%2Fcomments&post=5812"}],"version-history":[{"count":0,"href":"https:\/\/www.farakostolna.sk\/index.php?rest_route=\/wp\/v2\/posts\/5812\/revisions"}],"wp:featuredmedia":[{"embeddable":true,"href":"https:\/\/www.farakostolna.sk\/index.php?rest_route=\/"}],"wp:attachment":[{"href":"https:\/\/www.farakostolna.sk\/index.php?rest_route=%2Fwp%2Fv2%2Fmedia&parent=5812"}],"wp:term":[{"taxonomy":"category","embeddable":true,"href":"https:\/\/www.farakostolna.sk\/index.php?rest_route=%2Fwp%2Fv2%2Fcategories&post=5812"},{"taxonomy":"post_tag","embeddable":true,"href":"https:\/\/www.farakostolna.sk\/index.php?rest_route=%2Fwp%2Fv2%2Ftags&post=5812"}],"curies":[{"name":"wp","href":"https:\/\/api.w.org\/{rel}","templated":true}]}}