{"id":5804,"date":"2021-12-03T20:35:06","date_gmt":"2021-12-03T20:35:06","guid":{"rendered":"http:\/\/kostolna.fara.sk\/?p=5804"},"modified":"2021-12-03T20:35:06","modified_gmt":"2021-12-03T20:35:06","slug":"farske-oznamy-a-zamyslenie-05-12-2021","status":"publish","type":"post","link":"https:\/\/www.farakostolna.sk\/?p=5804","title":{"rendered":"Farsk\u00e9 oznamy a zamyslenie (05.12.2021)"},"content":{"rendered":"\n\t\t\t\t\n\t\t\t\t\n<div class=\"wp-block-image\"><figure class=\"alignleft is-resized\"><img loading=\"lazy\" decoding=\"async\" src=\"http:\/\/kostolna.fara.sk\/wp-content\/uploads\/2021\/12\/image-asset.jpeg\" alt=\"\" class=\"wp-image-5805\" width=\"474\" height=\"355\"\/><\/figure><\/div>\n\n\n\n<p>&#8220;Ale im ten J\u00e1n nalo\u017eil&#8221;, to sa v n\u00e1s neraz ozve. A n\u00e1s sa to net\u00fdka? Ve\u010f to je odkaz pre v\u0161etk\u00fdch. Pripravi\u0165 cestu P\u00e1novi. &#8220;Vyrovna\u0165 si \u00fa\u010dty&#8221; cez odpustenie hriechov nielen v spovedi. Chce to v\u0161ak na\u0161u pokoru, tam by sme mali za\u010da\u0165 &#8211; priznan\u00edm, \u017ee nie\u010do nie je &#8220;rovn\u00e9&#8221;.<\/p>\n\n\n<p><!--more--><\/p>\n\n\n<p><strong>Duchovn\u00e1 slu\u017eba vo farnosti:<\/strong><\/p>\n\n\n\n<p><strong>V tomto \u010dase som tu pre v\u00e1s denne (okrem pondelka), aby som v\u00e1m vysl\u00fa\u017eil sv\u00e4t\u00e9 prij\u00edmanie, pon\u00fakol sv\u00e4t\u00fa spove\u010f, alebo rozhovor. Od utorka do soboty v\u017edy od 15:00 do 17:00 a v&nbsp;nedele od 13:00 do 15:00 v&nbsp;Kostolnej na farskom dvore pod pr\u00edstre\u0161kom. <\/strong><\/p>\n\n\n\n<p>V tom istom \u010dase je v&nbsp;kostole tich\u00e1, individu\u00e1lna ador\u00e1cia.<\/p>\n\n\n\n<p><strong>Nede\u013en\u00e9 sv\u00e4t\u00e9 om\u0161e sa vysielaj\u00fa online cez <\/strong><a href=\"https:\/\/www.facebook.com\/fara.kostolna\"><strong>FB Fara Kostoln\u00e1<\/strong><\/a><strong> o&nbsp;9:30 v&nbsp;ma\u010farskom a&nbsp;o&nbsp;11:00 v&nbsp;slovenskom jazyku. <\/strong><\/p>\n\n\n\n<p><strong>V stredu, 8. decembra, na sviatok Nepo\u0161kvrnen\u00e9ho Po\u010datia Panny M\u00e1rie, bud\u00fa sv\u00e4t\u00e9 om\u0161e tie\u017e online. O 17:00 v ma\u010farskom a o 18:00 v slovenskom jazyku. <\/strong><\/p>\n\n\n\n<p>Cez t\u00fd\u017ede\u0148 sl\u00fa\u017eim sv\u00e4t\u00e9 om\u0161e ako boli nahl\u00e1sen\u00e9. V&nbsp;pr\u00edpade ot\u00e1zok ma nev\u00e1hajte telefonicky kontaktova\u0165. <\/p>\n\n\n\n<p>O t\u00fd\u017ede\u0148 v sobotu (11.12.) bude od 9:00 do 11:00 spoveda\u0165 v Kostolnej na farskom dvore vdp. Eugen Matus. M\u00f4\u017eete vyu\u017ei\u0165 aj t\u00fato pr\u00edle\u017eitos\u0165. <\/p>\n\n\n\n<p>Napriek tomu, \u017ee minul\u00fa nede\u013eu neboli verejn\u00e9 sv\u00e4t\u00e9 om\u0161e, ste na zbierku pre charitu prispeli spolu 195 \u20ac. Peniaze som e\u0161te v utorok preposlal na dan\u00fd \u00fa\u010det. <\/p>\n\n\n\n<p><strong>V t\u00fato nede\u013eu do na\u0161ej farnosti zav\u00edta sv\u00e4t\u00fd Mikul\u00e1\u0161. Dobr\u00e9 deti dostan\u00fa bal\u00ed\u010dek od sv. Mikul\u00e1\u0161a v Kostolnej pod pr\u00edstre\u0161kom poobede v \u010dase rozd\u00e1vania sv\u00e4t\u00e9ho prij\u00edmania. Kto bude chcie\u0165, m\u00f4\u017ee sv. Mikul\u00e1\u0161ovi pom\u00f4c\u0165 na mieste do osobitnej pokladni\u010dky. <\/strong><\/p>\n\n\n\n<p>Som tu pre V\u00c1S! <br>V pr\u00edpade potreby ma nev\u00e1hajte kontaktova\u0165 &#8211; 0902 359 859. <\/p>\n\n\n\n<p>S \u00factou, <br>Pavol Gajdo\u0161, v\u00e1\u0161 far\u00e1r<\/p>\n\t\t\t\t","protected":false},"excerpt":{"rendered":"<p>&#8220;Ale im ten J\u00e1n nalo\u017eil&#8221;, to sa v n\u00e1s neraz ozve. A n\u00e1s sa to net\u00fdka? Ve\u010f to je odkaz pre v\u0161etk\u00fdch. Pripravi\u0165 cestu P\u00e1novi. &#8220;Vyrovna\u0165 si \u00fa\u010dty&#8221; cez odpustenie hriechov nielen v spovedi. Chce to v\u0161ak na\u0161u pokoru, tam by sme mali za\u010da\u0165 &#8211; priznan\u00edm, \u017ee nie\u010do nie je &#8220;rovn\u00e9&#8221;.<\/p>\n","protected":false},"author":7,"featured_media":5805,"comment_status":"closed","ping_status":"closed","sticky":false,"template":"","format":"standard","meta":{"footnotes":""},"categories":[13],"tags":[],"class_list":{"0":"entry","1":"post","2":"publish","3":"author-slado89gmail-com","4":"has-excerpt","5":"has-more-link","6":"post-5804","8":"format-standard","9":"has-post-thumbnail","10":"category-oznamy"},"_links":{"self":[{"href":"https:\/\/www.farakostolna.sk\/index.php?rest_route=\/wp\/v2\/posts\/5804","targetHints":{"allow":["GET"]}}],"collection":[{"href":"https:\/\/www.farakostolna.sk\/index.php?rest_route=\/wp\/v2\/posts"}],"about":[{"href":"https:\/\/www.farakostolna.sk\/index.php?rest_route=\/wp\/v2\/types\/post"}],"author":[{"embeddable":true,"href":"https:\/\/www.farakostolna.sk\/index.php?rest_route=\/wp\/v2\/users\/7"}],"replies":[{"embeddable":true,"href":"https:\/\/www.farakostolna.sk\/index.php?rest_route=%2Fwp%2Fv2%2Fcomments&post=5804"}],"version-history":[{"count":0,"href":"https:\/\/www.farakostolna.sk\/index.php?rest_route=\/wp\/v2\/posts\/5804\/revisions"}],"wp:featuredmedia":[{"embeddable":true,"href":"https:\/\/www.farakostolna.sk\/index.php?rest_route=\/"}],"wp:attachment":[{"href":"https:\/\/www.farakostolna.sk\/index.php?rest_route=%2Fwp%2Fv2%2Fmedia&parent=5804"}],"wp:term":[{"taxonomy":"category","embeddable":true,"href":"https:\/\/www.farakostolna.sk\/index.php?rest_route=%2Fwp%2Fv2%2Fcategories&post=5804"},{"taxonomy":"post_tag","embeddable":true,"href":"https:\/\/www.farakostolna.sk\/index.php?rest_route=%2Fwp%2Fv2%2Ftags&post=5804"}],"curies":[{"name":"wp","href":"https:\/\/api.w.org\/{rel}","templated":true}]}}