{"id":5791,"date":"2021-11-26T20:42:20","date_gmt":"2021-11-26T20:42:20","guid":{"rendered":"http:\/\/kostolna.fara.sk\/?p=5791"},"modified":"2021-11-26T20:42:20","modified_gmt":"2021-11-26T20:42:20","slug":"farske-oznamy-a-zamyslenie-28-11-2021","status":"publish","type":"post","link":"https:\/\/www.farakostolna.sk\/?p=5791","title":{"rendered":"Farsk\u00e9 oznamy a zamyslenie (28.11.2021)"},"content":{"rendered":"\n\t\t\t\t\n\t\t\t\t\n<div class=\"wp-block-image\"><figure class=\"alignleft\"><img decoding=\"async\" src=\"http:\/\/kostolna.fara.sk\/wp-content\/uploads\/2021\/11\/WhatsApp-Image-2021-11-26-at-20.27.13.jpeg\" alt=\"\" class=\"wp-image-5792\"\/><\/figure><\/div>\n\n\n\n<p>Pozn\u00e1te detsk\u00fd sp\u00f4sob skr\u00fdva\u010dky, ke\u010f si zakryj\u00fa o\u010di, aby sme ich nevideli? Niekedy to hr\u00e1me aj my dospel\u00ed, ke\u010f nejdeme k lek\u00e1rovi, aby sme sa nedozvedeli (krut\u00fa) pravdu. Podobne sa hr\u00e1me t\u00fato hru s Bohom, ke\u010f nechceme po\u010du\u0165 pravdu o sebe a st\u00e1le sa domnievame, \u017ee m\u00e1me e\u0161te dostatok \u010dasu a &#8220;nem\u00e1me hriechy&#8221;. Je\u017ei\u0161 n\u00e1s v\u0161ak opakovane varuje, aby sme nepod\u013eahli svetsk\u00fdm l\u00e1kadl\u00e1m, ale aby sme boli pripraven\u00ed postavi\u0165 sa vzpriamene pred Sudcu. Po\u010d\u00favame ho, alebo si zapch\u00e1vame u\u0161i?<\/p>\n\n\n<p><!--more--><\/p>\n\n\n<p>Pozvanie k vyu\u017e\u00edvaniu esenci\u00e1lnych duchovn\u00fdch slu\u017eieb:<\/p>\n\n\n\n<p>V tomto \u010dase tu budem pre v\u00e1s denne (okrem pondelka) k dispoz\u00edcii, aby som v\u00e1m vysl\u00fa\u017eil <strong>sv\u00e4t\u00e9 prij\u00edmanie, <\/strong>pon\u00fakol<strong> sv\u00e4t\u00fa spove\u010f, alebo rozhovor. Od utorka do soboty v\u017edy od 15:00 do 17:00 a v nedele od 13:00 do 15:00 v Kostolnej na farskom dvore pod pr\u00edstre\u0161kom. <\/strong><\/p>\n\n\n\n<p>V tom istom \u010dase bude v&nbsp;kostole tich\u00e1, individu\u00e1lna ador\u00e1cia.<\/p>\n\n\n\n<p><strong>Nede\u013en\u00e9 sv\u00e4t\u00e9 om\u0161e<\/strong> budeme pre v\u00e1s po p\u00f3l roku op\u00e4\u0165<strong> vysiela\u0165 online cez FB Fara Kostoln\u00e1 o 9:30 v ma\u010farskom a o 11:00 v slovenskom jazyku. <\/strong>Cez t\u00fd\u017ede\u0148 budem sv\u00e4t\u00e9 om\u0161e sl\u00fa\u017ei\u0165, ako boli nahl\u00e1sen\u00e9. V pr\u00edpade ot\u00e1zok ma nev\u00e1hajte telefonicky kontaktova\u0165. <\/p>\n\n\n\n<p>V t\u00fato sobotu a nede\u013eu si m\u00f4\u017eete prinies\u0165 adventn\u00e9 vence na po\u017eehnanie pod pr\u00edstre\u0161ok. V&nbsp;\u010dase rozd\u00e1vania sv\u00e4t\u00e9ho prij\u00edmania v\u00e1m ich individu\u00e1lne po\u017eehn\u00e1m.<\/p>\n\n\n\n<p>Tento v\u00edkend je mo\u017en\u00e9 v kostoloch (u n\u00e1s aj pod pr\u00edstre\u0161kom) prispie\u0165 na jesenn\u00fa zbierku na charitu. <\/p>\n\n\n\n<p>Chor\u00fdch budem spoveda\u0165 po domoch (na po\u017eiadanie) najbli\u017e\u0161\u00ed&nbsp;piatok v&nbsp;Kostolnej od 8:00 do 10:00 a&nbsp;v Hrubom \u0160\u00fare od 10:00 do 12:00. T\u00e1to spove\u010f sa bude r\u00e1ta\u0165 u\u017e ako viano\u010dn\u00e1.<\/p>\n\n\n\n<p>Na\u0161u farnos\u0165 aj tento rok nav\u0161t\u00edvi sv\u00e4t\u00fd Mikul\u00e1\u0161. V&nbsp;r\u00e1mci teraj\u0161\u00edch opatren\u00ed je s&nbsp;n\u00edm dohodnut\u00e9, \u017ee nech\u00e1 bal\u00ed\u010dky pre dobr\u00e9 deti bud\u00faci v\u00edkend pod pr\u00edstre\u0161kom, aby si ich mohli prevzia\u0165 v&nbsp;\u010dase rozd\u00e1vania sv\u00e4t\u00e9ho prij\u00edmania.<\/p>\n\n\n\n<p>Som tu pre V\u00c1S! <br>V pr\u00edpade potreby ma nev\u00e1hajte kontaktova\u0165 &#8211; 0902 359 859. <\/p>\n\n\n\n<p>S \u00factou, <br>Pavol Gajdo\u0161, v\u00e1\u0161 far\u00e1r<\/p>\n\t\t\t\t","protected":false},"excerpt":{"rendered":"<p>Pozn\u00e1te detsk\u00fd sp\u00f4sob skr\u00fdva\u010dky, ke\u010f si zakryj\u00fa o\u010di, aby sme ich nevideli? Niekedy to hr\u00e1me aj my dospel\u00ed, ke\u010f nejdeme k lek\u00e1rovi, aby sme sa nedozvedeli (krut\u00fa) pravdu. Podobne sa hr\u00e1me t\u00fato hru s Bohom, ke\u010f nechceme po\u010du\u0165 pravdu o sebe a st\u00e1le sa domnievame, \u017ee m\u00e1me e\u0161te dostatok \u010dasu a &#8220;nem\u00e1me hriechy&#8221;. Je\u017ei\u0161 n\u00e1s &#8230; <span class=\"more\"><a class=\"more-link\" href=\"https:\/\/www.farakostolna.sk\/?p=5791\">[\u010c\u00edta\u0165 \u010falej&#8230;]<\/a><\/span><\/p>\n","protected":false},"author":7,"featured_media":5792,"comment_status":"closed","ping_status":"closed","sticky":false,"template":"","format":"standard","meta":{"footnotes":""},"categories":[13],"tags":[],"class_list":{"0":"entry","1":"post","2":"publish","3":"author-slado89gmail-com","4":"has-excerpt","5":"has-more-link","6":"post-5791","8":"format-standard","9":"has-post-thumbnail","10":"category-oznamy"},"_links":{"self":[{"href":"https:\/\/www.farakostolna.sk\/index.php?rest_route=\/wp\/v2\/posts\/5791","targetHints":{"allow":["GET"]}}],"collection":[{"href":"https:\/\/www.farakostolna.sk\/index.php?rest_route=\/wp\/v2\/posts"}],"about":[{"href":"https:\/\/www.farakostolna.sk\/index.php?rest_route=\/wp\/v2\/types\/post"}],"author":[{"embeddable":true,"href":"https:\/\/www.farakostolna.sk\/index.php?rest_route=\/wp\/v2\/users\/7"}],"replies":[{"embeddable":true,"href":"https:\/\/www.farakostolna.sk\/index.php?rest_route=%2Fwp%2Fv2%2Fcomments&post=5791"}],"version-history":[{"count":0,"href":"https:\/\/www.farakostolna.sk\/index.php?rest_route=\/wp\/v2\/posts\/5791\/revisions"}],"wp:featuredmedia":[{"embeddable":true,"href":"https:\/\/www.farakostolna.sk\/index.php?rest_route=\/"}],"wp:attachment":[{"href":"https:\/\/www.farakostolna.sk\/index.php?rest_route=%2Fwp%2Fv2%2Fmedia&parent=5791"}],"wp:term":[{"taxonomy":"category","embeddable":true,"href":"https:\/\/www.farakostolna.sk\/index.php?rest_route=%2Fwp%2Fv2%2Fcategories&post=5791"},{"taxonomy":"post_tag","embeddable":true,"href":"https:\/\/www.farakostolna.sk\/index.php?rest_route=%2Fwp%2Fv2%2Ftags&post=5791"}],"curies":[{"name":"wp","href":"https:\/\/api.w.org\/{rel}","templated":true}]}}