{"id":5788,"date":"2021-11-25T06:47:37","date_gmt":"2021-11-25T06:47:37","guid":{"rendered":"http:\/\/kostolna.fara.sk\/?p=5788"},"modified":"2021-11-25T06:47:37","modified_gmt":"2021-11-25T06:47:37","slug":"esencialne-sluzby","status":"publish","type":"post","link":"https:\/\/www.farakostolna.sk\/?p=5788","title":{"rendered":"Esenci\u00e1lne slu\u017eby"},"content":{"rendered":"\n\t\t\t\t\n\t\t\t\t\n<div class=\"wp-block-image\"><figure class=\"alignleft is-resized\"><img loading=\"lazy\" decoding=\"async\" src=\"http:\/\/kostolna.fara.sk\/wp-content\/uploads\/2021\/11\/WhatsApp-Image-2021-11-25-at-05.22.42-1024x768.jpeg\" alt=\"\" class=\"wp-image-5789\" width=\"468\" height=\"351\"\/><\/figure><\/div>\n\n\n\n<p>Nepon\u00fakam psie \u017er\u00e1dlo, granule, ani kondicion\u00e9r na vlasy\u2026 Pre z\u00e1ujemcov individu\u00e1lnym sp\u00f4sobom vysl\u00fa\u017eim Eucharistick\u00e9ho Krista, sviatos\u0165 zmierenia, rozhovor\u2026 dnes, zajtra (25.-26.11.) v r\u00e1mci zdravotnej vych\u00e1dzky za pr\u00edsnych protipandemick\u00fdch opatren\u00ed &#8211; dezinfekcia, odstupy\u2026 vonku pod pr\u00edstre\u0161kom od 16:00 do 17:00. V \u010fal\u0161\u00edch d\u0148och \u010das pred\u013a\u017eim, e\u0161te upresn\u00edm.<\/p>\n\n\n<p><!--more--><\/p>\n\n\n<p>Som tu pre V\u00c1S.<br>Pavol Gajdo\u0161, v\u00e1\u0161 far\u00e1r<\/p>\n\t\t\t\t","protected":false},"excerpt":{"rendered":"<p>Nepon\u00fakam psie \u017er\u00e1dlo, granule, ani kondicion\u00e9r na vlasy\u2026 Pre z\u00e1ujemcov individu\u00e1lnym sp\u00f4sobom vysl\u00fa\u017eim Eucharistick\u00e9ho Krista, sviatos\u0165 zmierenia, rozhovor\u2026 dnes, zajtra (25.-26.11.) v r\u00e1mci zdravotnej vych\u00e1dzky za pr\u00edsnych protipandemick\u00fdch opatren\u00ed &#8211; dezinfekcia, odstupy\u2026 vonku pod pr\u00edstre\u0161kom od 16:00 do 17:00. V \u010fal\u0161\u00edch d\u0148och \u010das pred\u013a\u017eim, e\u0161te upresn\u00edm.<\/p>\n","protected":false},"author":7,"featured_media":5789,"comment_status":"closed","ping_status":"closed","sticky":false,"template":"","format":"standard","meta":{"footnotes":""},"categories":[13],"tags":[],"class_list":{"0":"entry","1":"post","2":"publish","3":"author-slado89gmail-com","4":"has-excerpt","5":"has-more-link","6":"post-5788","8":"format-standard","9":"has-post-thumbnail","10":"category-oznamy"},"_links":{"self":[{"href":"https:\/\/www.farakostolna.sk\/index.php?rest_route=\/wp\/v2\/posts\/5788","targetHints":{"allow":["GET"]}}],"collection":[{"href":"https:\/\/www.farakostolna.sk\/index.php?rest_route=\/wp\/v2\/posts"}],"about":[{"href":"https:\/\/www.farakostolna.sk\/index.php?rest_route=\/wp\/v2\/types\/post"}],"author":[{"embeddable":true,"href":"https:\/\/www.farakostolna.sk\/index.php?rest_route=\/wp\/v2\/users\/7"}],"replies":[{"embeddable":true,"href":"https:\/\/www.farakostolna.sk\/index.php?rest_route=%2Fwp%2Fv2%2Fcomments&post=5788"}],"version-history":[{"count":0,"href":"https:\/\/www.farakostolna.sk\/index.php?rest_route=\/wp\/v2\/posts\/5788\/revisions"}],"wp:featuredmedia":[{"embeddable":true,"href":"https:\/\/www.farakostolna.sk\/index.php?rest_route=\/"}],"wp:attachment":[{"href":"https:\/\/www.farakostolna.sk\/index.php?rest_route=%2Fwp%2Fv2%2Fmedia&parent=5788"}],"wp:term":[{"taxonomy":"category","embeddable":true,"href":"https:\/\/www.farakostolna.sk\/index.php?rest_route=%2Fwp%2Fv2%2Fcategories&post=5788"},{"taxonomy":"post_tag","embeddable":true,"href":"https:\/\/www.farakostolna.sk\/index.php?rest_route=%2Fwp%2Fv2%2Ftags&post=5788"}],"curies":[{"name":"wp","href":"https:\/\/api.w.org\/{rel}","templated":true}]}}