{"id":5782,"date":"2021-11-19T22:47:07","date_gmt":"2021-11-19T22:47:07","guid":{"rendered":"http:\/\/kostolna.fara.sk\/?p=5782"},"modified":"2021-11-19T22:47:07","modified_gmt":"2021-11-19T22:47:07","slug":"farske-oznamy-a-zamyslenie-21-11-2021","status":"publish","type":"post","link":"https:\/\/www.farakostolna.sk\/?p=5782","title":{"rendered":"Farsk\u00e9 oznamy a zamyslenie (21.11.2021)"},"content":{"rendered":"\n\t\t\t\t\n\t\t\t\t\n<div class=\"wp-block-image\"><figure class=\"alignleft is-resized\"><img loading=\"lazy\" decoding=\"async\" src=\"http:\/\/kostolna.fara.sk\/wp-content\/uploads\/2021\/11\/pictures_of_jesus_crown_thorns-1-1024x683.jpeg\" alt=\"\" class=\"wp-image-5783\" width=\"417\" height=\"277\"\/><\/figure><\/div>\n\n\n\n<p>A princ si zobral za \u017eenu princezn\u00fa a kra\u013eovali spolu a\u017e do smrti. Je\u017ei\u0161ovo korunovanie a kra\u013eovanie bolo a je \u00faplne in\u00e9, ako sn\u00edvali cel\u00e9 gener\u00e1cie a mo\u017eno e\u0161te aj sn\u00edvaj\u00fa. Uznali sme ho aj my osobne za svojho Kr\u00e1\u013ea alebo na jeho tr\u00f3ne sed\u00ed niekto alebo nie\u010do in\u00e9? Ak sa chceme hl\u00e1si\u0165 k Je\u017ei\u0161ovi, tak mus\u00edme bra\u0165 nielen jeho triumf, ale aj boles\u0165 a utrpenie, ktor\u00e9 za n\u00e1s podst\u00fapil &#8211; Kr\u00e1\u013e.<\/p>\n\n\n<p><!--more--><\/p>\n\n\n<p><strong>Sv\u00e4t\u00e9 om\u0161e u n\u00e1s:<\/strong><\/p>\n\n\n\n<p><strong>sobota \u2013 20. novembra (s nede\u013enou platnos\u0165ou)<\/strong><\/p>\n\n\n\n<ul class=\"wp-block-list\"><li><strong>16:00 \u2013 Hrub\u00fd \u0160\u00far \u2013 (ma\u010f.)<\/strong><\/li><li><strong>17:00 \u2013 Hrub\u00e1 Bor\u0161a \u2013 (slov.\/ma\u010f.)<\/strong><\/li><li><strong>18:00 \u2013 Kostoln\u00e1 \u2013 (slov.)<\/strong><\/li><\/ul>\n\n\n\n<p><strong>nede\u013ea \u2013 21. novembra<\/strong><\/p>\n\n\n\n<ul class=\"wp-block-list\"><li><strong>7:00 \u2013 Kostoln\u00e1 \u2013 (slov.)<\/strong><\/li><li><strong>8:00 \u2013 Hrub\u00fd \u0160\u00far \u2013 (ma\u010f.)<\/strong><\/li><li><strong>9:30 \u2013 Kostoln\u00e1 \u2013 (ma\u010f.)<\/strong><\/li><li><strong>11:00 \u2013 Kostoln\u00e1 \u2013 (slov.)<\/strong><\/li><\/ul>\n\n\n\n<p>Pre va\u0161u bezpe\u010dnos\u0165 s\u00fa pridan\u00e9 sv\u00e4t\u00e9 om\u0161e. V\u0161etky sv\u00e4t\u00e9 om\u0161e s\u00fa nazvu\u010den\u00e9 aj na farskom dvore a pod pr\u00edstre\u0161kom.<\/p>\n\n\n\n<p>Tento t\u00fd\u017ede\u0148 v\u00e1m budem k\u00a0sv\u00e4tej spovedi dispoz\u00edcii v utorok, stredu, \u0161tvrtok a\u00a0v\u00a0piatok od 16:00 do 16:50 v\u00a0Kostolnej pod pr\u00edstre\u0161kom. Okrem toho budem ma\u0165 denne vonku pod pr\u00edstre\u0161kom aj Najsv\u00e4tej\u0161iu Sviatos\u0165 Olt\u00e1rnu. <strong>Sv\u00e4t\u00e9 prij\u00edmanie v\u00e1m viem vysl\u00fa\u017ei\u0165 v\u00a0najbli\u017e\u0161\u00edch t\u00fd\u017ed\u0148och aj vonku: utorok a\u017e piatok 16:00-17:00, v soboty 15:00-15:30 a v nedele 11:45-12:15. <\/strong><\/p>\n\n\n\n<p>Ador\u00e1cia v&nbsp;kostole bude od utorka do piatku od 16:00 do 17:00. <\/p>\n\n\n\n<p>Minulot\u00fd\u017ed\u0148ov\u00e1 dobro\u010dinn\u00e1 Sv\u00e4tomartinsk\u00e1 zbierka vyniesla v&nbsp;na\u0161ej farnosti spolu 801,32 \u20ac. V tomto roku sme \u0148ou podporili v\u00fdstavbu domu pre seniorov, ktor\u00ed nemaj\u00fa prostriedky na obnovu svojich domov, ktor\u00e9 zni\u010dilo torn\u00e1do na Morave.<\/p>\n\n\n\n<p><strong>Tento v\u00edkend je pravideln\u00e1 mesa\u010dn\u00e1 zbierka na opravu farsk\u00e9ho kostola a\u00a0prev\u00e1dzkov\u00e9 n\u00e1klady farnosti. Vopred \u010eakujem. <\/strong><\/p>\n\n\n\n<p><strong>Bud\u00facu sobotu a nede\u013eu po\u017eehn\u00e1vame adventn\u00e9 vence.<\/strong> Na bud\u00faci v\u00edkend je vo v\u0161etk\u00fdch kostoloch jesenn\u00e1 zbierka na charitu.<\/p>\n\n\n\n<p>Parkovanie autami je mo\u017en\u00e9 na farskej z\u00e1hrade s vchodom na konci m\u00faru smerom na Kr\u00e1\u013eov\u00fa. <\/p>\n\n\n\n<p>Obecn\u00fd \u00farad v&nbsp;Kostolnej oznamuje, \u017ee 2. decembra 2021 sa bude da\u0165 zao\u010dkova\u0165 v&nbsp;kult\u00farnom dome. Prihl\u00e1si\u0165 sa treba telefonicky 0948 072 795 alebo mailom. Viac info na str\u00e1nke obce.<\/p>\n\n\n\n<p>Som tu pre V\u00c1S! <br><br>S \u00factou,<br>Pavol Gajdo\u0161, v\u00e1\u0161 far\u00e1r<\/p>\n\t\t\t\t","protected":false},"excerpt":{"rendered":"<p>A princ si zobral za \u017eenu princezn\u00fa a kra\u013eovali spolu a\u017e do smrti. Je\u017ei\u0161ovo korunovanie a kra\u013eovanie bolo a je \u00faplne in\u00e9, ako sn\u00edvali cel\u00e9 gener\u00e1cie a mo\u017eno e\u0161te aj sn\u00edvaj\u00fa. Uznali sme ho aj my osobne za svojho Kr\u00e1\u013ea alebo na jeho tr\u00f3ne sed\u00ed niekto alebo nie\u010do in\u00e9? Ak sa chceme hl\u00e1si\u0165 k Je\u017ei\u0161ovi, &#8230; <span class=\"more\"><a class=\"more-link\" href=\"https:\/\/www.farakostolna.sk\/?p=5782\">[\u010c\u00edta\u0165 \u010falej&#8230;]<\/a><\/span><\/p>\n","protected":false},"author":7,"featured_media":5783,"comment_status":"closed","ping_status":"closed","sticky":false,"template":"","format":"standard","meta":{"footnotes":""},"categories":[13],"tags":[],"class_list":{"0":"entry","1":"post","2":"publish","3":"author-slado89gmail-com","4":"has-excerpt","5":"has-more-link","6":"post-5782","8":"format-standard","9":"has-post-thumbnail","10":"category-oznamy"},"_links":{"self":[{"href":"https:\/\/www.farakostolna.sk\/index.php?rest_route=\/wp\/v2\/posts\/5782","targetHints":{"allow":["GET"]}}],"collection":[{"href":"https:\/\/www.farakostolna.sk\/index.php?rest_route=\/wp\/v2\/posts"}],"about":[{"href":"https:\/\/www.farakostolna.sk\/index.php?rest_route=\/wp\/v2\/types\/post"}],"author":[{"embeddable":true,"href":"https:\/\/www.farakostolna.sk\/index.php?rest_route=\/wp\/v2\/users\/7"}],"replies":[{"embeddable":true,"href":"https:\/\/www.farakostolna.sk\/index.php?rest_route=%2Fwp%2Fv2%2Fcomments&post=5782"}],"version-history":[{"count":0,"href":"https:\/\/www.farakostolna.sk\/index.php?rest_route=\/wp\/v2\/posts\/5782\/revisions"}],"wp:featuredmedia":[{"embeddable":true,"href":"https:\/\/www.farakostolna.sk\/index.php?rest_route=\/"}],"wp:attachment":[{"href":"https:\/\/www.farakostolna.sk\/index.php?rest_route=%2Fwp%2Fv2%2Fmedia&parent=5782"}],"wp:term":[{"taxonomy":"category","embeddable":true,"href":"https:\/\/www.farakostolna.sk\/index.php?rest_route=%2Fwp%2Fv2%2Fcategories&post=5782"},{"taxonomy":"post_tag","embeddable":true,"href":"https:\/\/www.farakostolna.sk\/index.php?rest_route=%2Fwp%2Fv2%2Ftags&post=5782"}],"curies":[{"name":"wp","href":"https:\/\/api.w.org\/{rel}","templated":true}]}}