{"id":5778,"date":"2021-11-12T22:04:12","date_gmt":"2021-11-12T22:04:12","guid":{"rendered":"http:\/\/kostolna.fara.sk\/?p=5778"},"modified":"2021-11-12T22:04:12","modified_gmt":"2021-11-12T22:04:12","slug":"farske-oznamy-a-zamyslenie-14-11-2021","status":"publish","type":"post","link":"https:\/\/www.farakostolna.sk\/?p=5778","title":{"rendered":"Farsk\u00e9 oznamy a zamyslenie (14.11.2021)"},"content":{"rendered":"\n\t\t\t\t\n\t\t\t\t\n<div class=\"wp-block-image\"><figure class=\"alignleft is-resized\"><img loading=\"lazy\" decoding=\"async\" src=\"http:\/\/kostolna.fara.sk\/wp-content\/uploads\/2021\/11\/WhatsApp-Image-2021-11-12-at-22.54.17.jpeg\" alt=\"\" class=\"wp-image-5779\" width=\"413\" height=\"310\"\/><\/figure><\/div>\n\n\n\n<p>Koniec \u010dasov, \u010di koniec sveta fascinuje \u013eud\u00ed odd\u00e1vna, sna\u017e\u00edme sa \u010d\u00edta\u0165 &#8220;znamenia&#8221; \u010dias, niekedy to a\u017e preh\u00e1\u0148ame. Zab\u00fadame v\u0161ak na ten individu\u00e1lny koniec a na pr\u00edpravu na\u0148. Namiesto strachu a m\u00e1rnosti bytia n\u00e1m Boh pon\u00faka naplnenie n\u00e1\u0161ho \u017eivota a jeho smerovanie &#8211; len v \u0148om m\u00f4\u017eeme dosiahnu\u0165 skuto\u010dn\u00fa plnos\u0165. Neust\u00e1le dost\u00e1vame ind\u00edcie. Je na n\u00e1s, \u010di sa stratia v hluku sveta alebo ich za\u010dneme zbiera\u0165 a sklada\u0165 z nich odkaz Boha pre n\u00e1s o tom, ak\u00fd m\u00e1 s nami pl\u00e1n.<\/p>\n\n\n<p><!--more--><\/p>\n\n\n<p><strong>Pozvanie na sv\u00e4t\u00e9 om\u0161e:<\/strong><\/p>\n\n\n\n<p><strong>sobota \u2013 13. novembra (s nede\u013enou platnos\u0165ou)<\/strong><\/p>\n\n\n\n<ul class=\"wp-block-list\"><li><strong>16:00 \u2013 Hrub\u00fd \u0160\u00far \u2013 (ma\u010f.)<\/strong><\/li><li><strong>17:00 \u2013 Hrub\u00e1 Bor\u0161a \u2013 (slov.\/ma\u010f.)<\/strong><\/li><li><strong>18:00 \u2013 Kostoln\u00e1 \u2013 (slov.)<\/strong><\/li><\/ul>\n\n\n\n<p><strong>nede\u013ea \u2013 14. novembra <\/strong><\/p>\n\n\n\n<ul class=\"wp-block-list\"><li><strong>7:00 \u2013 Kostoln\u00e1 \u2013 (slov.)<\/strong><\/li><li><strong>8:00 \u2013 Hrub\u00fd \u0160\u00far \u2013 (ma\u010f.)<\/strong><\/li><li><strong>9:30 \u2013 Kostoln\u00e1 \u2013 (ma\u010f.)<\/strong><\/li><li><strong>11:00 \u2013 Kostoln\u00e1 \u2013 (slov.)<\/strong><\/li><\/ul>\n\n\n\n<p>Pre va\u0161u bezpe\u010dnos\u0165 s\u00fa pridan\u00e9 sv\u00e4t\u00e9 om\u0161e. Aj po\u010das najbli\u017e\u0161\u00edch dn\u00ed bud\u00fa sv\u00e4t\u00e9 om\u0161e v Kostolnej denne v&nbsp;slovenskom aj ma\u010farskom jazyku. Plnomocn\u00e9 odpustky pre du\u0161e v&nbsp;o\u010distci mo\u017eno z\u00edska\u0165 po cel\u00fd mesiac november. (8 dn\u00ed, nemusia by\u0165 za sebou.) Okrem n\u00e1v\u0161tevy cintor\u00edna a&nbsp;modlitieb treba by\u0165 v&nbsp;stave posv\u00e4cuj\u00facej milosti. <\/p>\n\n\n\n<p>Tento t\u00fd\u017ede\u0148 v\u00e1m budem k&nbsp;sv\u00e4tej spovedi op\u00e4\u0165 dispoz\u00edcii v utorok, stredu, \u0161tvrtok a&nbsp;v&nbsp;piatok od 16:00 do 16:50 v&nbsp;Kostolnej pod pr\u00edstre\u0161kom.  <\/p>\n\n\n\n<p>Ador\u00e1cia bude tie\u017e od utorka do piatku v&nbsp;kostole od 16:00 do 17:00.<\/p>\n\n\n\n<p>V stredu o 18:00 bude v Kostolnej sv\u00e4t\u00e1 om\u0161a so zrete\u013eom pre deti v ma\u010farskom jazyku. <\/p>\n\n\n\n<p>V piatok bude v Kostolnej po sv\u00e4tej om\u0161i modlitba chv\u00e1l so za\u010diatkom 19:30. <\/p>\n\n\n\n<p><strong>Tento v\u00edkend sa kon\u00e1 tradi\u010dn\u00e1 dobro\u010dinn\u00e1 Sv\u00e4tomartinsk\u00e1 zbierka. V tomto roku \u0148ou podpor\u00edme v\u00fdstavbu domu pre seniorov, ktor\u00ed nemaj\u00fa prostriedky na obnovu svojich domov, ktor\u00e9 zni\u010dilo torn\u00e1do na Morave.<\/strong><\/p>\n\n\n\n<p>Bud\u00faci v\u00edkend je pravideln\u00e1 mesa\u010dn\u00e1 zbierka na opravu farsk\u00e9ho kostola. <\/p>\n\n\n\n<p>Sv\u00e4t\u00e9 om\u0161e v Kostolnej (18:00, 9:30 a 11:00) s\u00fa cez v\u00edkendy a sviatky na\u010falej nazvu\u010den\u00e9 aj vonku na farskom dvore, kde s\u00fa pre v\u00e1s k dispoz\u00edcii lavi\u010dky. <\/p>\n\n\n\n<p>Parkovanie autami je mo\u017en\u00e9 na farskej z\u00e1hrade s vchodom na konci m\u00faru smerom na Kr\u00e1\u013eov\u00fa. <\/p>\n\n\n\n<p>S \u00factou,<br>Pavol Gajdo\u0161, v\u00e1\u0161 far\u00e1r<\/p>\n\t\t\t\t","protected":false},"excerpt":{"rendered":"<p>Koniec \u010dasov, \u010di koniec sveta fascinuje \u013eud\u00ed odd\u00e1vna, sna\u017e\u00edme sa \u010d\u00edta\u0165 &#8220;znamenia&#8221; \u010dias, niekedy to a\u017e preh\u00e1\u0148ame. Zab\u00fadame v\u0161ak na ten individu\u00e1lny koniec a na pr\u00edpravu na\u0148. Namiesto strachu a m\u00e1rnosti bytia n\u00e1m Boh pon\u00faka naplnenie n\u00e1\u0161ho \u017eivota a jeho smerovanie &#8211; len v \u0148om m\u00f4\u017eeme dosiahnu\u0165 skuto\u010dn\u00fa plnos\u0165. Neust\u00e1le dost\u00e1vame ind\u00edcie. Je na n\u00e1s, &#8230; <span class=\"more\"><a class=\"more-link\" href=\"https:\/\/www.farakostolna.sk\/?p=5778\">[\u010c\u00edta\u0165 \u010falej&#8230;]<\/a><\/span><\/p>\n","protected":false},"author":7,"featured_media":5779,"comment_status":"closed","ping_status":"closed","sticky":false,"template":"","format":"standard","meta":{"footnotes":""},"categories":[13],"tags":[],"class_list":{"0":"entry","1":"post","2":"publish","3":"author-slado89gmail-com","4":"has-excerpt","5":"has-more-link","6":"post-5778","8":"format-standard","9":"has-post-thumbnail","10":"category-oznamy"},"_links":{"self":[{"href":"https:\/\/www.farakostolna.sk\/index.php?rest_route=\/wp\/v2\/posts\/5778","targetHints":{"allow":["GET"]}}],"collection":[{"href":"https:\/\/www.farakostolna.sk\/index.php?rest_route=\/wp\/v2\/posts"}],"about":[{"href":"https:\/\/www.farakostolna.sk\/index.php?rest_route=\/wp\/v2\/types\/post"}],"author":[{"embeddable":true,"href":"https:\/\/www.farakostolna.sk\/index.php?rest_route=\/wp\/v2\/users\/7"}],"replies":[{"embeddable":true,"href":"https:\/\/www.farakostolna.sk\/index.php?rest_route=%2Fwp%2Fv2%2Fcomments&post=5778"}],"version-history":[{"count":0,"href":"https:\/\/www.farakostolna.sk\/index.php?rest_route=\/wp\/v2\/posts\/5778\/revisions"}],"wp:featuredmedia":[{"embeddable":true,"href":"https:\/\/www.farakostolna.sk\/index.php?rest_route=\/"}],"wp:attachment":[{"href":"https:\/\/www.farakostolna.sk\/index.php?rest_route=%2Fwp%2Fv2%2Fmedia&parent=5778"}],"wp:term":[{"taxonomy":"category","embeddable":true,"href":"https:\/\/www.farakostolna.sk\/index.php?rest_route=%2Fwp%2Fv2%2Fcategories&post=5778"},{"taxonomy":"post_tag","embeddable":true,"href":"https:\/\/www.farakostolna.sk\/index.php?rest_route=%2Fwp%2Fv2%2Ftags&post=5778"}],"curies":[{"name":"wp","href":"https:\/\/api.w.org\/{rel}","templated":true}]}}