{"id":5769,"date":"2021-11-05T21:32:57","date_gmt":"2021-11-05T21:32:57","guid":{"rendered":"http:\/\/kostolna.fara.sk\/?p=5769"},"modified":"2021-11-05T21:32:57","modified_gmt":"2021-11-05T21:32:57","slug":"farske-oznamy-a-zamyslenie-07-11-2021","status":"publish","type":"post","link":"https:\/\/www.farakostolna.sk\/?p=5769","title":{"rendered":"Farsk\u00e9 oznamy a zamyslenie (07.11.2021)"},"content":{"rendered":"\n\t\t\t\t\n\t\t\t\t\n<div class=\"wp-block-image\"><figure class=\"alignleft is-resized\"><img loading=\"lazy\" decoding=\"async\" src=\"http:\/\/kostolna.fara.sk\/wp-content\/uploads\/2021\/11\/WhatsApp-Image-2021-11-05-at-22.11.59-1024x683.jpeg\" alt=\"\" class=\"wp-image-5770\" width=\"481\" height=\"320\"\/><\/figure><\/div>\n\n\n\n<p>Ko\u013eko m\u00e1m da\u0165 a pre\u010do, komu\u2026? Od n\u00e1s v\u0161ak Boh vy\u017eaduje pln\u00fa d\u00f4veru, fiat ako M\u00e1ria, \u010di vdovy <a href=\"https:\/\/lc.kbs.sk\/#20211107,20211106,20211105\">z dne\u0161n\u00fdch \u010d\u00edtan\u00ed.<\/a> Boh vid\u00ed na\u0161e srdce a dok\u00e1\u017ee ho naplni\u0165 viac, ne\u017e si dok\u00e1\u017eeme predstavi\u0165. Je na n\u00e1s, \u010di sa odv\u00e1\u017eime da\u0165 v\u0161etko.<\/p>\n\n\n<p><!--more--><\/p>\n\n\n<p><strong>Pozvanie na sv\u00e4t\u00e9 om\u0161e:<\/strong><\/p>\n\n\n\n<p><strong>sobota \u2013 6. novembra (s nede\u013enou platnos\u0165ou)<\/strong><\/p>\n\n\n\n<ul class=\"wp-block-list\"><li><strong>16:00 \u2013 Hrub\u00fd \u0160\u00far \u2013 (ma\u010f.)<\/strong><\/li><li><strong>17:00 \u2013 Hrub\u00e1 Bor\u0161a \u2013 (slov.\/ma\u010f.)<\/strong><\/li><li><strong>18:00 \u2013 Kostoln\u00e1 \u2013 (slov.)<\/strong><\/li><\/ul>\n\n\n\n<p><strong>nede\u013ea \u2013 7. novembra <\/strong><\/p>\n\n\n\n<ul class=\"wp-block-list\"><li><strong>7:00 \u2013 Kostoln\u00e1 \u2013 (slov.)<\/strong><\/li><li><strong>8:00 \u2013 Hrub\u00fd \u0160\u00far \u2013 (ma\u010f.)<\/strong><\/li><li><strong>9:30 \u2013 Kostoln\u00e1 \u2013 (ma\u010f.)<\/strong><\/li><li><strong>11:00 \u2013 Kostoln\u00e1 \u2013 (slov.)<\/strong><\/li><\/ul>\n\n\n\n<p>Pre va\u0161u bezpe\u010dnos\u0165 s\u00fa pridan\u00e9 sv\u00e4t\u00e9 om\u0161e. Aj po\u010das najbli\u017e\u0161\u00edch dn\u00ed bud\u00fa sv\u00e4t\u00e9 om\u0161e v Kostolnej denne v&nbsp;slovenskom aj ma\u010farskom jazyku. Plnomocn\u00e9 odpustky pre du\u0161e v&nbsp;o\u010distci mo\u017eno z\u00edska\u0165 po cel\u00fd mesiac november. (8 dn\u00ed, nemusia by\u0165 za sebou.) Okrem n\u00e1v\u0161tevy cintor\u00edna a&nbsp;modlitieb treba by\u0165 v&nbsp;stave posv\u00e4cuj\u00facej milosti. <\/p>\n\n\n\n<p>Tento t\u00fd\u017ede\u0148 v\u00e1m budem k&nbsp;sv\u00e4tej spovedi op\u00e4\u0165 dispoz\u00edcii v utorok, stredu, \u0161tvrtok a&nbsp;v&nbsp;piatok od 16:00 do 16:50 v&nbsp;Kostolnej pod pr\u00edstre\u0161kom.  <\/p>\n\n\n\n<p>Ador\u00e1cia bude tie\u017e od utorka do piatku v&nbsp;kostole od 16:00 do 17:00.<\/p>\n\n\n\n<p><strong>Na bud\u00facu nede\u013eu sa bude pri v\u0161etk\u00fdch sv. om\u0161iach kona\u0165 tradi\u010dn\u00e1 dobro\u010dinn\u00e1 Sv\u00e4tomartinsk\u00e1 zbierka. V tomto roku \u0148ou podpor\u00edme v\u00fdstavbu domu pre seniorov, ktor\u00ed nemaj\u00fa prostriedky na obnovu svojich domov, ktor\u00e9 zni\u010dilo torn\u00e1do na Morave.<\/strong><\/p>\n\n\n\n<p>Z predaja svie\u010dok \u201eza nenaroden\u00e9 deti\u201c sme spolu pre \u201eF\u00f3rum \u017eivota\u201c vyzbierali v&nbsp;na\u0161ej farnosti 346,50 \u20ac. <\/p>\n\n\n\n<p>Sv\u00e4t\u00e9 om\u0161e v Kostolnej (18:00, 9:30 a 11:00) s\u00fa cez v\u00edkendy a sviatky na\u010falej nazvu\u010den\u00e9 aj vonku na farskom dvore, kde s\u00fa pre v\u00e1s k dispoz\u00edcii lavi\u010dky. <\/p>\n\n\n\n<p>V stredu o 18:00 bude v Kostolnej sv\u00e4t\u00e1 om\u0161a so zrete\u013eom pre deti v slovenskom jazyku. <\/p>\n\n\n\n<p>Parkovanie autami je mo\u017en\u00e9 na farskej z\u00e1hrade s vchodom na konci m\u00faru smerom na Kr\u00e1\u013eov\u00fa. <\/p>\n\n\n\n<p>Som tu pre V\u00c1S! <\/p>\n\n\n\n<p>S \u00factou,<br>Pavol Gajdo\u0161, v\u00e1\u0161 far\u00e1r<\/p>\n\t\t\t\t","protected":false},"excerpt":{"rendered":"<p>Ko\u013eko m\u00e1m da\u0165 a pre\u010do, komu\u2026? Od n\u00e1s v\u0161ak Boh vy\u017eaduje pln\u00fa d\u00f4veru, fiat ako M\u00e1ria, \u010di vdovy z dne\u0161n\u00fdch \u010d\u00edtan\u00ed. Boh vid\u00ed na\u0161e srdce a dok\u00e1\u017ee ho naplni\u0165 viac, ne\u017e si dok\u00e1\u017eeme predstavi\u0165. Je na n\u00e1s, \u010di sa odv\u00e1\u017eime da\u0165 v\u0161etko.<\/p>\n","protected":false},"author":7,"featured_media":5770,"comment_status":"closed","ping_status":"closed","sticky":false,"template":"","format":"standard","meta":{"footnotes":""},"categories":[13],"tags":[],"class_list":{"0":"entry","1":"post","2":"publish","3":"author-slado89gmail-com","4":"has-excerpt","5":"has-more-link","6":"post-5769","8":"format-standard","9":"has-post-thumbnail","10":"category-oznamy"},"_links":{"self":[{"href":"https:\/\/www.farakostolna.sk\/index.php?rest_route=\/wp\/v2\/posts\/5769","targetHints":{"allow":["GET"]}}],"collection":[{"href":"https:\/\/www.farakostolna.sk\/index.php?rest_route=\/wp\/v2\/posts"}],"about":[{"href":"https:\/\/www.farakostolna.sk\/index.php?rest_route=\/wp\/v2\/types\/post"}],"author":[{"embeddable":true,"href":"https:\/\/www.farakostolna.sk\/index.php?rest_route=\/wp\/v2\/users\/7"}],"replies":[{"embeddable":true,"href":"https:\/\/www.farakostolna.sk\/index.php?rest_route=%2Fwp%2Fv2%2Fcomments&post=5769"}],"version-history":[{"count":0,"href":"https:\/\/www.farakostolna.sk\/index.php?rest_route=\/wp\/v2\/posts\/5769\/revisions"}],"wp:featuredmedia":[{"embeddable":true,"href":"https:\/\/www.farakostolna.sk\/index.php?rest_route=\/"}],"wp:attachment":[{"href":"https:\/\/www.farakostolna.sk\/index.php?rest_route=%2Fwp%2Fv2%2Fmedia&parent=5769"}],"wp:term":[{"taxonomy":"category","embeddable":true,"href":"https:\/\/www.farakostolna.sk\/index.php?rest_route=%2Fwp%2Fv2%2Fcategories&post=5769"},{"taxonomy":"post_tag","embeddable":true,"href":"https:\/\/www.farakostolna.sk\/index.php?rest_route=%2Fwp%2Fv2%2Ftags&post=5769"}],"curies":[{"name":"wp","href":"https:\/\/api.w.org\/{rel}","templated":true}]}}