{"id":5762,"date":"2021-10-29T20:22:41","date_gmt":"2021-10-29T20:22:41","guid":{"rendered":"http:\/\/kostolna.fara.sk\/?p=5762"},"modified":"2021-10-29T20:22:41","modified_gmt":"2021-10-29T20:22:41","slug":"farske-oznamy-a-zamyslenie-31-10-2021","status":"publish","type":"post","link":"https:\/\/www.farakostolna.sk\/?p=5762","title":{"rendered":"Farsk\u00e9 oznamy a zamyslenie (31.10.2021)"},"content":{"rendered":"\n\t\t\t\t\n\t\t\t\t\n<div class=\"wp-block-image\"><figure class=\"alignleft is-resized\"><img loading=\"lazy\" decoding=\"async\" src=\"http:\/\/kostolna.fara.sk\/wp-content\/uploads\/2021\/10\/DDF318C6-6300-4B11-A712-6C007AB3F377-1024x556.jpeg\" alt=\"\" class=\"wp-image-5760\" width=\"451\" height=\"245\"\/><\/figure><\/div>\n\n\n\n<p>Je\u017ei\u0161 dnes dostal d\u00f4le\u017eit\u00fa ot\u00e1zku: &#8220;Ktor\u00e9 prik\u00e1zanie je najd\u00f4le\u017eitej\u0161ie?&#8221; On dal dokonal\u00fa odpove\u010f. Ako by sme odpovedali my? Je t\u00e1to odpove\u010f \u010ditate\u013en\u00e1 nielen z na\u0161ich \u00fast, ale aj z na\u0161ich \u017eivotov? Len skuto\u010dn\u00e1 autenticita v t\u00fdchto dvoch oblastiach &#8211; l\u00e1ske k Bohu a \u013eu\u010fom &#8211; z n\u00e1s rob\u00ed kres\u0165anov, ktor\u00ed nielen\u017ee smeruj\u00fa do Neba, ale pri\u0165ahuj\u00fa tam aj ostatn\u00fdch.<\/p>\n\n\n<p><!--more--><\/p>\n\n\n<p><strong>Pozvanie na sv\u00e4t\u00e9 om\u0161e:<\/strong><\/p>\n\n\n\n<p><b>sobota \u2013 30. okt\u00f3bra (s nede\u013enou platnos\u0165ou)<\/b><\/p>\n\n\n\n<ul class=\"wp-block-list\"><li><b>16:00 \u2013 Hrub\u00fd \u0160\u00far \u2013 (ma\u010f.)<\/b><\/li><li><b>17:00 \u2013 Hrub\u00e1 Bor\u0161a \u2013 (slov.\/ma\u010f.)<\/b><\/li><li><b>18:00 \u2013 Kostoln\u00e1 \u2013 (slov.)<\/b><\/li><\/ul>\n\n\n\n<p><b>nede\u013ea \u2013 31. okt\u00f3bra <\/b><\/p>\n\n\n\n<ul class=\"wp-block-list\"><li><b>7:00 \u2013 Kostoln\u00e1 \u2013 (slov.)<\/b><\/li><li><b>8:00 \u2013 Hrub\u00fd \u0160\u00far \u2013 (ma\u010f.)<\/b><\/li><li><b>9:30 \u2013 Kostoln\u00e1 \u2013 (ma\u010f.)<\/b><\/li><li><b>11:00 \u2013 Kostoln\u00e1 \u2013 (slov.)<\/b><\/li><\/ul>\n\n\n\n<p>Pre va\u0161u bezpe\u010dnos\u0165 s\u00fa pridan\u00e9 sv\u00e4t\u00e9 om\u0161e. Aj po\u010das najbli\u017e\u0161\u00edch dn\u00ed bud\u00fa sv\u00e4t\u00e9 om\u0161e denne v&nbsp;slovenskom aj ma\u010farskom jazyku, aby ste mohli \u010d\u00edm viacer\u00ed z\u00edskava\u0165 plnomocn\u00e9 odpustky pre du\u0161e v&nbsp;o\u010disci. Vyu\u017eite tento vz\u00e1cny \u010das.<\/p>\n\n\n\n<p>Aj tento t\u00fd\u017ede\u0148 budem spoveda\u0165 od utorka do&nbsp;piatku v\u017edy od 16:00 do 16:50 v&nbsp;Kostolnej pod pr\u00edstre\u0161kom. V tom \u010dase je v kostole ador\u00e1cia. <\/p>\n\n\n\n<p>Po\u010das t\u00fdchto dn\u00ed, ke\u010f viacej nav\u0161tevujeme cintor\u00edny, nezabudnime pre du\u0161e z\u00edskava\u0165 plnomocn\u00e9 odpustky, ktor\u00e9 mo\u017eno privlastni\u0165 du\u0161iam v&nbsp;o\u010distci raz denne, tak ako minul\u00fd rok, po cel\u00fd mesiac november 2021. Okrem n\u00e1v\u0161tevy cintor\u00edna a&nbsp;modlitieb treba by\u0165 v&nbsp;stave posv\u00e4cuj\u00facej milosti, teda by\u0165 po sv\u00e4tej spovedi a&nbsp;vyl\u00fa\u010di\u0165 ak\u00fako\u013evek prip\u00fatanos\u0165 k&nbsp;hriechu, aj k&nbsp;v\u0161edn\u00e9mu. <br><\/p>\n\n\n\n<p>Okrem toho star\u00ed, chor\u00ed a v\u0161etci,&nbsp;ktor\u00ed z v\u00e1\u017enych d\u00f4vodov nem\u00f4\u017eu vych\u00e1dza\u0165 z domu, a to aj z d\u00f4vodu obmedzen\u00ed v \u010dase pand\u00e9mie, m\u00f4\u017eu z\u00edska\u0165 odpustky na dia\u013eku.&nbsp;Sta\u010d\u00ed ak sa v duchu spoja so spolo\u010denstvom Cirkvi, zrieknu sa ak\u00e9hoko\u013evek hriechu s \u00famyslom splni\u0165, akon\u00e1hle to bude mo\u017en\u00e9, tri \u010fal\u0161ie zvy\u010dajn\u00e9 podmienky (sviatostn\u00e1 spove\u010f, sv\u00e4t\u00e9 prij\u00edmanie a modlitba na \u00famysel Sv\u00e4t\u00e9ho Otca) a pred obrazom P\u00e1na Je\u017ei\u0161a alebo Panny M\u00e1rie sa pomodlia zbo\u017ene modlitby za zosnul\u00fdch.<\/p>\n\n\n\n<p>V pondelok, v&nbsp;predve\u010der \u201edu\u0161i\u010diek\u201c bude pobo\u017enos\u0165 na cintor\u00edne: v&nbsp;Kostolnej o&nbsp;15:00 a&nbsp;v&nbsp;Hrubom \u0160\u00fare o 16:00. Na po\u017eiadanie m\u00f4\u017eem po\u017eehna\u0165 nov\u00e9 hroby.<\/p>\n\n\n\n<p>Minulot\u00fd\u017ed\u0148ov\u00e1 zbierka na misie vyniesla v&nbsp;na\u0161ej farnosti spolu 1016,36 \u20ac. Peniaze som e\u0161te v&nbsp;utorok preposlal na dan\u00fd \u00fa\u010det. \u00daprimne \u010fakujem.<\/p>\n\n\n\n<p><b>V na\u0161ich kostoloch si m\u00f4\u017eete zak\u00fapi\u0165 origin\u00e1lnu svie\u010dku (1 \u20ac a 5 \u20ac) s&nbsp;logom kampane a takto podpori\u0165 aktivity zameran\u00e9 na ochranu \u017eivota a rodiny.<\/b> Hlavnou my\u0161lienkou tejto akcie je spoji\u0165 spomienku na v\u0161etk\u00fdch vern\u00fdch zosnul\u00fdch so spomienkou na deti, ktor\u00e9 sa nemohli narodi\u0165, lebo zomreli&nbsp;pri potrate. <\/p>\n\n\n\n<p>Sv\u00e4t\u00e9 om\u0161e v Kostolnej (18:00, 9:30 a 11:00) s\u00fa cez v\u00edkendy a na sviatky na\u010falej nazvu\u010den\u00e9 aj vonku farskom dvore, kde s\u00fa pre v\u00e1s k dispoz\u00edcii lavi\u010dky. <\/p>\n\n\n\n<p>V stredu o 18:00 bude v Kostolnej sv\u00e4t\u00e1 om\u0161a so zrete\u013eom pre deti v ma\u010farskom jazyku. <\/p>\n\n\n\n<p>Parkovanie autami je mo\u017en\u00e9 na farskej z\u00e1hrade s vchodom na konci m\u00faru smerom na Kr\u00e1\u013eov\u00fa. <\/p>\n\n\n\n<p>Som tu pre V\u00c1S! <\/p>\n\n\n\n<p>S \u00factou,<br>Pavol Gajdo\u0161, v\u00e1\u0161 far\u00e1r<\/p>\n\n\n\n<p><br><\/p>\n\t\t\t\t","protected":false},"excerpt":{"rendered":"<p>Je\u017ei\u0161 dnes dostal d\u00f4le\u017eit\u00fa ot\u00e1zku: &#8220;Ktor\u00e9 prik\u00e1zanie je najd\u00f4le\u017eitej\u0161ie?&#8221; On dal dokonal\u00fa odpove\u010f. Ako by sme odpovedali my? Je t\u00e1to odpove\u010f \u010ditate\u013en\u00e1 nielen z na\u0161ich \u00fast, ale aj z na\u0161ich \u017eivotov? Len skuto\u010dn\u00e1 autenticita v t\u00fdchto dvoch oblastiach &#8211; l\u00e1ske k Bohu a \u013eu\u010fom &#8211; z n\u00e1s rob\u00ed kres\u0165anov, ktor\u00ed nielen\u017ee smeruj\u00fa do Neba, ale &#8230; <span class=\"more\"><a class=\"more-link\" href=\"https:\/\/www.farakostolna.sk\/?p=5762\">[\u010c\u00edta\u0165 \u010falej&#8230;]<\/a><\/span><\/p>\n","protected":false},"author":7,"featured_media":5760,"comment_status":"closed","ping_status":"closed","sticky":false,"template":"","format":"standard","meta":{"footnotes":""},"categories":[13],"tags":[],"class_list":{"0":"entry","1":"post","2":"publish","3":"author-slado89gmail-com","4":"has-excerpt","5":"has-more-link","6":"post-5762","8":"format-standard","9":"has-post-thumbnail","10":"category-oznamy"},"_links":{"self":[{"href":"https:\/\/www.farakostolna.sk\/index.php?rest_route=\/wp\/v2\/posts\/5762","targetHints":{"allow":["GET"]}}],"collection":[{"href":"https:\/\/www.farakostolna.sk\/index.php?rest_route=\/wp\/v2\/posts"}],"about":[{"href":"https:\/\/www.farakostolna.sk\/index.php?rest_route=\/wp\/v2\/types\/post"}],"author":[{"embeddable":true,"href":"https:\/\/www.farakostolna.sk\/index.php?rest_route=\/wp\/v2\/users\/7"}],"replies":[{"embeddable":true,"href":"https:\/\/www.farakostolna.sk\/index.php?rest_route=%2Fwp%2Fv2%2Fcomments&post=5762"}],"version-history":[{"count":0,"href":"https:\/\/www.farakostolna.sk\/index.php?rest_route=\/wp\/v2\/posts\/5762\/revisions"}],"wp:featuredmedia":[{"embeddable":true,"href":"https:\/\/www.farakostolna.sk\/index.php?rest_route=\/"}],"wp:attachment":[{"href":"https:\/\/www.farakostolna.sk\/index.php?rest_route=%2Fwp%2Fv2%2Fmedia&parent=5762"}],"wp:term":[{"taxonomy":"category","embeddable":true,"href":"https:\/\/www.farakostolna.sk\/index.php?rest_route=%2Fwp%2Fv2%2Fcategories&post=5762"},{"taxonomy":"post_tag","embeddable":true,"href":"https:\/\/www.farakostolna.sk\/index.php?rest_route=%2Fwp%2Fv2%2Ftags&post=5762"}],"curies":[{"name":"wp","href":"https:\/\/api.w.org\/{rel}","templated":true}]}}