{"id":5756,"date":"2021-10-22T19:59:48","date_gmt":"2021-10-22T19:59:48","guid":{"rendered":"http:\/\/kostolna.fara.sk\/?p=5756"},"modified":"2021-10-22T19:59:48","modified_gmt":"2021-10-22T19:59:48","slug":"farske-oznamy-a-zamyslenie-24-10-2021","status":"publish","type":"post","link":"https:\/\/www.farakostolna.sk\/?p=5756","title":{"rendered":"Farsk\u00e9 oznamy a zamyslenie (24.10.2021)"},"content":{"rendered":"\n\t\t\t\t\n\t\t\t\t\n<div class=\"wp-block-image\"><figure class=\"alignleft is-resized\"><img loading=\"lazy\" decoding=\"async\" src=\"http:\/\/kostolna.fara.sk\/wp-content\/uploads\/2021\/10\/jesus_healing_blind_man-1024x683.jpeg\" alt=\"\" class=\"wp-image-5757\" width=\"438\" height=\"291\"\/><\/figure><\/div>\n\n\n\n<p>&#8220;\u010co chce\u0161, aby som ti urobil?&#8221; (Mk 10,51), pre n\u00e1s sa to zd\u00e1 akoby nezmyseln\u00e1 ot\u00e1zka. Ve\u010f ka\u017ed\u00fd vedel, \u010do ten nevidiaci Bartimej potrebuje. Je\u017ei\u0161 sa ale v skuto\u010dnosti p\u00fdtal nie\u010do in\u00e9. &#8220;D\u00f4veruje\u0161 mi?&#8221; Toto sa p\u00fdta aj n\u00e1s. Nie, \u010di existuje, ale \u010di mu ver\u00edme. A to je ve\u013ek\u00fd rozdiel. Sv\u00e4t\u00e1 Faust\u00edna mu vrav\u00ed: &#8220;Je\u017ei\u0161u, d\u00f4verujem Ti.&#8221; A \u010do my? Kedy sa prehupneme z viery v existenciu Boha k jeho d\u00f4vere &#8211; mo\u017eno niekedy a\u017e slepej?<\/p>\n\n\n<p><!--more--><\/p>\n\n\n<p><strong>Pozvanie na sv\u00e4t\u00e9 om\u0161e:<\/strong><\/p>\n\n\n\n<p><strong>sobota \u2013 23. okt\u00f3bra (s nede\u013enou platnos\u0165ou)<\/strong><\/p>\n\n\n\n<ul class=\"wp-block-list\"><li><strong>16:00 \u2013 Hrub\u00fd \u0160\u00far \u2013 (ma\u010f.)<\/strong><\/li><li><strong>17:00 \u2013 Hrub\u00e1 Bor\u0161a \u2013 (slov.\/ma\u010f.)<\/strong><\/li><li><strong>18:00 \u2013 Kostoln\u00e1 \u2013 (slov.)<\/strong><\/li><\/ul>\n\n\n\n<p><strong>nede\u013ea \u2013 24. okt\u00f3bra<\/strong><\/p>\n\n\n\n<ul class=\"wp-block-list\"><li><strong>7:00 \u2013 Kostoln\u00e1 \u2013 (slov.)<\/strong><\/li><li><strong>8:00 \u2013 Hrub\u00fd \u0160\u00far \u2013 (ma\u010f.)<\/strong><\/li><li><strong>9:30 \u2013 Kostoln\u00e1 \u2013 (ma\u010f.)<\/strong><\/li><li><strong>11:00 \u2013 Kostoln\u00e1 \u2013 (slov.)<\/strong><\/li><\/ul>\n\n\n\n<p>V nedele je sv\u00e4t\u00e1 om\u0161a aj o 7:00 v slovenskom jazyku, na ktor\u00fa osobitne poz\u00fdvam seniorov a t\u00fdch, ktor\u00ed sa ob\u00e1vaj\u00fa o svoj zdravotn\u00fd stav.<\/p>\n\n\n\n<p>Sv\u00e4t\u00e9 om\u0161e v Kostolnej (18:00, 9:30 a 11:00) s\u00fa cez v\u00edkendy nazvu\u010den\u00e9 aj vonku na celom farskom dvore, kde s\u00fa pre v\u00e1s k dispoz\u00edcii lavi\u010dky.<\/p>\n\n\n\n<p>Tento t\u00fd\u017ede\u0148 pre v\u00e1s vysluhujem sviatos\u0165 zmierenia op\u00e4\u0165 v utorok, stredu, \u0161tvrtok a v piatok od 16:00 do 16:50 v Kostolnej na farskom dvore. V tom istom \u010dase je v kostole ador\u00e1cia.<\/p>\n\n\n\n<p>Tento v\u00edkend je zbierka na misie, osobitne pre Ke\u0148u.<\/p>\n\n\n\n<p>Parkovanie autami je mo\u017en\u00e9 na farskej z\u00e1hrade s vchodom na konci m\u00faru smerom na Kr\u00e1\u013eov\u00fa.<\/p>\n\n\n\n<p>Som tu pre V\u00c1S!<\/p>\n\n\n\n<p>S \u00factou,<br>Pavol Gajdo\u0161, v\u00e1\u0161 far\u00e1r\n\n<\/p>\n\t\t\t\t","protected":false},"excerpt":{"rendered":"<p>&#8220;\u010co chce\u0161, aby som ti urobil?&#8221; (Mk 10,51), pre n\u00e1s sa to zd\u00e1 akoby nezmyseln\u00e1 ot\u00e1zka. Ve\u010f ka\u017ed\u00fd vedel, \u010do ten nevidiaci Bartimej potrebuje. Je\u017ei\u0161 sa ale v skuto\u010dnosti p\u00fdtal nie\u010do in\u00e9. &#8220;D\u00f4veruje\u0161 mi?&#8221; Toto sa p\u00fdta aj n\u00e1s. Nie, \u010di existuje, ale \u010di mu ver\u00edme. A to je ve\u013ek\u00fd rozdiel. Sv\u00e4t\u00e1 Faust\u00edna mu vrav\u00ed: &#8230; <span class=\"more\"><a class=\"more-link\" href=\"https:\/\/www.farakostolna.sk\/?p=5756\">[\u010c\u00edta\u0165 \u010falej&#8230;]<\/a><\/span><\/p>\n","protected":false},"author":7,"featured_media":5757,"comment_status":"closed","ping_status":"closed","sticky":false,"template":"","format":"standard","meta":{"footnotes":""},"categories":[13],"tags":[],"class_list":{"0":"entry","1":"post","2":"publish","3":"author-slado89gmail-com","4":"has-excerpt","5":"has-more-link","6":"post-5756","8":"format-standard","9":"has-post-thumbnail","10":"category-oznamy"},"_links":{"self":[{"href":"https:\/\/www.farakostolna.sk\/index.php?rest_route=\/wp\/v2\/posts\/5756","targetHints":{"allow":["GET"]}}],"collection":[{"href":"https:\/\/www.farakostolna.sk\/index.php?rest_route=\/wp\/v2\/posts"}],"about":[{"href":"https:\/\/www.farakostolna.sk\/index.php?rest_route=\/wp\/v2\/types\/post"}],"author":[{"embeddable":true,"href":"https:\/\/www.farakostolna.sk\/index.php?rest_route=\/wp\/v2\/users\/7"}],"replies":[{"embeddable":true,"href":"https:\/\/www.farakostolna.sk\/index.php?rest_route=%2Fwp%2Fv2%2Fcomments&post=5756"}],"version-history":[{"count":0,"href":"https:\/\/www.farakostolna.sk\/index.php?rest_route=\/wp\/v2\/posts\/5756\/revisions"}],"wp:featuredmedia":[{"embeddable":true,"href":"https:\/\/www.farakostolna.sk\/index.php?rest_route=\/"}],"wp:attachment":[{"href":"https:\/\/www.farakostolna.sk\/index.php?rest_route=%2Fwp%2Fv2%2Fmedia&parent=5756"}],"wp:term":[{"taxonomy":"category","embeddable":true,"href":"https:\/\/www.farakostolna.sk\/index.php?rest_route=%2Fwp%2Fv2%2Fcategories&post=5756"},{"taxonomy":"post_tag","embeddable":true,"href":"https:\/\/www.farakostolna.sk\/index.php?rest_route=%2Fwp%2Fv2%2Ftags&post=5756"}],"curies":[{"name":"wp","href":"https:\/\/api.w.org\/{rel}","templated":true}]}}