{"id":5750,"date":"2021-10-15T21:15:15","date_gmt":"2021-10-15T21:15:15","guid":{"rendered":"http:\/\/kostolna.fara.sk\/?p=5750"},"modified":"2021-10-15T21:15:15","modified_gmt":"2021-10-15T21:15:15","slug":"farske-oznamy-a-zamyslenie-17-10-2021","status":"publish","type":"post","link":"https:\/\/www.farakostolna.sk\/?p=5750","title":{"rendered":"Farsk\u00e9 oznamy a zamyslenie (17.10.2021)"},"content":{"rendered":"\n\t\t\t\t\n\t\t\t\t\n<div class=\"wp-block-image\"><figure class=\"alignleft is-resized\"><img loading=\"lazy\" decoding=\"async\" src=\"http:\/\/kostolna.fara.sk\/wp-content\/uploads\/2021\/10\/WhatsApp-Image-2021-10-15-at-22.32.41-1024x682.jpeg\" alt=\"\" class=\"wp-image-5751\" width=\"451\" height=\"300\"\/><\/figure><\/div>\n\n\n\n<p>\u010co by sme si vyp\u00fdtali od Je\u017ei\u0161a? Najsk\u00f4r by sme brali azda zdravie, kr\u00e1su, peniaze\u2026 Potom mo\u017eno m\u00fadros\u0165, moc\u2026<br>Niektor\u00e9 z darov n\u00e1m Je\u017ei\u0161 aj d\u00e1, ale aby n\u00e1m neubl\u00ed\u017eili, musia sl\u00fa\u017ei\u0165 in\u00fdm. Aj v tomto je n\u00e1m s\u00e1m vzorom. Boh chce n\u00e1s a cez n\u00e1s aj in\u00fdch dosta\u0165 k sebe. A to je viac, ako ak\u00fdko\u013evek dar.<\/p>\n\n\n<p><!--more--><\/p>\n\n\n<p><strong>Pozvanie na sv\u00e4t\u00e9 om\u0161e:<\/strong><\/p>\n\n\n\n<p><strong>sobota \u2013 16. okt\u00f3bra (s nede\u013enou platnos\u0165ou)<\/strong><\/p>\n\n\n\n<ul class=\"wp-block-list\"><li><strong>16:00 \u2013 Hrub\u00fd \u0160\u00far \u2013 (ma\u010f.)<\/strong><\/li><li><strong>17:00 \u2013 Hrub\u00e1 Bor\u0161a \u2013 (slov.\/ma\u010f.)<\/strong><\/li><li><strong>18:00 \u2013 Kostoln\u00e1 \u2013 (slov.)<\/strong><\/li><\/ul>\n\n\n\n<p><strong>nede\u013ea \u2013 17. okt\u00f3bra <\/strong><\/p>\n\n\n\n<ul class=\"wp-block-list\"><li><strong> 7:00 \u2013 Kostoln\u00e1 \u2013 (slov.)<\/strong><\/li><li><strong>8:00 \u2013 Hrub\u00fd \u0160\u00far \u2013 (ma\u010f.)<\/strong><\/li><li><strong>9:30 \u2013 Kostoln\u00e1 \u2013 (ma\u010f.)<\/strong><\/li><li><strong>11:00 \u2013 Kostoln\u00e1 \u2013 (slov.)<\/strong><\/li><\/ul>\n\n\n\n<p>V nedele je sv\u00e4t\u00e1 om\u0161a aj o 7:00 v slovenskom jazyku, na ktor\u00fa osobitne poz\u00fdvam seniorov a t\u00fdch, ktor\u00ed sa ob\u00e1vaj\u00fa o svoj zdravotn\u00fd stav.<\/p>\n\n\n\n<p>Sv\u00e4t\u00e9 om\u0161e v Kostolnej (18:00, 9:30 a 11:00) s\u00fa cez v\u00edkendy nazvu\u010den\u00e9 aj vonku na celom farskom dvore, kde s\u00fa pre v\u00e1s k dispoz\u00edcii lavi\u010dky. <\/p>\n\n\n\n<p>Tento t\u00fd\u017ede\u0148 pre v\u00e1s vysluhujem sviatos\u0165 zmierenia v utorok, stredu, \u0161tvrtok a v piatok od 16:00 do 16:50 v Kostolnej na farskom dvore. V tom istom \u010dase je v kostole ador\u00e1cia.<\/p>\n\n\n\n<p>Minulot\u00fd\u017ed\u0148ov\u00e1 zbierka pre chudobn\u00fdch na Kube vyniesla v na\u0161ej farnosti spolu 622 \u20ac. <strong>Tento v\u00edkend je v na\u0161ej farnosti mesa\u010dn\u00e1 zbierka na opravu farsk\u00e9ho kostola a prev\u00e1dzkov\u00e9 n\u00e1klady farnosti. <\/strong>O t\u00fd\u017ede\u0148 bude zbierka na misie, osobitne pre Ke\u0148u. Viem, \u017ee je t\u00fdch zbierok tentoraz akosi viac, napriek tomu som v\u010fa\u010dn\u00fd za ka\u017ed\u00fa nezi\u0161tn\u00fa pomoc. <\/p>\n\n\n\n<p>Parkovanie autami je mo\u017en\u00e9 na farskej z\u00e1hrade s vchodom na konci m\u00faru smerom na Kr\u00e1\u013eov\u00fa. <\/p>\n\n\n\n<p>Som tu pre V\u00c1S! <\/p>\n\n\n\n<p>S \u00factou,<br>Pavol Gajdo\u0161, v\u00e1\u0161 far\u00e1r<\/p>\n\t\t\t\t","protected":false},"excerpt":{"rendered":"<p>\u010co by sme si vyp\u00fdtali od Je\u017ei\u0161a? Najsk\u00f4r by sme brali azda zdravie, kr\u00e1su, peniaze\u2026 Potom mo\u017eno m\u00fadros\u0165, moc\u2026Niektor\u00e9 z darov n\u00e1m Je\u017ei\u0161 aj d\u00e1, ale aby n\u00e1m neubl\u00ed\u017eili, musia sl\u00fa\u017ei\u0165 in\u00fdm. Aj v tomto je n\u00e1m s\u00e1m vzorom. Boh chce n\u00e1s a cez n\u00e1s aj in\u00fdch dosta\u0165 k sebe. A to je viac, ako &#8230; <span class=\"more\"><a class=\"more-link\" href=\"https:\/\/www.farakostolna.sk\/?p=5750\">[\u010c\u00edta\u0165 \u010falej&#8230;]<\/a><\/span><\/p>\n","protected":false},"author":7,"featured_media":5751,"comment_status":"closed","ping_status":"closed","sticky":false,"template":"","format":"standard","meta":{"footnotes":""},"categories":[13],"tags":[],"class_list":{"0":"entry","1":"post","2":"publish","3":"author-slado89gmail-com","4":"has-excerpt","5":"has-more-link","6":"post-5750","8":"format-standard","9":"has-post-thumbnail","10":"category-oznamy"},"_links":{"self":[{"href":"https:\/\/www.farakostolna.sk\/index.php?rest_route=\/wp\/v2\/posts\/5750","targetHints":{"allow":["GET"]}}],"collection":[{"href":"https:\/\/www.farakostolna.sk\/index.php?rest_route=\/wp\/v2\/posts"}],"about":[{"href":"https:\/\/www.farakostolna.sk\/index.php?rest_route=\/wp\/v2\/types\/post"}],"author":[{"embeddable":true,"href":"https:\/\/www.farakostolna.sk\/index.php?rest_route=\/wp\/v2\/users\/7"}],"replies":[{"embeddable":true,"href":"https:\/\/www.farakostolna.sk\/index.php?rest_route=%2Fwp%2Fv2%2Fcomments&post=5750"}],"version-history":[{"count":0,"href":"https:\/\/www.farakostolna.sk\/index.php?rest_route=\/wp\/v2\/posts\/5750\/revisions"}],"wp:featuredmedia":[{"embeddable":true,"href":"https:\/\/www.farakostolna.sk\/index.php?rest_route=\/"}],"wp:attachment":[{"href":"https:\/\/www.farakostolna.sk\/index.php?rest_route=%2Fwp%2Fv2%2Fmedia&parent=5750"}],"wp:term":[{"taxonomy":"category","embeddable":true,"href":"https:\/\/www.farakostolna.sk\/index.php?rest_route=%2Fwp%2Fv2%2Fcategories&post=5750"},{"taxonomy":"post_tag","embeddable":true,"href":"https:\/\/www.farakostolna.sk\/index.php?rest_route=%2Fwp%2Fv2%2Ftags&post=5750"}],"curies":[{"name":"wp","href":"https:\/\/api.w.org\/{rel}","templated":true}]}}