{"id":5745,"date":"2021-10-08T20:14:50","date_gmt":"2021-10-08T20:14:50","guid":{"rendered":"http:\/\/kostolna.fara.sk\/?p=5745"},"modified":"2021-10-08T20:14:50","modified_gmt":"2021-10-08T20:14:50","slug":"farske-oznamy-a-zamyslenie-10-10-2021","status":"publish","type":"post","link":"https:\/\/www.farakostolna.sk\/?p=5745","title":{"rendered":"Farsk\u00e9 oznamy a zamyslenie (10.10.2021)"},"content":{"rendered":"\n\t\t\t\t\n\t\t\t\t\n<div class=\"wp-block-image\"><figure class=\"alignleft is-resized\"><img loading=\"lazy\" decoding=\"async\" src=\"http:\/\/kostolna.fara.sk\/wp-content\/uploads\/2021\/10\/jesus_rich_young_man-1024x683.jpeg\" alt=\"\" class=\"wp-image-5746\" width=\"492\" height=\"327\"\/><\/figure><\/div>\n\n\n\n<p>\u201eCho\u010f, rozdaj \u010do m\u00e1\u0161 a potom ma nasleduj\u201c. Tak\u00fato \u201eopov\u00e1\u017elivos\u0165\u201c si dovol\u00ed iba Boh. Mo\u017eno sme vz\u0165ah s Bohom zobrali z opa\u010dn\u00e9ho konca \u2013 d\u00e1vame mu \u201emajetok\u201c, desiatky, almu\u017eny, slu\u017ebu, ale na Desatoro a na\u0161e srdce sme zabudli. Tak, \u010di onak, Boh chce od n\u00e1s \u00faplne v\u0161etko, aby sme mali srdce a aj ruky pripraven\u00e9 na Jeho dary. V opa\u010dnom pr\u00edpade by sme ich nemali ako prija\u0165.<\/p>\n\n\n<p><!--more--><\/p>\n\n\n<p><strong>Pozvanie na sv\u00e4t\u00e9 om\u0161e:<\/strong><\/p>\n\n\n\n<p><strong>sobota \u2013 9. okt\u00f3bra (s nede\u013enou platnos\u0165ou)<\/strong><\/p>\n\n\n\n<ul class=\"wp-block-list\"><li><strong>16:00 \u2013 Hrub\u00fd \u0160\u00far \u2013 (ma\u010f.)<\/strong><\/li><li><strong>17:00 \u2013 Hrub\u00e1 Bor\u0161a \u2013 (slov.\/ma\u010f.)<\/strong><\/li><li><strong>18:00 \u2013 Kostoln\u00e1 \u2013 (slov.)<\/strong><\/li><\/ul>\n\n\n\n<p><strong>nede\u013ea \u2013 10. okt\u00f3bra <\/strong><\/p>\n\n\n\n<ul class=\"wp-block-list\"><li><strong>7:00 \u2013 Kostoln\u00e1 \u2013 (slov.)<\/strong><\/li><li><strong>8:00 \u2013 Hrub\u00fd \u0160\u00far \u2013 (ma\u010f.)<\/strong><\/li><li><strong>9:30 \u2013 Kostoln\u00e1 \u2013 (ma\u010f.)<\/strong><\/li><li><strong>11:00 \u2013 Kostoln\u00e1 \u2013 (slov.)<\/strong><\/li><\/ul>\n\n\n\n<p>V nedele je sv\u00e4t\u00e1 om\u0161a aj o 7:00 v slovenskom jazyku. Chodieva na \u0148u najmenej \u013eud\u00ed; osobitne poz\u00fdvam seniorov a t\u00fdch, ktor\u00ed sa ob\u00e1vaj\u00fa o svoj zdravotn\u00fd stav.<\/p>\n\n\n\n<p>Sv\u00e4t\u00e9 om\u0161e v Kostolnej (18:00, 9:30 a 11:00) s\u00fa cez v\u00edkendy nazvu\u010den\u00e9 aj vonku na celom farskom dvore, kde s\u00fa pre v\u00e1s k dispoz\u00edcii lavi\u010dky.<\/p>\n\n\n\n<p>Tento t\u00fd\u017ede\u0148 pre v\u00e1s vysluhujem sviatos\u0165 zmierenia v stredu, \u0161tvrtok a v piatok od 16:00 do 16:50 v Kostolnej na farskom dvore. V tom istom \u010dase je v kostole ador\u00e1cia.<\/p>\n\n\n\n<p><strong>V t\u00fato nede\u013eu bud\u00fa v Kostolnej predstaven\u00e9 deti, ktor\u00e9 za\u010d\u00ednaj\u00fa v na\u0161ej farnosti pr\u00edpravu na prv\u00e9 sv\u00e4t\u00e9 prij\u00edmanie (na sv. om\u0161i o 9:30 ma\u010farskej a o 11:00 slovenskej n\u00e1rodnosti). Deti bud\u00fa ma\u0165 pripraven\u00e9 osobitn\u00e9 stoli\u010dky v strede kostola. <\/strong><\/p>\n\n\n\n<p>V piatok (15.10.) bude v Kostolnej od 19:00 modlitba chv\u00e1l. V\u0161etci sme pozvan\u00ed. <\/p>\n\n\n\n<p>Tento v\u00edkend (s dvojt\u00fd\u017ed\u0148ov\u00fdm ome\u0161kan\u00edm) je v\u00a0na\u0161ej farnosti zbierka na pomoc pre chudobn\u00fdch na Kube. <br>Bud\u00faci v\u00edkend bude pravideln\u00e1 mesa\u010dn\u00e1 zbierka na opravu kostola. Ve\u013ek\u00e1 v\u010faka.<\/p>\n\n\n\n<p>Parkovanie autami je mo\u017en\u00e9 na farskej z\u00e1hrade s vchodom na konci m\u00faru smerom na Kr\u00e1\u013eov\u00fa. <\/p>\n\n\n\n<p>Te\u0161\u00edme sa na V\u00c1S! <\/p>\n\n\n\n<p>S \u00factou,<br>Pavol Gajdo\u0161, v\u00e1\u0161 far\u00e1r<\/p>\n\t\t\t\t","protected":false},"excerpt":{"rendered":"<p>\u201eCho\u010f, rozdaj \u010do m\u00e1\u0161 a potom ma nasleduj\u201c. Tak\u00fato \u201eopov\u00e1\u017elivos\u0165\u201c si dovol\u00ed iba Boh. Mo\u017eno sme vz\u0165ah s Bohom zobrali z opa\u010dn\u00e9ho konca \u2013 d\u00e1vame mu \u201emajetok\u201c, desiatky, almu\u017eny, slu\u017ebu, ale na Desatoro a na\u0161e srdce sme zabudli. Tak, \u010di onak, Boh chce od n\u00e1s \u00faplne v\u0161etko, aby sme mali srdce a aj ruky pripraven\u00e9 &#8230; <span class=\"more\"><a class=\"more-link\" href=\"https:\/\/www.farakostolna.sk\/?p=5745\">[\u010c\u00edta\u0165 \u010falej&#8230;]<\/a><\/span><\/p>\n","protected":false},"author":7,"featured_media":5746,"comment_status":"closed","ping_status":"closed","sticky":false,"template":"","format":"standard","meta":{"footnotes":""},"categories":[13],"tags":[],"class_list":{"0":"entry","1":"post","2":"publish","3":"author-slado89gmail-com","4":"has-excerpt","5":"has-more-link","6":"post-5745","8":"format-standard","9":"has-post-thumbnail","10":"category-oznamy"},"_links":{"self":[{"href":"https:\/\/www.farakostolna.sk\/index.php?rest_route=\/wp\/v2\/posts\/5745","targetHints":{"allow":["GET"]}}],"collection":[{"href":"https:\/\/www.farakostolna.sk\/index.php?rest_route=\/wp\/v2\/posts"}],"about":[{"href":"https:\/\/www.farakostolna.sk\/index.php?rest_route=\/wp\/v2\/types\/post"}],"author":[{"embeddable":true,"href":"https:\/\/www.farakostolna.sk\/index.php?rest_route=\/wp\/v2\/users\/7"}],"replies":[{"embeddable":true,"href":"https:\/\/www.farakostolna.sk\/index.php?rest_route=%2Fwp%2Fv2%2Fcomments&post=5745"}],"version-history":[{"count":0,"href":"https:\/\/www.farakostolna.sk\/index.php?rest_route=\/wp\/v2\/posts\/5745\/revisions"}],"wp:featuredmedia":[{"embeddable":true,"href":"https:\/\/www.farakostolna.sk\/index.php?rest_route=\/"}],"wp:attachment":[{"href":"https:\/\/www.farakostolna.sk\/index.php?rest_route=%2Fwp%2Fv2%2Fmedia&parent=5745"}],"wp:term":[{"taxonomy":"category","embeddable":true,"href":"https:\/\/www.farakostolna.sk\/index.php?rest_route=%2Fwp%2Fv2%2Fcategories&post=5745"},{"taxonomy":"post_tag","embeddable":true,"href":"https:\/\/www.farakostolna.sk\/index.php?rest_route=%2Fwp%2Fv2%2Ftags&post=5745"}],"curies":[{"name":"wp","href":"https:\/\/api.w.org\/{rel}","templated":true}]}}