{"id":5733,"date":"2021-10-01T20:38:29","date_gmt":"2021-10-01T20:38:29","guid":{"rendered":"http:\/\/kostolna.fara.sk\/?p=5733"},"modified":"2021-10-01T20:38:29","modified_gmt":"2021-10-01T20:38:29","slug":"farske-oznamy-a-zamyslenie-03-10-2021","status":"publish","type":"post","link":"https:\/\/www.farakostolna.sk\/?p=5733","title":{"rendered":"Farsk\u00e9 oznamy a zamyslenie (03.10.2021)"},"content":{"rendered":"\n\t\t\t\t\n\t\t\t\t\n<div class=\"wp-block-image\"><figure class=\"alignleft is-resized\"><img loading=\"lazy\" decoding=\"async\" src=\"http:\/\/kostolna.fara.sk\/wp-content\/uploads\/2021\/10\/WhatsApp-Image-2021-10-01-at-22.23.18-1024x683.jpeg\" alt=\"\" class=\"wp-image-5734\" width=\"444\" height=\"295\"\/><\/figure><\/div>\n\n\n\n<p>Ke\u010f nie sebe, tak de\u0165om sa sna\u017e\u00edme da\u0165 maximum &#8211; najlep\u0161ie jedlo, oble\u010denie, vzdelanie\u2026 Je\u017ei\u0161 im v\u0161ak d\u00e1va nie\u010do viac. Vyzdvihuje ich a ich otvorenos\u0165 d\u00e1va za pr\u00edklad na ceste do Neba. Pridajme k t\u00fdm maxim\u00e1m pre na\u0161e deti duchovn\u00e9 naplnenie, ktor\u00e9 bude pre nich najv\u00e4\u010d\u0161ou dev\u00edzou.<\/p>\n\n\n<p><!--more--><\/p>\n\n\n<p><strong>Pozvanie na sv\u00e4t\u00e9 om\u0161e:<\/strong><\/p>\n\n\n\n<p><strong>sobota \u2013 2. okt\u00f3bra (s nede\u013enou platnos\u0165ou)<\/strong><\/p>\n\n\n\n<ul class=\"wp-block-list\"><li><strong>16:00 \u2013 Hrub\u00fd \u0160\u00far \u2013 (ma\u010f.)<\/strong><\/li><li><strong>17:00 \u2013 Hrub\u00e1 Bor\u0161a \u2013 (slov.\/ma\u010f.)<\/strong><\/li><li><strong>18:00 \u2013 Kostoln\u00e1 \u2013 (slov.)<\/strong><\/li><\/ul>\n\n\n\n<p><strong>nede\u013ea \u2013 3. okt\u00f3bra <\/strong><\/p>\n\n\n\n<ul class=\"wp-block-list\"><li><strong>7:00 \u2013 Kostoln\u00e1 \u2013 (slov.)<\/strong><\/li><li><strong>8:00 \u2013 Hrub\u00fd \u0160\u00far \u2013 (ma\u010f.)<\/strong><\/li><li><strong>9:30 \u2013 Kostoln\u00e1 \u2013 (ma\u010f.)<\/strong><\/li><li><strong>11:00 \u2013 Kostoln\u00e1 \u2013 (slov.)<\/strong><\/li><\/ul>\n\n\n\n<p>A\u017e do odvolania bud\u00fa v nedele sv\u00e4t\u00e9 om\u0161e aj o 7:00 v slovenskom jazyku. Chodieva na \u0148u najmenej \u013eud\u00ed, preto poz\u00fdvam seniorov a t\u00fdch, ktor\u00ed sa ob\u00e1vaj\u00fa o svoj zdravotn\u00fd stav.<\/p>\n\n\n\n<p>V pr\u00edpade dobr\u00e9ho po\u010dasia s\u00fa sv\u00e4t\u00e9 om\u0161e v Kostolnej vonku na farskom dvore. Av\u0161ak v\u017edy s\u00fa pre v\u00e1s k dispoz\u00edcii aj vonku lavi\u010dky, ako i ozvu\u010denie cel\u00e9ho dvora. <\/p>\n\n\n\n<p>Tento t\u00fd\u017ede\u0148 pre v\u00e1s vysluhujem sviatos\u0165 zmierenia v utorok, stredu, \u0161tvrtok a v piatok od 16:00 do 16:50 v Kostolnej pod pr\u00edstre\u0161kom na farskom dvore. <\/p>\n\n\n\n<p>Ador\u00e1cia bude od utorka do piatku v kostole od 16:00 do 17:00.<\/p>\n\n\n\n<p>Prihl\u00e1\u0161ky na prv\u00e9 sv\u00e4t\u00e9 prij\u00edmanie (s\u00fa na farskej str\u00e1nke <a href=\"https:\/\/docs.google.com\/document\/d\/1Ng7GZuO7s-wHPqPcccey7mMqlQ949kqjoi8a2ZdduJs\/edit?usp=sharing\">www.kostolna.fara.sk<\/a>, alebo v sakristii) treba odovzda\u0165 u\u017e teraz v nede\u013eu (3. okt\u00f3bra) do po\u0161tovej schr\u00e1nky.<\/p>\n\n\n\n<p>Na bud\u00facu nede\u013eu (s dvojt\u00fd\u017ed\u0148ov\u00fdm ome\u0161kan\u00edm) bude v&nbsp;na\u0161ej farnosti zbierka na pomoc pre chudobn\u00fdch na Kube. Ve\u013ek\u00e1 v\u010faka.<\/p>\n\n\n\n<p>V uplynul\u00fdch d\u0148och ste si mohli n\u00e1js\u0165 vo svojich po\u0161tov\u00fdch schr\u00e1nkach na\u0161e Farsk\u00e9 noviny. V\u0161etk\u00fdm, ktor\u00ed sa podie\u013eali na jeho tvorbe a roznosen\u00ed \u00faprimne \u010fakujem. Svoj pr\u00edpadn\u00fd milodar m\u00f4\u017eete vhodi\u0165 kedyko\u013evek do pokladni\u010dky na noviny. Noviny s\u00fa pre v\u00e1s k dispoz\u00edcii aj vzadu v kostole. <\/p>\n\n\n\n<p><strong>V t\u00fato nede\u013eu m\u00e1me v&nbsp;Kostolnej farsk\u00e9 hody. Sl\u00e1vnostn\u00fdm kazate\u013eom (na 9:30 a 11:00) je vdp. Jozef Vadkerti, dekan-far\u00e1r z Podunajsk\u00fdch Biskup\u00edc. Na sv\u00e4t\u00fdch om\u0161iach spieva kapela Crux a zbor Nebesk\u00e1 Rosa. Po sv. om\u0161iach v Kostolnej bude hodov\u00e1 ofera. Vopred \u010fakujem. \u00daprimne \u010fakujem v\u0161etk\u00fdm za ak\u00fako\u013evek pomoc pri pr\u00edprave d\u00f4stojnej oslavy. Po sv. om\u0161iach v Kostolnej v nede\u013eu v\u0161etk\u00fdch poz\u00fdvam na poh\u00e1rik chutn\u00e9ho grinavsk\u00e9ho bur\u010diaku, deti a&nbsp;\u0161of\u00e9rov na sladk\u00fd mu\u0161t. <\/strong><\/p>\n\n\n\n<p>Parkovanie autami je mo\u017en\u00e9 na farskej z\u00e1hrade s vchodom na konci m\u00faru smerom na Kr\u00e1\u013eov\u00fa. <\/p>\n\n\n\n<p>Som tu pre V\u00c1S! <\/p>\n\n\n\n<p>S \u00factou,<br>Pavol Gajdo\u0161, v\u00e1\u0161 far\u00e1r<\/p>\n\t\t\t\t","protected":false},"excerpt":{"rendered":"<p>Ke\u010f nie sebe, tak de\u0165om sa sna\u017e\u00edme da\u0165 maximum &#8211; najlep\u0161ie jedlo, oble\u010denie, vzdelanie\u2026 Je\u017ei\u0161 im v\u0161ak d\u00e1va nie\u010do viac. Vyzdvihuje ich a ich otvorenos\u0165 d\u00e1va za pr\u00edklad na ceste do Neba. Pridajme k t\u00fdm maxim\u00e1m pre na\u0161e deti duchovn\u00e9 naplnenie, ktor\u00e9 bude pre nich najv\u00e4\u010d\u0161ou dev\u00edzou.<\/p>\n","protected":false},"author":7,"featured_media":5734,"comment_status":"closed","ping_status":"closed","sticky":false,"template":"","format":"standard","meta":{"footnotes":""},"categories":[13],"tags":[],"class_list":{"0":"entry","1":"post","2":"publish","3":"author-slado89gmail-com","4":"has-excerpt","5":"has-more-link","6":"post-5733","8":"format-standard","9":"has-post-thumbnail","10":"category-oznamy"},"_links":{"self":[{"href":"https:\/\/www.farakostolna.sk\/index.php?rest_route=\/wp\/v2\/posts\/5733","targetHints":{"allow":["GET"]}}],"collection":[{"href":"https:\/\/www.farakostolna.sk\/index.php?rest_route=\/wp\/v2\/posts"}],"about":[{"href":"https:\/\/www.farakostolna.sk\/index.php?rest_route=\/wp\/v2\/types\/post"}],"author":[{"embeddable":true,"href":"https:\/\/www.farakostolna.sk\/index.php?rest_route=\/wp\/v2\/users\/7"}],"replies":[{"embeddable":true,"href":"https:\/\/www.farakostolna.sk\/index.php?rest_route=%2Fwp%2Fv2%2Fcomments&post=5733"}],"version-history":[{"count":0,"href":"https:\/\/www.farakostolna.sk\/index.php?rest_route=\/wp\/v2\/posts\/5733\/revisions"}],"wp:featuredmedia":[{"embeddable":true,"href":"https:\/\/www.farakostolna.sk\/index.php?rest_route=\/"}],"wp:attachment":[{"href":"https:\/\/www.farakostolna.sk\/index.php?rest_route=%2Fwp%2Fv2%2Fmedia&parent=5733"}],"wp:term":[{"taxonomy":"category","embeddable":true,"href":"https:\/\/www.farakostolna.sk\/index.php?rest_route=%2Fwp%2Fv2%2Fcategories&post=5733"},{"taxonomy":"post_tag","embeddable":true,"href":"https:\/\/www.farakostolna.sk\/index.php?rest_route=%2Fwp%2Fv2%2Ftags&post=5733"}],"curies":[{"name":"wp","href":"https:\/\/api.w.org\/{rel}","templated":true}]}}